{"id":141468,"date":"2026-01-13T20:29:09","date_gmt":"2026-01-13T20:29:09","guid":{"rendered":"https:\/\/www.europesays.com\/fi\/141468\/"},"modified":"2026-01-13T20:29:09","modified_gmt":"2026-01-13T20:29:09","slug":"russon-veljekset-tekivat-jymypaljastuksen-neljasta-avengers-doomsday-trailerista-pankaa-merkille","status":"publish","type":"post","link":"https:\/\/www.europesays.com\/fi\/141468\/","title":{"rendered":"Russon veljekset tekiv\u00e4t jymypaljastuksen nelj\u00e4st\u00e4 Avengers: Doomsday -trailerista: \u201dPankaa merkille!\u201d"},"content":{"rendered":"<p>Viimeisin lyhyt Avengers: Doomsday -traileri julkaistiin juuri, ja heti niiden per\u00e4\u00e4n ilmestyi viesti ohjaajaveljeksilt\u00e4.<\/p>\n<p><strong>Russon <\/strong>veljekset laittoivat kryptisen viestin Instagramiin.<\/p>\n<p>Lue my\u00f6s: <a href=\"https:\/\/www.episodi.fi\/uutiset\/neljas-avengers-doomsdayn-traileri-on-nyt-ulkona-mukana-wakandalaisia-seka-tuttu-hahmo-vieraasta-universumista\/\" title=\"Nelj\u00e4s Avengers: Doomsdayn traileri on nyt ulkona \u2013 mukana wakandalaisia sek\u00e4 tuttu hahmo vieraasta universumista\" class=\"underline-custom !font-montserrat !font-bold !underline-offset-4 !decoration-4 !decoration-episodi-blue !text-md\" rel=\"nofollow noopener\" target=\"_blank\">Nelj\u00e4s Avengers: Doomsdayn traileri on nyt ulkona \u2013 mukana wakandalaisia sek\u00e4 tuttu hahmo vieraasta universumista<\/a><\/p>\n<p>Lue my\u00f6s: <a href=\"https:\/\/www.episodi.fi\/uutiset\/naytteleeko-stranger-things-stara-tata-ryhma-xn-tarkeaa-hahmoa\/\" title=\"N\u00e4ytteleek\u00f6 Stranger Things -stara t\u00e4t\u00e4 Ryhm\u00e4-X:n t\u00e4rke\u00e4\u00e4 hahmoa?\" class=\"underline-custom !font-montserrat !font-bold !underline-offset-4 !decoration-4 !decoration-episodi-blue !text-md\" rel=\"nofollow noopener\" target=\"_blank\">N\u00e4ytteleek\u00f6 Stranger Things -stara t\u00e4t\u00e4 Ryhm\u00e4-X:n t\u00e4rke\u00e4\u00e4 hahmoa?<\/a><\/p>\n<p>\u2013 Pankaa merkille! Ne, mit\u00e4 olette n\u00e4hneet viimeisen nelj\u00e4n viikon ajan, eiv\u00e4t ole teasereit\u00e4. Tai trailereita. Ne ovat tarinoita. Ne ovat vihjeit\u00e4. Olkaa tarkkana.<\/p>\n<p>Ensimm\u00e4isess\u00e4 videossa n\u00e4hd\u00e4\u00e4n Steve Rogers ja h\u00e4nen pieni poikavauvansa.<\/p>\n<p>Toisessa n\u00e4hd\u00e4\u00e4n Thor adoptiotytt\u00e4rens\u00e4 Loven kanssa. Thor rukoilee is\u00e4\u00e4ns\u00e4 Odinia.<\/p>\n<p>Ryhm\u00e4-X:n trailerilla n\u00e4hd\u00e4\u00e4n Professori X, Magneto ja Kyklooppi raunioituneessa X-kartanossa. Sentinelit ovat viimeistelem\u00e4ss\u00e4 teht\u00e4v\u00e4\u00e4ns\u00e4.<\/p>\n<p>Uusimmalla videolla Ben Grimm tapaa Black Pantherin ja M\u2019Bakun. My\u00f6s Namor ja Namora vilahtavat ruudulla.<\/p>\n<p>Nyt fanien pit\u00e4\u00e4 sitten selvitt\u00e4\u00e4 miten trailerit liittyv\u00e4t toisiinsa, ja mink\u00e4 tarinan ne kertovat.<\/p>\n<p>Mit\u00e4 jos n\u00e4m\u00e4 p\u00e4tk\u00e4t eiv\u00e4t edes ole Avengers: Doomsdaysta? Ehk\u00e4 vihje liittyy lopun Avengers-logoon, jossa n\u00e4hd\u00e4\u00e4n mystisi\u00e4 riimuja.<\/p>\n<p>Alla trailerit.<\/p>\n<p><img loading=\"lazy\" decoding=\"async\" alt=\"YouTube video\" width=\"480\" height=\"360\" data-pin-nopin=\"true\" nopin=\"nopin\" class=\"perfmatters-lazy\" src=\"https:\/\/www.europesays.com\/fi\/wp-content\/uploads\/2026\/01\/1768336147_8_hqdefault.jpg\"\/><\/p>\n<p><img loading=\"lazy\" decoding=\"async\" alt=\"YouTube video\" width=\"480\" height=\"360\" data-pin-nopin=\"true\" nopin=\"nopin\" class=\"perfmatters-lazy\" src=\"https:\/\/www.europesays.com\/fi\/wp-content\/uploads\/2026\/01\/1768336148_145_hqdefault.jpg\"\/><\/p>\n<p><img loading=\"lazy\" decoding=\"async\" alt=\"YouTube video\" width=\"480\" height=\"360\" data-pin-nopin=\"true\" nopin=\"nopin\" class=\"perfmatters-lazy\" src=\"https:\/\/www.europesays.com\/fi\/wp-content\/uploads\/2026\/01\/1768336148_692_hqdefault.jpg\"\/><\/p>\n<p><img loading=\"lazy\" decoding=\"async\" alt=\"YouTube video\" width=\"480\" height=\"360\" data-pin-nopin=\"true\" nopin=\"nopin\" class=\"perfmatters-lazy\" src=\"https:\/\/www.europesays.com\/fi\/wp-content\/uploads\/2026\/01\/1768334587_968_hqdefault.jpg\"\/><\/p>\n<p>Lue my\u00f6s: <a href=\"https:\/\/www.episodi.fi\/uutiskirje\/?uutiskirjemainos=tekstilinkkimainos\" title=\"Tilaa Episodin uutiskirje ja voit voittaa leffalippuja! Nappaa tv-vinkit suoraan s\u00e4hk\u00f6postiin t\u00e4st\u00e4.\" class=\"underline-custom !font-montserrat !font-bold !underline-offset-4 !decoration-4 !decoration-episodi-blue !text-md\" rel=\"nofollow noopener\" target=\"_blank\">Tilaa Episodin uutiskirje ja voit voittaa leffalippuja! Nappaa katseluvinkit suoraan s\u00e4hk\u00f6postiin t\u00e4st\u00e4.<\/a><\/p>\n<p>\t\t\t<a href=\"https:\/\/www.facebook.com\/sharer\/sharer.php?u=https:\/\/www.episodi.fi\/uutiset\/russon-veljekset-tekivat-jymypaljastuksen-neljasta-avengers-doomsday-trailerista-pankaa-merkille\/\" target=\"_blank\" class=\"block px-4 py-2 text-sm text-gray-800 border-b hover:bg-gray-200\" rel=\"nofollow noopener\"><\/p>\n<p>\t\t\t\tFacebook<br \/>\n\t\t\t<\/a><br \/>\n\t\t\t<a href=\"https:\/\/twitter.com\/intent\/tweet?text=https:\/\/www.episodi.fi\/uutiset\/russon-veljekset-tekivat-jymypaljastuksen-neljasta-avengers-doomsday-trailerista-pankaa-merkille\/\" target=\"_blank\" class=\"block px-4 py-2 text-sm text-gray-800 border-b hover:bg-gray-200\" rel=\"nofollow noopener\"><\/p>\n<p>\t\t\t\tTwitter<br \/>\n\t\t\t<\/a><br \/>\n\t\t\t<a href=\"mailto:?subject=Russon veljekset tekiv\u00e4t jymypaljastuksen nelj\u00e4st\u00e4 Avengers: Doomsday -trailerista: \u201dPankaa merkille!\u201d&amp;body=https:\/\/www.episodi.fi\/uutiset\/russon-veljekset-tekivat-jymypaljastuksen-neljasta-avengers-doomsday-trailerista-pankaa-merkille\/\" target=\"_blank\" class=\"block px-4 py-2 text-sm text-gray-800 border-b hover:bg-gray-200\"><\/p>\n<p>\t\t\t\tS\u00e4hk\u00f6posti<\/a><\/p>\n<p>\t\t\t\t<script async src=\"https:\/\/platform.twitter.com\/widgets.js\" charset=\"utf-8\"><\/script><\/p>\n","protected":false},"excerpt":{"rendered":"Viimeisin lyhyt Avengers: Doomsday -traileri julkaistiin juuri, ja heti niiden per\u00e4\u00e4n ilmestyi viesti ohjaajaveljeksilt\u00e4. Russon veljekset laittoivat kryptisen&hellip;\n","protected":false},"author":2,"featured_media":141449,"comment_status":"","ping_status":"","sticky":false,"template":"","format":"standard","meta":{"footnotes":""},"categories":[131],"tags":[809,155,137,33,173,31,30,3282,172,9111,32,109],"class_list":{"0":"post-141468","1":"post","2":"type-post","3":"status-publish","4":"format-standard","5":"has-post-thumbnail","7":"category-elokuvat","8":"tag-avengers-doomsday","9":"tag-elokuvat","10":"tag-entertainment","11":"tag-fi","12":"tag-film","13":"tag-finland","14":"tag-finnish","15":"tag-marvel","16":"tag-movies","17":"tag-russon-veljekset","18":"tag-suomi","19":"tag-viihde"},"share_on_mastodon":{"url":"https:\/\/pubeurope.com\/@fi\/115889685354645079","error":""},"_links":{"self":[{"href":"https:\/\/www.europesays.com\/fi\/wp-json\/wp\/v2\/posts\/141468","targetHints":{"allow":["GET"]}}],"collection":[{"href":"https:\/\/www.europesays.com\/fi\/wp-json\/wp\/v2\/posts"}],"about":[{"href":"https:\/\/www.europesays.com\/fi\/wp-json\/wp\/v2\/types\/post"}],"author":[{"embeddable":true,"href":"https:\/\/www.europesays.com\/fi\/wp-json\/wp\/v2\/users\/2"}],"replies":[{"embeddable":true,"href":"https:\/\/www.europesays.com\/fi\/wp-json\/wp\/v2\/comments?post=141468"}],"version-history":[{"count":0,"href":"https:\/\/www.europesays.com\/fi\/wp-json\/wp\/v2\/posts\/141468\/revisions"}],"wp:featuredmedia":[{"embeddable":true,"href":"https:\/\/www.europesays.com\/fi\/wp-json\/wp\/v2\/media\/141449"}],"wp:attachment":[{"href":"https:\/\/www.europesays.com\/fi\/wp-json\/wp\/v2\/media?parent=141468"}],"wp:term":[{"taxonomy":"category","embeddable":true,"href":"https:\/\/www.europesays.com\/fi\/wp-json\/wp\/v2\/categories?post=141468"},{"taxonomy":"post_tag","embeddable":true,"href":"https:\/\/www.europesays.com\/fi\/wp-json\/wp\/v2\/tags?post=141468"}],"curies":[{"name":"wp","href":"https:\/\/api.w.org\/{rel}","templated":true}]}}