{"id":141475,"date":"2026-01-13T20:36:07","date_gmt":"2026-01-13T20:36:07","guid":{"rendered":"https:\/\/www.europesays.com\/fi\/141475\/"},"modified":"2026-01-13T20:36:07","modified_gmt":"2026-01-13T20:36:07","slug":"venalainen-arkeologi-kaivoi-vuosikaudet-kolikoita-krimilla-kunnes-jai-kiinni-puolassa","status":"publish","type":"post","link":"https:\/\/www.europesays.com\/fi\/141475\/","title":{"rendered":"Ven\u00e4l\u00e4inen arkeologi kaivoi vuosikaudet kolikoita Krimill\u00e4, kunnes j\u00e4i kiinni Puolassa"},"content":{"rendered":"<p>Krim|Ven\u00e4l\u00e4inen arkeologi Aleksandr Butjagin on pid\u00e4tettyn\u00e4 Puolassa. L\u00e4hiaikoina puolalainen tuomioistuin k\u00e4sittelee Ukrainan vaatimuksen h\u00e4nen luovuttamisestaan.<\/p>\n<p>Lue tiivistelm\u00e4<\/p>\n<p class=\"article-body mb-nof-24 px-nof-16 sndp-summary-bullet-point-font\">Ukraina vaatii ven\u00e4l\u00e4isen arkeologi Aleksandr Butjaginin luovuttamista Puolasta oikeudenk\u00e4yntiin.<\/p>\n<p class=\"article-body mb-nof-24 px-nof-16 sndp-summary-bullet-point-font\">Butjagin on pid\u00e4tettyn\u00e4 Varsovassa, ja h\u00e4nt\u00e4 syytet\u00e4\u00e4n kulttuuriperinn\u00f6n tuhoamisesta laittomien arkeologisten kaivausten aikana Krimill\u00e4 vuoden 2014 j\u00e4lkeen.<\/p>\n<p class=\"article-body mb-nof-24 px-nof-16 sndp-summary-bullet-point-font\">Puolalainen tuomioistuin k\u00e4sittelee luovutusvaatimuksen 15. tammikuuta.<\/p>\n<p class=\"article-body mb-nof-24 px-nof-16 sndp-summary-bullet-point-font\">Ven\u00e4j\u00e4n ulkoministeri\u00f6 vaatii Butjaginin vapauttamista ja kutsuu syytteit\u00e4 absurdeiksi.<\/p>\n<p class=\"article-body mb-nof-24 px-nof-16\">Ukraina syytt\u00e4\u00e4 ven\u00e4l\u00e4ist\u00e4 arkeologia kulttuuriperinn\u00f6n tuhoamisesta laittomissa arkeologisissa kaivauksissa miehitetyll\u00e4 Krimill\u00e4.<\/p>\n<p class=\"article-body mb-nof-24 px-nof-16\">Arkeologi <a class=\"font-bold underline-offset-[0.12em] [text-decoration:var(--person-link-text-decoration)] ![text-decoration-color:var(--person-link-text-decoration-color)]\" href=\"https:\/\/www.hs.fi\/haku\/?query=Aleksandr%20Butjagin\" rel=\"nofollow noopener\" target=\"_blank\">Aleksandr Butjagin<\/a>, 54, on osastonjohtaja Pietarin Eremitaa\u0161i-museossa. H\u00e4n on erikoistunut antiikkiin. Vuodesta 1999 l\u00e4htien h\u00e4n on toiminut Myrmekionin arkeologisen tutkimusryhm\u00e4n johtajana.<\/p>\n<p class=\"article-body mb-nof-24 px-nof-16\">Myrmekion on kaupunki, joka perustettiin 500-luvulla ennen ajanlaskun alkua Krimin niemimaan it\u00e4isimp\u00e4\u00e4n osaan. Nykyisin l\u00e4hell\u00e4 sijaitsee Kert\u0161in kaupunki.<\/p>\n<p class=\"article-body mb-nof-24 px-nof-16\">Ven\u00e4j\u00e4n ulkoministeri\u00f6n mukaan Butjagin ja muut tutkimusryhm\u00e4n j\u00e4senet saivat vuoteen 2014 asti Ukrainan viranomaisilta asianmukaiset luvat kaivausten suorittamiseen. Niemimaan laittoman liitt\u00e4misen j\u00e4lkeen arkeologit lakkasivat tekem\u00e4st\u00e4 n\u00e4in, koska Ven\u00e4j\u00e4 alkoi pit\u00e4\u00e4 Krimi\u00e4 osana omaa aluettaan.<\/p>\n<p class=\"article-body mb-nof-24 px-nof-16\">Kaivauksilta l\u00f6ydettiin merkitt\u00e4vi\u00e4 antiikinaikaisia kolikkoaarteita useaan otteeseen vuoden 2014 molemmin puolin. Viimeisin t\u00e4llainen l\u00f6yt\u00f6 tehtiin vuonna 2022.<\/p>\n<p class=\"article-body mb-nof-24 px-nof-16\">Kun tiedot t\u00e4st\u00e4 l\u00f6yd\u00f6st\u00e4 julkistettiin tieteellisiss\u00e4 piireiss\u00e4, Ukrainassa <a class=\"underline underline-offset-[0.12em] [text-decoration-thickness:var(--generic-link-underline-thickness)] [text-decoration-color:var(--generic-link-underline-color)] [text-decoration-skip-ink:var(--generic-link-underline-skip-ink)] break-words\" href=\"https:\/\/ukurier.gov.ua\/media\/newspaper\/adv\/2024-10-24\/217_25.10.2024r.pdf\" rel=\"nofollow noopener\" target=\"_blank\">aloitettiin <\/a>Butjaginia vastaan rikosprosessi laittomista kaivauksista.<\/p>\n<p class=\"article-body mb-nof-24 px-nof-16\">Arkeologia vastaan on nostettu syytteet poissaolevana kulttuuriperint\u00f6kohteen osittaisesta tuhoamisesta ja yli 4 miljoonan euron suuruisen vahingon aiheuttamisesta. Ukrainassa n\u00e4ist\u00e4 rikoksista h\u00e4nt\u00e4 voi uhata enint\u00e4\u00e4n viiden vuoden vankeusrangaistus.<\/p>\n<p class=\"article-body mb-nof-24 px-nof-16\">Kansainv\u00e4lisen oikeuden n\u00e4k\u00f6kulmasta kaikki Krimin alueella vuodesta 2014 alkaen suoritetut kaivaukset ovat laittomia, koska Ukraina ei ole my\u00f6nt\u00e4nyt niihin lupia.<\/p>\n<p class=\"article-body mb-nof-24 px-nof-16\">Butjagin on tietoinen rikosasiasta. Vuonna 2024 h\u00e4n <a class=\"underline underline-offset-[0.12em] [text-decoration-thickness:var(--generic-link-underline-thickness)] [text-decoration-color:var(--generic-link-underline-color)] [text-decoration-skip-ink:var(--generic-link-underline-skip-ink)] break-words\" href=\"https:\/\/crimea.ria.ru\/20241116\/nekuda-vremya-tratit-arkheolog-iz-kryma-otreagiroval-na-podozreniya-kieva--1141901876.html\" rel=\"nofollow noopener\" target=\"_blank\">kommentoi <\/a>asiaa Ven\u00e4j\u00e4n uutistoimisto Rialle.<\/p>\n<p class=\"article-body mb-nof-24 px-nof-16\">\u201dOlen hieman yll\u00e4ttynyt siit\u00e4, ett\u00e4 tilanteessa, jossa Ukrainan kohtalo ratkaistaan taistelukent\u00e4ll\u00e4, he k\u00e4ytt\u00e4v\u00e4t aikaa t\u00e4llaisiin asioihin. Ilmeisesti syytt\u00e4jill\u00e4 on paljon vapaa-aikaa.\u201d<\/p>\n<p class=\"article-body mb-nof-24 px-nof-16\">Butjagin lis\u00e4si jatkavansa ty\u00f6t\u00e4, jolle h\u00e4n on omistanut koko el\u00e4m\u00e4ns\u00e4.<\/p>\n<p class=\"article-body mb-nof-24 px-nof-16\">Ukrainassa aloitetusta rikosasiasta huolimatta Butjagin jatkoi viime vuoden loppuun asti my\u00f6s tieteellisten luentojen pit\u00e4mist\u00e4 EU-maissa.<\/p>\n<p class=\"article-body mb-nof-24 px-nof-16\">Joulukuun alussa Butjagin pid\u00e4tettiin Varsovassa Ukrainan viranomaisten pyynn\u00f6st\u00e4. H\u00e4n oli saapunut esteett\u00e4 Puolaan, miss\u00e4 h\u00e4nen oli m\u00e4\u00e4r\u00e4 pit\u00e4\u00e4 julkinen luento Pompejista. Ennen t\u00e4t\u00e4 Butjagin esiintyi vastaavilla luennoilla Pariisissa, Prahassa ja Amsterdamissa.<\/p>\n<p class=\"article-body mb-nof-24 px-nof-16\">Puolalaisen radioaseman RMF24:n <a class=\"underline underline-offset-[0.12em] [text-decoration-thickness:var(--generic-link-underline-thickness)] [text-decoration-color:var(--generic-link-underline-color)] [text-decoration-skip-ink:var(--generic-link-underline-skip-ink)] break-words\" href=\"https:\/\/www.rmf24.pl\/fakty\/polska\/news-rosyjski-archeolog-zatrzymany-przez-abw-prokuratura-popiera-,nId,8056229\" rel=\"nofollow noopener\" target=\"_blank\">mukaan <\/a>Puolan syytt\u00e4j\u00e4nvirasto tuki Ukrainan vaatimusta Butjaginin luovuttamisesta Ukrainaan. Varsovalaisen tuomioistuimen on m\u00e4\u00e4r\u00e4 k\u00e4sitell\u00e4 asiaa 15. tammikuuta.<\/p>\n<p class=\"article-body mb-nof-24 px-nof-16\">Tiistaina Ven\u00e4j\u00e4n ulkoministeri\u00f6 <a class=\"underline underline-offset-[0.12em] [text-decoration-thickness:var(--generic-link-underline-thickness)] [text-decoration-color:var(--generic-link-underline-color)] [text-decoration-skip-ink:var(--generic-link-underline-skip-ink)] break-words\" href=\"https:\/\/mid.ru\/ru\/foreign_policy\/news\/2072387\/?lang=en\" rel=\"nofollow noopener\" target=\"_blank\">vaati <\/a>Puolaa vapauttamaan arkeologin ja kutsui h\u00e4nt\u00e4 vastaan esitettyj\u00e4 syytteit\u00e4 \u201dabsurdeiksi\u201d.<\/p>\n<p class=\"article-body mb-nof-24 px-nof-16\">\u201dKaikki asiantuntijamme l\u00f6yt\u00e4m\u00e4t esineet luovutettiin It\u00e4-Krimin museoon, mik\u00e4 kartutti Krimin kansojen kulttuuriperint\u00f6\u00e4\u201d, ulkoministeri\u00f6n tiedotteessa sanotaan.<\/p>\n<p class=\"article-body mb-nof-24 px-nof-16\">Museossa on l\u00e4hes 250\u202f000 esinett\u00e4 Ven\u00e4j\u00e4n miehitt\u00e4m\u00e4n niemimaan historiasta. Museo sijaitsee Kert\u0161iss\u00e4.<\/p>\n","protected":false},"excerpt":{"rendered":"Krim|Ven\u00e4l\u00e4inen arkeologi Aleksandr Butjagin on pid\u00e4tettyn\u00e4 Puolassa. L\u00e4hiaikoina puolalainen tuomioistuin k\u00e4sittelee Ukrainan vaatimuksen h\u00e4nen luovuttamisestaan. Lue tiivistelm\u00e4 Ukraina&hellip;\n","protected":false},"author":2,"featured_media":141476,"comment_status":"","ping_status":"","sticky":false,"template":"","format":"standard","meta":{"footnotes":""},"categories":[14],"tags":[22,23,26,27,33,31,30,17,46,24,25,28,29,15,18,21,32,19,20,56,16,59,60,61],"class_list":{"0":"post-141475","1":"post","2":"type-post","3":"status-publish","4":"format-standard","5":"has-post-thumbnail","7":"category-ulkomaat","8":"tag-breaking-news","9":"tag-breakingnews","10":"tag-featured-news","11":"tag-featurednews","12":"tag-fi","13":"tag-finland","14":"tag-finnish","15":"tag-headlines","16":"tag-helsingin-sanomat","17":"tag-latest-news","18":"tag-latestnews","19":"tag-main-news","20":"tag-mainnews","21":"tag-news","22":"tag-otsikot","23":"tag-paauutiset","24":"tag-suomi","25":"tag-top-stories","26":"tag-topstories","27":"tag-ulkomaat","28":"tag-uutiset","29":"tag-world","30":"tag-world-news","31":"tag-worldnews"},"share_on_mastodon":{"url":"https:\/\/pubeurope.com\/@fi\/115889713013595525","error":""},"_links":{"self":[{"href":"https:\/\/www.europesays.com\/fi\/wp-json\/wp\/v2\/posts\/141475","targetHints":{"allow":["GET"]}}],"collection":[{"href":"https:\/\/www.europesays.com\/fi\/wp-json\/wp\/v2\/posts"}],"about":[{"href":"https:\/\/www.europesays.com\/fi\/wp-json\/wp\/v2\/types\/post"}],"author":[{"embeddable":true,"href":"https:\/\/www.europesays.com\/fi\/wp-json\/wp\/v2\/users\/2"}],"replies":[{"embeddable":true,"href":"https:\/\/www.europesays.com\/fi\/wp-json\/wp\/v2\/comments?post=141475"}],"version-history":[{"count":0,"href":"https:\/\/www.europesays.com\/fi\/wp-json\/wp\/v2\/posts\/141475\/revisions"}],"wp:featuredmedia":[{"embeddable":true,"href":"https:\/\/www.europesays.com\/fi\/wp-json\/wp\/v2\/media\/141476"}],"wp:attachment":[{"href":"https:\/\/www.europesays.com\/fi\/wp-json\/wp\/v2\/media?parent=141475"}],"wp:term":[{"taxonomy":"category","embeddable":true,"href":"https:\/\/www.europesays.com\/fi\/wp-json\/wp\/v2\/categories?post=141475"},{"taxonomy":"post_tag","embeddable":true,"href":"https:\/\/www.europesays.com\/fi\/wp-json\/wp\/v2\/tags?post=141475"}],"curies":[{"name":"wp","href":"https:\/\/api.w.org\/{rel}","templated":true}]}}