{"id":141477,"date":"2026-01-13T20:37:07","date_gmt":"2026-01-13T20:37:07","guid":{"rendered":"https:\/\/www.europesays.com\/fi\/141477\/"},"modified":"2026-01-13T20:37:07","modified_gmt":"2026-01-13T20:37:07","slug":"finnairin-koneen-laskutelineessa-tulihavainto-koneen-laskeuduttua-kentalle","status":"publish","type":"post","link":"https:\/\/www.europesays.com\/fi\/141477\/","title":{"rendered":"Finnairin koneen laskutelineess\u00e4 tulihavainto koneen laskeuduttua kent\u00e4lle"},"content":{"rendered":"<p>Helsinki-Vantaa|Paikalle h\u00e4lytettiin 15 pelastuslaitoksen yksikk\u00f6\u00e4.<\/p>\n<p class=\"article-body mb-nof-24 px-nof-16\">Pelastuslaitos sai tiistai-iltana kello 21.56 h\u00e4lytyksen suuresta ilmaliikenne\u00adonnettomuudesta Helsinki-Vantaalla.<\/p>\n<p class=\"article-body mb-nof-24 px-nof-16\">Finnairin viestint\u00e4johtaja <a class=\"font-bold underline-offset-[0.12em] [text-decoration:var(--person-link-text-decoration)] ![text-decoration-color:var(--person-link-text-decoration-color)]\" href=\"https:\/\/www.hs.fi\/haku\/?query=P%C3%A4ivyt%20Tallqvist\" rel=\"nofollow noopener\" target=\"_blank\">P\u00e4ivyt Tallqvist<\/a> kertoo HS:lle, ett\u00e4 Oslosta Helsinkiin saapuneen lentokoneen laskutelineen alueella olisi tehty havainto mahdollisesta liekist\u00e4.<\/p>\n<p class=\"article-body mb-nof-24 px-nof-16\">Tallqvistin k\u00e4sityksen mukaan havainto tehtiin siin\u00e4 vaiheessa, kun kone oli jo laskeutunut ja suuri osa matkustajista oli poistunut koneesta.<\/p>\n<p class=\"article-body mb-nof-24 px-nof-16\">\u201dYmm\u00e4rt\u00e4\u00e4kseni tilanne ei edellytt\u00e4nyt sammutustoimia pelastuslaitokselta. Asiakkaat poistuivat koneesta normaalisti\u201d, Tallqvist kertoo.<\/p>\n","protected":false},"excerpt":{"rendered":"Helsinki-Vantaa|Paikalle h\u00e4lytettiin 15 pelastuslaitoksen yksikk\u00f6\u00e4. Pelastuslaitos sai tiistai-iltana kello 21.56 h\u00e4lytyksen suuresta ilmaliikenne\u00adonnettomuudesta Helsinki-Vantaalla. Finnairin viestint\u00e4johtaja P\u00e4ivyt Tallqvist&hellip;\n","protected":false},"author":2,"featured_media":96697,"comment_status":"","ping_status":"","sticky":false,"template":"","format":"standard","meta":{"footnotes":""},"categories":[12],"tags":[22,23,26,27,33,31,30,17,46,24,25,28,29,15,18,21,32,19,20,16],"class_list":{"0":"post-141477","1":"post","2":"type-post","3":"status-publish","4":"format-standard","5":"has-post-thumbnail","7":"category-suomi","8":"tag-breaking-news","9":"tag-breakingnews","10":"tag-featured-news","11":"tag-featurednews","12":"tag-fi","13":"tag-finland","14":"tag-finnish","15":"tag-headlines","16":"tag-helsingin-sanomat","17":"tag-latest-news","18":"tag-latestnews","19":"tag-main-news","20":"tag-mainnews","21":"tag-news","22":"tag-otsikot","23":"tag-paauutiset","24":"tag-suomi","25":"tag-top-stories","26":"tag-topstories","27":"tag-uutiset"},"share_on_mastodon":{"url":"https:\/\/pubeurope.com\/@fi\/115889716955005013","error":""},"_links":{"self":[{"href":"https:\/\/www.europesays.com\/fi\/wp-json\/wp\/v2\/posts\/141477","targetHints":{"allow":["GET"]}}],"collection":[{"href":"https:\/\/www.europesays.com\/fi\/wp-json\/wp\/v2\/posts"}],"about":[{"href":"https:\/\/www.europesays.com\/fi\/wp-json\/wp\/v2\/types\/post"}],"author":[{"embeddable":true,"href":"https:\/\/www.europesays.com\/fi\/wp-json\/wp\/v2\/users\/2"}],"replies":[{"embeddable":true,"href":"https:\/\/www.europesays.com\/fi\/wp-json\/wp\/v2\/comments?post=141477"}],"version-history":[{"count":0,"href":"https:\/\/www.europesays.com\/fi\/wp-json\/wp\/v2\/posts\/141477\/revisions"}],"wp:featuredmedia":[{"embeddable":true,"href":"https:\/\/www.europesays.com\/fi\/wp-json\/wp\/v2\/media\/96697"}],"wp:attachment":[{"href":"https:\/\/www.europesays.com\/fi\/wp-json\/wp\/v2\/media?parent=141477"}],"wp:term":[{"taxonomy":"category","embeddable":true,"href":"https:\/\/www.europesays.com\/fi\/wp-json\/wp\/v2\/categories?post=141477"},{"taxonomy":"post_tag","embeddable":true,"href":"https:\/\/www.europesays.com\/fi\/wp-json\/wp\/v2\/tags?post=141477"}],"curies":[{"name":"wp","href":"https:\/\/api.w.org\/{rel}","templated":true}]}}