{"id":141480,"date":"2026-01-13T20:50:06","date_gmt":"2026-01-13T20:50:06","guid":{"rendered":"https:\/\/www.europesays.com\/fi\/141480\/"},"modified":"2026-01-13T20:50:06","modified_gmt":"2026-01-13T20:50:06","slug":"latelan-laurin-suuri-suru-kevyet-mullat","status":"publish","type":"post","link":"https:\/\/www.europesays.com\/fi\/141480\/","title":{"rendered":"Latelan Laurin suuri suru &#8211; &#8221;Kevyet mullat&#8221;"},"content":{"rendered":"<p><strong>Latelan Laurin<\/strong> vuosi alkoi ik\u00e4viss\u00e4 merkeiss\u00e4. Se selvi\u00e4\u00e4 h\u00e4nen Instagram-julkaisustaan. H\u00e4n on julkaisun kuvassa itse ja h\u00e4nen kainalossaan on h\u00e4nen rakas koiransa <strong>Nieminen<\/strong>. Julkaisusta selvi\u00e4\u00e4, ett\u00e4 Nieminen on kuollut 6. tammikuuta.<\/p>\n<p>Lue my\u00f6s: <a href=\"https:\/\/www.como.fi\/uutiset\/latelan-puoliso-sarianna-huolestui-liittyy-tammikuun-tipattomaan\/\" title=\"Latelan puoliso Sarianna huolestui \u2013 liittyy tammikuun tipattomaan\" class=\"underline-custom !font-montserrat !font-bold !underline-offset-4 !decoration-4 !decoration-red-600 !text-md\" rel=\"nofollow noopener\" target=\"_blank\">Latelan puoliso Sarianna huolestui \u2013 liittyy tammikuun tipattomaan<\/a><\/p>\n<p>\u2013 Koko kansan Nieminen 8.12.2011 \u2013 6.01.2026, kirjoittaa Lauri syd\u00e4mien kera.<\/p>\n<p>Koiraa on n\u00e4hty Laurin ja h\u00e4nen vaimonsa <strong>Sariannan <\/strong>t\u00e4hditt\u00e4miss\u00e4 ohjelmissa, kuten Latelan Laurin hurja remontti. Pariskunnalla on toinenkin koira, joka on esiintynyt my\u00f6s televisiossa. Heill\u00e4 on ollut my\u00f6s koira nimelt\u00e4\u00e4n <strong>Korhonen<\/strong>.<\/p>\n<p>\u2013 Viikko sitten meill\u00e4 on itketty samasta syyst\u00e4. J\u00e4ljelle j\u00e4i suuri kiitollisuus yhteisist\u00e4 vuosista, vaikka ik\u00e4v\u00e4 on. Osanotto! kirjoittaa joku.<\/p>\n<p>\u2013 Voi ei. Ni\u00e4minen oli ihan paras. Kevyet mullat Ni\u00e4miselle ja voimia muille, kommentoi er\u00e4s.<\/p>\n<p>Nieminen esiintyi Latelan Laurin joulukuisessa julkaisussa <\/p>\n<p>Latelan Lauri teki nyt kuolleesta koirastaan julkaisun my\u00f6s joulukuussa.<\/p>\n<p>\u2013 Kyll\u00e4h\u00e4n se totuus on, ett\u00e4 Niemisen tiimalasissa ei paljon muruja ole j\u00e4ljell\u00e4 mutta joka hiekanjyv\u00e4n arvoinen h\u00e4n on ollut, kertoi h\u00e4n tuolloin.<\/p>\n<p>\u2013 T\u00e4m\u00e4 ei ole fakta mutta mik\u00e4li jollain on tietoa, niin saa kertoa. Onko Nieminen pisimm\u00e4n TV uran tehnyt koira? Sill\u00e4 muutaman kuukauden p\u00e4\u00e4st\u00e4 h\u00e4n on ollut 14 vuotta osa suomalaista TV historiaa, mietiskeli Lauri joulukuussa my\u00f6s.<\/p>\n<p>Julkaisu n\u00e4kyv\u00e4t <a href=\"https:\/\/www.instagram.com\/p\/DTdS5zQCDcj\/?utm_source=ig_web_copy_link&amp;igsh=MzRlODBiNWFlZA==\" target=\"_blank\" rel=\"noreferrer noopener nofollow\">t\u00e4\u00e4lt\u00e4<\/a> ja <a href=\"https:\/\/www.instagram.com\/reel\/DR_m9xkCDV3\/?utm_source=ig_web_copy_link&amp;igsh=MzRlODBiNWFlZA==\" target=\"_blank\" rel=\"noreferrer noopener nofollow\">t\u00e4\u00e4lt\u00e4<\/a> sek\u00e4 t\u00e4st\u00e4 alta.<\/p>\n<p>Lue my\u00f6s: <a href=\"https:\/\/www.como.fi\/tilaa-comon-uutiskirje\/\" title=\"Tilaa Comon uutiskirje ja tied\u00e4t mist\u00e4 kahvitauolla puhutaan! Nappaa kotimaan tv-vinkit ja puheenaiheet suoraan s\u00e4hk\u00f6postiin t\u00e4st\u00e4.\" class=\"underline-custom !font-montserrat !font-bold !underline-offset-4 !decoration-4 !decoration-red-600 !text-md\" rel=\"nofollow noopener\" target=\"_blank\">Tilaa Comon uutiskirje ja tied\u00e4t mist\u00e4 kahvitauolla puhutaan! Nappaa kotimaan tv-vinkit ja puheenaiheet suoraan s\u00e4hk\u00f6postiin t\u00e4st\u00e4.<\/a><\/p>\n<p>\t\t\t\t<script async src=\"\/\/www.instagram.com\/embed.js\"><\/script><\/p>\n","protected":false},"excerpt":{"rendered":"Latelan Laurin vuosi alkoi ik\u00e4viss\u00e4 merkeiss\u00e4. Se selvi\u00e4\u00e4 h\u00e4nen Instagram-julkaisustaan. H\u00e4n on julkaisun kuvassa itse ja h\u00e4nen kainalossaan&hellip;\n","protected":false},"author":2,"featured_media":141481,"comment_status":"","ping_status":"","sticky":false,"template":"","format":"standard","meta":{"footnotes":""},"categories":[136],"tags":[407,137,33,31,30,408,5147,32,109],"class_list":{"0":"post-141480","1":"post","2":"type-post","3":"status-publish","4":"format-standard","5":"has-post-thumbnail","7":"category-julkkikset","8":"tag-celebrities","9":"tag-entertainment","10":"tag-fi","11":"tag-finland","12":"tag-finnish","13":"tag-julkkikset","14":"tag-latela","15":"tag-suomi","16":"tag-viihde"},"share_on_mastodon":{"url":"https:\/\/pubeurope.com\/@fi\/115889767998547388","error":""},"_links":{"self":[{"href":"https:\/\/www.europesays.com\/fi\/wp-json\/wp\/v2\/posts\/141480","targetHints":{"allow":["GET"]}}],"collection":[{"href":"https:\/\/www.europesays.com\/fi\/wp-json\/wp\/v2\/posts"}],"about":[{"href":"https:\/\/www.europesays.com\/fi\/wp-json\/wp\/v2\/types\/post"}],"author":[{"embeddable":true,"href":"https:\/\/www.europesays.com\/fi\/wp-json\/wp\/v2\/users\/2"}],"replies":[{"embeddable":true,"href":"https:\/\/www.europesays.com\/fi\/wp-json\/wp\/v2\/comments?post=141480"}],"version-history":[{"count":0,"href":"https:\/\/www.europesays.com\/fi\/wp-json\/wp\/v2\/posts\/141480\/revisions"}],"wp:featuredmedia":[{"embeddable":true,"href":"https:\/\/www.europesays.com\/fi\/wp-json\/wp\/v2\/media\/141481"}],"wp:attachment":[{"href":"https:\/\/www.europesays.com\/fi\/wp-json\/wp\/v2\/media?parent=141480"}],"wp:term":[{"taxonomy":"category","embeddable":true,"href":"https:\/\/www.europesays.com\/fi\/wp-json\/wp\/v2\/categories?post=141480"},{"taxonomy":"post_tag","embeddable":true,"href":"https:\/\/www.europesays.com\/fi\/wp-json\/wp\/v2\/tags?post=141480"}],"curies":[{"name":"wp","href":"https:\/\/api.w.org\/{rel}","templated":true}]}}