{"id":141482,"date":"2026-01-13T20:51:08","date_gmt":"2026-01-13T20:51:08","guid":{"rendered":"https:\/\/www.europesays.com\/fi\/141482\/"},"modified":"2026-01-13T20:51:08","modified_gmt":"2026-01-13T20:51:08","slug":"tana-vuonna-voi-kokea-1930-luvun-kouvolan-kolmiulotteisena-museo-ja-ammattikorkeakoulu-tekevat-3d-malleja-kymenlaakso","status":"publish","type":"post","link":"https:\/\/www.europesays.com\/fi\/141482\/","title":{"rendered":"T\u00e4n\u00e4 vuonna voi kokea 1930-luvun Kouvolan kolmi\u00adulotteisena \u2013 museo ja ammatti\u00adkorkeakoulu tekev\u00e4t 3D-malleja | Kymenlaakso"},"content":{"rendered":"<p class=\"aw-1gybjub aw-5vja16 kEtdKx kmuxyA yle__article__paragraph\">3D-mallit Kouvolan keskustan rakennuksista 1930-luvulta valmistuvat t\u00e4m\u00e4n vuoden aikana.<\/p>\n<p><img decoding=\"async\" alt=\"Kouvolan vanha rautatieasema ja asemaravintola talvella 1926.\" src=\"https:\/\/www.europesays.com\/fi\/wp-content\/uploads\/2026\/01\/39-1563435693019be96908.jpeg\" class=\"aw-1l9m598 hKVVvP\"\/><\/p>\n<p>Avaa kuvien katselu<\/p>\n<p>Kuvan alalaidassa Kouvolan vanha rautatieasema ja asemaravintola talvella 1926. Kuva: Kuva J.W.R. Harju-Jeanty \/ Poikilo-museot<\/p>\n<p class=\"aw-1gybjub aw-1p7kakr kEtdKx cEmitX yle__article__paragraph\">Kouvolan keskustasta vuodelta 1930 tehd\u00e4\u00e4n 3D-malleja. Mallit tehd\u00e4\u00e4n rakennuksista, joita ei en\u00e4\u00e4 ole.<\/p>\n<p class=\"aw-1gybjub aw-1p7kakr kEtdKx cEmitX yle__article__paragraph\">Poikilo-museot sai mallinnusta varten opetus- ja kulttuuriministeri\u00f6lt\u00e4 40\u00a0000 euroa. Poikilo-museo suunnittelee ja tekee mallinnukset yhdess\u00e4 Kaakkois-Suomen ammattikorkeakoulun luovan talouden tutkimusyksik\u00f6n ja opiskelijoiden kanssa.<\/p>\n<p class=\"aw-1gybjub aw-1p7kakr kEtdKx cEmitX yle__article__paragraph\">Museonjohtaja <strong class=\"aw-ak79eh KyCXm yle__article__strong\">Anu Kasnio<\/strong> toivoo, ett\u00e4 mallinnus on alku virtuaaliselle Kouvola 1930 -n\u00e4yttelylle. Siin\u00e4 vanha Kouvola her\u00e4isi eloon rakennusten, todellisten tapahtumien ja Kouvolassa el\u00e4neiden ihmisten tarinoiden kautta.<\/p>\n<p class=\"aw-1gybjub aw-1p7kakr kEtdKx cEmitX yle__article__paragraph\">\u2013 Kouvolan keskusta n\u00e4ytti hyvin erilaiselta sata vuotta sitten. Kouvola 1930 -hanke mahdollistaa purettujen rakennusten kokemisen kolmiulotteisesti, ei vain vanhoina valokuvina, sanoo Kasnio tiedotteessa.<\/p>\n<p><img decoding=\"async\" alt=\"Vanha kuva Kouvolan keskustasta. N\u00e4kym\u00e4 Kauppalankadulle v\u00e4h\u00e4n ennen 1920-luvun puoliv\u00e4li\u00e4.\" src=\"https:\/\/www.europesays.com\/fi\/wp-content\/uploads\/2026\/01\/39-1563425693019aabe033.jpeg\" class=\"aw-1l9m598 hKVVvP\"\/><img decoding=\"async\" alt=\"Kouvolan keskustaa. K\u00e4velykatu Manski.  N\u00e4kym\u00e4 Kauppalankadulle.\" src=\"https:\/\/www.europesays.com\/fi\/wp-content\/uploads\/2026\/01\/39-1563429693019b0defaa.jpeg\" class=\"aw-1l9m598 hKVVvP\"\/>Ensimm\u00e4isess\u00e4 kuvassa on n\u00e4kym\u00e4 Kauppalankadulle v\u00e4h\u00e4n ennen 1920-luvun puoliv\u00e4li\u00e4. Toisessa kuvassa sama n\u00e4kym\u00e4 k\u00e4velykatu Manskille. Kuvat: Poikilo-museot (vasen), Jyri Kaukiainen \/ Poikilo-museot (oikea)<\/p>\n<p class=\"aw-1gybjub aw-1p7kakr kEtdKx cEmitX yle__article__paragraph\">Koko hanke toteutetaan t\u00e4m\u00e4n vuoden aikana. Syksyll\u00e4 luovan alan yritykset etsiv\u00e4t ty\u00f6pajoissa erilaisia tapoja hy\u00f6dynt\u00e4\u00e4 3D-malleja kulttuuriperint\u00f6ty\u00f6ss\u00e4 ja kaupallisesti.<\/p>\n<p class=\"aw-1gybjub aw-1p7kakr kEtdKx cEmitX yle__article__paragraph\">Hankkeen j\u00e4lkeen mallit ovat vapaasti k\u00e4ytett\u00e4viss\u00e4.<\/p>\n<p>N\u00e4yttelyss\u00e4 jo esill\u00e4 vanhoja kuvia<\/p>\n<p class=\"aw-1gybjub aw-1p7kakr kEtdKx cEmitX yle__article__paragraph\">Poikilo-museoiden tuore n\u00e4yttely esittelee kaupungin nykyisi\u00e4 ja jo menneit\u00e4 rakennuksia.<\/p>\n<p class=\"aw-1gybjub aw-1p7kakr kEtdKx cEmitX yle__article__paragraph\"><a class=\"aw-iao6s4 iHOxEa yle__article__link\" href=\"https:\/\/yle.fi\/a\/74-20197607\" role=\"link\" rel=\"nofollow noopener\" target=\"_blank\">Muuttuva kaupunkimme -n\u00e4yttelyss\u00e4<\/a> on kaikkiaan yli tuhat valokuvaa, jotka konkretisoivat rakennuksia ja n\u00e4kymi\u00e4 ennen ja nyt. Kuvia on muun muassa Elim\u00e4elt\u00e4, Jaalasta, Valkealasta ja Kouvolan keskustasta.<\/p>\n<p class=\"aw-1gybjub aw-1p7kakr kEtdKx cEmitX yle__article__paragraph\">Vanhat kuvat ovat p\u00e4\u00e4osin museon omista kokoelmista, kun taas tuoreet kuvat ovat vapaaehtoisten kuvaajien ottamia.<\/p>\n","protected":false},"excerpt":{"rendered":"3D-mallit Kouvolan keskustan rakennuksista 1930-luvulta valmistuvat t\u00e4m\u00e4n vuoden aikana. Avaa kuvien katselu Kuvan alalaidassa Kouvolan vanha rautatieasema ja&hellip;\n","protected":false},"author":2,"featured_media":141483,"comment_status":"","ping_status":"","sticky":false,"template":"","format":"standard","meta":{"footnotes":""},"categories":[135],"tags":[24362,389,387,388,390,137,33,31,30,737,464,966,3639,32,394,393,391,392,109],"class_list":{"0":"post-141482","1":"post","2":"type-post","3":"status-publish","4":"format-standard","5":"has-post-thumbnail","7":"category-taiteet-ja-suunnittelu","8":"tag-3d-mallit","9":"tag-arts","10":"tag-arts-and-design","11":"tag-artsanddesign","12":"tag-design","13":"tag-entertainment","14":"tag-fi","15":"tag-finland","16":"tag-finnish","17":"tag-kouvola","18":"tag-kymenlaakso","19":"tag-museot","20":"tag-rakennukset","21":"tag-suomi","22":"tag-suunnittelu","23":"tag-taiteet","24":"tag-taiteet-ja-suunnittelu","25":"tag-taiteetsuunnittelu","26":"tag-viihde"},"share_on_mastodon":{"url":"https:\/\/pubeurope.com\/@fi\/115889771828878508","error":""},"_links":{"self":[{"href":"https:\/\/www.europesays.com\/fi\/wp-json\/wp\/v2\/posts\/141482","targetHints":{"allow":["GET"]}}],"collection":[{"href":"https:\/\/www.europesays.com\/fi\/wp-json\/wp\/v2\/posts"}],"about":[{"href":"https:\/\/www.europesays.com\/fi\/wp-json\/wp\/v2\/types\/post"}],"author":[{"embeddable":true,"href":"https:\/\/www.europesays.com\/fi\/wp-json\/wp\/v2\/users\/2"}],"replies":[{"embeddable":true,"href":"https:\/\/www.europesays.com\/fi\/wp-json\/wp\/v2\/comments?post=141482"}],"version-history":[{"count":0,"href":"https:\/\/www.europesays.com\/fi\/wp-json\/wp\/v2\/posts\/141482\/revisions"}],"wp:featuredmedia":[{"embeddable":true,"href":"https:\/\/www.europesays.com\/fi\/wp-json\/wp\/v2\/media\/141483"}],"wp:attachment":[{"href":"https:\/\/www.europesays.com\/fi\/wp-json\/wp\/v2\/media?parent=141482"}],"wp:term":[{"taxonomy":"category","embeddable":true,"href":"https:\/\/www.europesays.com\/fi\/wp-json\/wp\/v2\/categories?post=141482"},{"taxonomy":"post_tag","embeddable":true,"href":"https:\/\/www.europesays.com\/fi\/wp-json\/wp\/v2\/tags?post=141482"}],"curies":[{"name":"wp","href":"https:\/\/api.w.org\/{rel}","templated":true}]}}