{"id":141484,"date":"2026-01-13T20:53:07","date_gmt":"2026-01-13T20:53:07","guid":{"rendered":"https:\/\/www.europesays.com\/fi\/141484\/"},"modified":"2026-01-13T20:53:07","modified_gmt":"2026-01-13T20:53:07","slug":"kaley-cuocon-miesystava-katoaa-ja-vaaralliset-valheet-paljastuvat-katso-vanished-minisarjan-traileri","status":"publish","type":"post","link":"https:\/\/www.europesays.com\/fi\/141484\/","title":{"rendered":"Kaley Cuocon miesyst\u00e4v\u00e4 katoaa ja vaaralliset valheet paljastuvat \u2013 katso Vanished-minisarjan traileri"},"content":{"rendered":"<p>Amerikkalainen MGM+-suoratoistopalvelu on julkaissut Vanished-nimisen neliosaisen minisarjan trailerin.<\/p>\n<p>Sarjan p\u00e4\u00e4osissa ovat Rillit huurussa -stara <strong>Kaley Cuoco<\/strong> ja <strong>Sam Claflin.<\/strong><\/p>\n<p>Lue my\u00f6s: <a href=\"https:\/\/www.episodi.fi\/uutiset\/romantiikkaa-ja-komediaa-paremmasta-paasta-kaley-cuoco-paaosassa\/\" title=\"Nyt Netflixiss\u00e4: Romantiikkaa ja komediaa yleis\u00f6n makuun \u2013 Kaley Cuoco p\u00e4\u00e4osassa\" class=\"underline-custom !font-montserrat !font-bold !underline-offset-4 !decoration-4 !decoration-episodi-blue !text-md\" rel=\"nofollow noopener\" target=\"_blank\">Nyt Netflixiss\u00e4: Romantiikkaa ja komediaa yleis\u00f6n makuun \u2013 Kaley Cuoco p\u00e4\u00e4osassa<\/a><\/p>\n<p>Lue my\u00f6s: <a href=\"https:\/\/www.episodi.fi\/uutiset\/gothamin-ramapainen-saparopaa-palaa-suoratoistoruutuihin-tammikuussa-katso-aikuisille-suunnatun-dc-sarjan-uusi-traileri\/\" title=\"Gothamin r\u00e4m\u00e4p\u00e4inen saparop\u00e4\u00e4 palaa suoratoistoruutuihin tammikuussa \u2013 katso aikuisille suunnatun DC-sarjan uusi traileri\" class=\"underline-custom !font-montserrat !font-bold !underline-offset-4 !decoration-4 !decoration-episodi-blue !text-md\" rel=\"nofollow noopener\" target=\"_blank\">Gothamin r\u00e4m\u00e4p\u00e4inen saparop\u00e4\u00e4 palaa suoratoistoruutuihin tammikuussa \u2013 katso aikuisille suunnatun DC-sarjan uusi traileri<\/a><\/p>\n<p>Alicen (Cuoco) romanttinen Ranskan-matka saa synk\u00e4n k\u00e4\u00e4nteen, kun h\u00e4nen poikayst\u00e4v\u00e4ns\u00e4 Tom (Claflin) katoaa j\u00e4ljett\u00f6miin junamatkalla Arlesiin. Alicen ep\u00e4toivoinen etsint\u00e4 paljastaa v\u00e4hitellen Tomista salattuja totuuksia, ja h\u00e4n ajautuu vaaralliseen juonien ja petosten verkkoon, ja kohti j\u00e4rkytt\u00e4v\u00e4\u00e4 paljastusta miehest\u00e4, jonka h\u00e4n uskoi tuntevansa.<\/p>\n<p>Muissa rooleissa n\u00e4hd\u00e4\u00e4n <strong>Karin Viard, Matthias Schweigh\u00f6fer, Simon Abkarian<\/strong> ja <strong>Dar Zuzovsky.<\/strong><\/p>\n<p>Sarja k\u00e4ynnistyy USA:ssa 1. helmikuuta. Toivottavasti se n\u00e4hd\u00e4\u00e4n my\u00f6s meill\u00e4.<\/p>\n<p>Alla traileri.<\/p>\n<p><img loading=\"lazy\" decoding=\"async\" alt=\"YouTube video\" width=\"480\" height=\"360\" data-pin-nopin=\"true\" nopin=\"nopin\" class=\"perfmatters-lazy\" src=\"https:\/\/www.europesays.com\/fi\/wp-content\/uploads\/2026\/01\/1768337587_883_hqdefault.jpg\"\/><\/p>\n<p>Lue my\u00f6s: <a href=\"https:\/\/www.episodi.fi\/uutiskirje\/?uutiskirjemainos=tekstilinkkimainos\" title=\"Tilaa Episodin uutiskirje ja voit voittaa leffalippuja! Nappaa tv-vinkit suoraan s\u00e4hk\u00f6postiin t\u00e4st\u00e4.\" class=\"underline-custom !font-montserrat !font-bold !underline-offset-4 !decoration-4 !decoration-episodi-blue !text-md\" rel=\"nofollow noopener\" target=\"_blank\">Tilaa Episodin uutiskirje ja voit voittaa leffalippuja! Nappaa katseluvinkit suoraan s\u00e4hk\u00f6postiin t\u00e4st\u00e4.<\/a><\/p>\n","protected":false},"excerpt":{"rendered":"Amerikkalainen MGM+-suoratoistopalvelu on julkaissut Vanished-nimisen neliosaisen minisarjan trailerin. Sarjan p\u00e4\u00e4osissa ovat Rillit huurussa -stara Kaley Cuoco ja Sam&hellip;\n","protected":false},"author":2,"featured_media":141485,"comment_status":"","ping_status":"","sticky":false,"template":"","format":"standard","meta":{"footnotes":""},"categories":[133],"tags":[137,33,31,30,24363,24364,32,206,156,24365,109],"class_list":{"0":"post-141484","1":"post","2":"type-post","3":"status-publish","4":"format-standard","5":"has-post-thumbnail","7":"category-televisiot","8":"tag-entertainment","9":"tag-fi","10":"tag-finland","11":"tag-finnish","12":"tag-kaley-cuoco","13":"tag-sam-claflin","14":"tag-suomi","15":"tag-televisiot","16":"tag-tv","17":"tag-vanished","18":"tag-viihde"},"share_on_mastodon":{"url":"https:\/\/pubeurope.com\/@fi\/115889779735392105","error":""},"_links":{"self":[{"href":"https:\/\/www.europesays.com\/fi\/wp-json\/wp\/v2\/posts\/141484","targetHints":{"allow":["GET"]}}],"collection":[{"href":"https:\/\/www.europesays.com\/fi\/wp-json\/wp\/v2\/posts"}],"about":[{"href":"https:\/\/www.europesays.com\/fi\/wp-json\/wp\/v2\/types\/post"}],"author":[{"embeddable":true,"href":"https:\/\/www.europesays.com\/fi\/wp-json\/wp\/v2\/users\/2"}],"replies":[{"embeddable":true,"href":"https:\/\/www.europesays.com\/fi\/wp-json\/wp\/v2\/comments?post=141484"}],"version-history":[{"count":0,"href":"https:\/\/www.europesays.com\/fi\/wp-json\/wp\/v2\/posts\/141484\/revisions"}],"wp:featuredmedia":[{"embeddable":true,"href":"https:\/\/www.europesays.com\/fi\/wp-json\/wp\/v2\/media\/141485"}],"wp:attachment":[{"href":"https:\/\/www.europesays.com\/fi\/wp-json\/wp\/v2\/media?parent=141484"}],"wp:term":[{"taxonomy":"category","embeddable":true,"href":"https:\/\/www.europesays.com\/fi\/wp-json\/wp\/v2\/categories?post=141484"},{"taxonomy":"post_tag","embeddable":true,"href":"https:\/\/www.europesays.com\/fi\/wp-json\/wp\/v2\/tags?post=141484"}],"curies":[{"name":"wp","href":"https:\/\/api.w.org\/{rel}","templated":true}]}}