{"id":141486,"date":"2026-01-13T20:54:07","date_gmt":"2026-01-13T20:54:07","guid":{"rendered":"https:\/\/www.europesays.com\/fi\/141486\/"},"modified":"2026-01-13T20:54:07","modified_gmt":"2026-01-13T20:54:07","slug":"yhteislaulu-soi-jyvaskylan-kirjastoissa-tammikuusta-huhtikuulle-keski-suomi","status":"publish","type":"post","link":"https:\/\/www.europesays.com\/fi\/141486\/","title":{"rendered":"Yhteislaulu soi Jyv\u00e4skyl\u00e4n kirjastoissa tammikuusta huhtikuulle | Keski-Suomi"},"content":{"rendered":"<p>Jyv\u00e4skyl\u00e4n kirjastoissa j\u00e4rjestet\u00e4\u00e4n kev\u00e4\u00e4n aikana Laulusta voimaa -yhteislaulutilaisuuksia. Kaikille avoimissa ja maksuttomissa tapahtumissa lauletaan yhdess\u00e4 ikivihreit\u00e4 s\u00e4velmi\u00e4. Tilaisuuksia luotsaavat muusikko <strong>Niko Saloheimo<\/strong> ja Kruuvaus-yhtyeest\u00e4 tutut solistit <strong>Emmi Aarnio-Mets\u00e4nen<\/strong> ja <strong>Tiina Laitinen<\/strong>.<\/p>\n","protected":false},"excerpt":{"rendered":"Jyv\u00e4skyl\u00e4n kirjastoissa j\u00e4rjestet\u00e4\u00e4n kev\u00e4\u00e4n aikana Laulusta voimaa -yhteislaulutilaisuuksia. Kaikille avoimissa ja maksuttomissa tapahtumissa lauletaan yhdess\u00e4 ikivihreit\u00e4 s\u00e4velmi\u00e4. Tilaisuuksia&hellip;\n","protected":false},"author":2,"featured_media":141487,"comment_status":"","ping_status":"","sticky":false,"template":"","format":"standard","meta":{"footnotes":""},"categories":[132],"tags":[137,33,31,30,425,940,3200,195,47,3018,32,484,2590,109],"class_list":{"0":"post-141486","1":"post","2":"type-post","3":"status-publish","4":"format-standard","5":"has-post-thumbnail","7":"category-musiikki","8":"tag-entertainment","9":"tag-fi","10":"tag-finland","11":"tag-finnish","12":"tag-jyvaskyla","13":"tag-korpilahti","14":"tag-metsa","15":"tag-music","16":"tag-musiikki","17":"tag-muusikko","18":"tag-suomi","19":"tag-taiteellinen-ilmaisu-ja-mediat","20":"tag-tanaan","21":"tag-viihde"},"share_on_mastodon":{"url":"https:\/\/pubeurope.com\/@fi\/115889783638022575","error":""},"_links":{"self":[{"href":"https:\/\/www.europesays.com\/fi\/wp-json\/wp\/v2\/posts\/141486","targetHints":{"allow":["GET"]}}],"collection":[{"href":"https:\/\/www.europesays.com\/fi\/wp-json\/wp\/v2\/posts"}],"about":[{"href":"https:\/\/www.europesays.com\/fi\/wp-json\/wp\/v2\/types\/post"}],"author":[{"embeddable":true,"href":"https:\/\/www.europesays.com\/fi\/wp-json\/wp\/v2\/users\/2"}],"replies":[{"embeddable":true,"href":"https:\/\/www.europesays.com\/fi\/wp-json\/wp\/v2\/comments?post=141486"}],"version-history":[{"count":0,"href":"https:\/\/www.europesays.com\/fi\/wp-json\/wp\/v2\/posts\/141486\/revisions"}],"wp:featuredmedia":[{"embeddable":true,"href":"https:\/\/www.europesays.com\/fi\/wp-json\/wp\/v2\/media\/141487"}],"wp:attachment":[{"href":"https:\/\/www.europesays.com\/fi\/wp-json\/wp\/v2\/media?parent=141486"}],"wp:term":[{"taxonomy":"category","embeddable":true,"href":"https:\/\/www.europesays.com\/fi\/wp-json\/wp\/v2\/categories?post=141486"},{"taxonomy":"post_tag","embeddable":true,"href":"https:\/\/www.europesays.com\/fi\/wp-json\/wp\/v2\/tags?post=141486"}],"curies":[{"name":"wp","href":"https:\/\/api.w.org\/{rel}","templated":true}]}}