{"id":141490,"date":"2026-01-13T20:57:07","date_gmt":"2026-01-13T20:57:07","guid":{"rendered":"https:\/\/www.europesays.com\/fi\/141490\/"},"modified":"2026-01-13T20:57:07","modified_gmt":"2026-01-13T20:57:07","slug":"historiallisen-suuri-tappio-tyttoleijonat-havisi-0-14","status":"publish","type":"post","link":"https:\/\/www.europesays.com\/fi\/141490\/","title":{"rendered":"Historiallisen suuri tappio: Tytt\u00f6leijonat h\u00e4visi 0\u201314"},"content":{"rendered":"<p>J\u00e4\u00e4kiekko|Tytt\u00f6leijonia uhkaa putoaminen 1. divisioonaan.<\/p>\n<p class=\"article-body mb-nof-24 px-nof-16\">Yhdysvallat antoi Suomelle k\u00e4sitt\u00e4m\u00e4tt\u00f6m\u00e4n selk\u00e4saunan alle 18-vuotiaiden tytt\u00f6jen MM-j\u00e4\u00e4kiekossa Kanadan Sydenyss\u00e4 tiistaina.<\/p>\n<p class=\"article-body mb-nof-24 px-nof-16\">Hallitsevan mestarin suurinumeroinen voitto oli odotettu, mutta 0\u201314-tappio on Tytt\u00f6leijonien MM-historian suurin.<\/p>\n<p class=\"article-body mb-nof-24 px-nof-16\">Tytt\u00f6leijonat sai pidetty\u00e4 Yhdysvallan maaleitta seitsem\u00e4n peliminuutin ajan, mink\u00e4 j\u00e4lkeen j\u00e4\u00e4ll\u00e4 oli kuvainnollisesti vain yksi joukkue.<\/p>\n<p class=\"article-body mb-nof-24 px-nof-16\">Maalivahdit <a class=\"font-bold underline-offset-[0.12em] [text-decoration:var(--person-link-text-decoration)] ![text-decoration-color:var(--person-link-text-decoration-color)]\" href=\"https:\/\/www.hs.fi\/haku\/?query=Pihla%20Ikonen\" rel=\"nofollow noopener\" target=\"_blank\">Pihla Ikonen<\/a> ja <a class=\"font-bold underline-offset-[0.12em] [text-decoration:var(--person-link-text-decoration)] ![text-decoration-color:var(--person-link-text-decoration-color)]\" href=\"https:\/\/www.hs.fi\/haku\/?query=Saimi%20Pesola\" rel=\"nofollow noopener\" target=\"_blank\">Saimi Pesola <\/a>vaikuttivat suomalaisista eniten peliin, sill\u00e4 laukaukset maalia kohti kirjattiin per\u00e4ti 71\u20137.<\/p>\n<p class=\"article-body mb-nof-24 px-nof-16\">Yhdysvaltain <a class=\"font-bold underline-offset-[0.12em] [text-decoration:var(--person-link-text-decoration)] ![text-decoration-color:var(--person-link-text-decoration-color)]\" href=\"https:\/\/www.hs.fi\/haku\/?query=Jane%20Daley\" rel=\"nofollow noopener\" target=\"_blank\">Jane Daley<\/a> teki tehot 3+1. H\u00e4n on haalinut kyp\u00e4r\u00e4tempun jokaisessa peliss\u00e4\u00e4n kuluvassa turnauksessa.<\/p>\n<p class=\"article-body mb-nof-24 px-nof-16\">Suomi h\u00e4visi kaikki kolme lohko-otteluaan kokonaismaalierolla 3\u201328. Niinp\u00e4 puoliv\u00e4lier\u00e4vastus on toisen lohkon ykk\u00f6nen, joka m\u00e4\u00e4rittyy Kanada\u2013Ruotsi-pelin voittajasta.<\/p>\n<p class=\"article-body mb-nof-24 px-nof-16\">Kanada ei ole koskaan h\u00e4vinnyt Ruotsille t\u00e4m\u00e4n ik\u00e4luokan MM-kisoissa, eik\u00e4 t\u00e4m\u00e4n vuoden alkuturnaus ole osoittanut syyt\u00e4 muutokseen.<\/p>\n<p class=\"article-body mb-nof-24 px-nof-16\">Kaikki nelj\u00e4 puoliv\u00e4lier\u00e4\u00e4 pelataan torstaina, mutta otteluj\u00e4rjestyst\u00e4 ei ole p\u00e4\u00e4tetty.<\/p>\n<p class=\"article-body mb-nof-24 px-nof-16\">Kun katsoo aiempien vuosien turnauksia, on todenn\u00e4k\u00f6isint\u00e4, ett\u00e4 j\u00e4rjest\u00e4j\u00e4maa pelaa kello 17.30 alkavassa kamppailussa.<\/p>\n<p class=\"article-body mb-nof-24 px-nof-16\">Silloin ottelu alkaisi Suomen aikaa kello 23.30.<\/p>\n<p class=\"article-body mb-nof-24 px-nof-16\">Mik\u00e4li Suomi h\u00e4vi\u00e4\u00e4 puoliv\u00e4lier\u00e4ns\u00e4, turnaus ei p\u00e4\u00e4ty, koska lohkojumbot kohtaavat putoamiskarsinnassa lauantaina. Sen h\u00e4vi\u00e4j\u00e4 joutuu 1. divisioonaan ensi vuonna.<\/p>\n<p class=\"article-body mb-nof-24 px-nof-16\">Suomi ei ole koskaan h\u00e4vinnyt kaikkia otteluitaan alle 18-vuotiaiden tytt\u00f6jen MM-kiekossa.<\/p>\n","protected":false},"excerpt":{"rendered":"J\u00e4\u00e4kiekko|Tytt\u00f6leijonia uhkaa putoaminen 1. divisioonaan. Yhdysvallat antoi Suomelle k\u00e4sitt\u00e4m\u00e4tt\u00f6m\u00e4n selk\u00e4saunan alle 18-vuotiaiden tytt\u00f6jen MM-j\u00e4\u00e4kiekossa Kanadan Sydenyss\u00e4 tiistaina. Hallitsevan&hellip;\n","protected":false},"author":2,"featured_media":141491,"comment_status":"","ping_status":"","sticky":false,"template":"","format":"standard","meta":{"footnotes":""},"categories":[158],"tags":[33,31,30,46,159,32,160],"class_list":{"0":"post-141490","1":"post","2":"type-post","3":"status-publish","4":"format-standard","5":"has-post-thumbnail","7":"category-urheilu","8":"tag-fi","9":"tag-finland","10":"tag-finnish","11":"tag-helsingin-sanomat","12":"tag-sports","13":"tag-suomi","14":"tag-urheilu"},"share_on_mastodon":{"url":"https:\/\/pubeurope.com\/@fi\/115889795458060126","error":""},"_links":{"self":[{"href":"https:\/\/www.europesays.com\/fi\/wp-json\/wp\/v2\/posts\/141490","targetHints":{"allow":["GET"]}}],"collection":[{"href":"https:\/\/www.europesays.com\/fi\/wp-json\/wp\/v2\/posts"}],"about":[{"href":"https:\/\/www.europesays.com\/fi\/wp-json\/wp\/v2\/types\/post"}],"author":[{"embeddable":true,"href":"https:\/\/www.europesays.com\/fi\/wp-json\/wp\/v2\/users\/2"}],"replies":[{"embeddable":true,"href":"https:\/\/www.europesays.com\/fi\/wp-json\/wp\/v2\/comments?post=141490"}],"version-history":[{"count":0,"href":"https:\/\/www.europesays.com\/fi\/wp-json\/wp\/v2\/posts\/141490\/revisions"}],"wp:featuredmedia":[{"embeddable":true,"href":"https:\/\/www.europesays.com\/fi\/wp-json\/wp\/v2\/media\/141491"}],"wp:attachment":[{"href":"https:\/\/www.europesays.com\/fi\/wp-json\/wp\/v2\/media?parent=141490"}],"wp:term":[{"taxonomy":"category","embeddable":true,"href":"https:\/\/www.europesays.com\/fi\/wp-json\/wp\/v2\/categories?post=141490"},{"taxonomy":"post_tag","embeddable":true,"href":"https:\/\/www.europesays.com\/fi\/wp-json\/wp\/v2\/tags?post=141490"}],"curies":[{"name":"wp","href":"https:\/\/api.w.org\/{rel}","templated":true}]}}