{"id":141492,"date":"2026-01-13T20:58:08","date_gmt":"2026-01-13T20:58:08","guid":{"rendered":"https:\/\/www.europesays.com\/fi\/141492\/"},"modified":"2026-01-13T20:58:08","modified_gmt":"2026-01-13T20:58:08","slug":"temple-of-void-julkaisi-tulevan-the-crawl-albumin-nimikkosinglen-kaaoszine","status":"publish","type":"post","link":"https:\/\/www.europesays.com\/fi\/141492\/","title":{"rendered":"Temple of Void julkaisi tulevan \u201cThe Crawl\u201d -albumin nimikkosinglen- KaaosZine"},"content":{"rendered":"<p>Detroitilainen death doom -yhtye <strong>Temple of Void<\/strong> julkaisi uuden singlen \u201cThe Crawl\u201d. Kappale toimii nimiraitana yhtyeen tulevalta t\u00e4yspitk\u00e4lt\u00e4 albumilta \u201cThe Crawl\u201d, joka ilmestyy ilmestyy 20. maaliskuuta Relapse Recordsin kautta.<\/p>\n<p>Uusi kappale nojaa vahvasti yhtyeen tuttuun tyyliin. Mukana on murskaavaa death metal -painoa, ja lis\u00e4ksi hitaasti kytev\u00e4\u00e4 doom-tunnelmaa. \u201cThe Crawl\u201d etenee m\u00e4\u00e4r\u00e4tietoisesti ilman kiirett\u00e4. Samalla se iskee suoraan, eik\u00e4 p\u00e4\u00e4st\u00e4 kuulijaa helpolla.<\/p>\n<p>J\u00e4rjestyksess\u00e4\u00e4n yhtyeen viides studioalbumi seuraa vuonna 2020 ilmestynytt\u00e4 \u201cThe World That Was\u201d -levy\u00e4. Sen j\u00e4lkeen <strong>Temple of Void<\/strong> on jatkanut ilmeens\u00e4 hiomista. Soundi pysyy raskaana ja synkk\u00e4n\u00e4, mutta kappalerakenteet tuntuvat aiempaa tiukemmilta. T\u00e4st\u00e4 syyst\u00e4 uusi materiaali kuulostaa suoraviivaisemmalta, kuitenkaan luopumatta tutusta ahdistavasta ilmapiirist\u00e4.<\/p>\n<p>Artikkeli jatkuu mainoksen j\u00e4lkeen<a class=\"gofollow\" data-track=\"MjgzMyw0MCwxLDYw\" href=\"https:\/\/www.tiketti.fi\/sylosis-revocation-distant-life-cycles-tavastia-klubi-lippuja\/110679\" rel=\"nofollow noopener\" target=\"_blank\"><img decoding=\"async\" src=\"https:\/\/www.europesays.com\/fi\/wp-content\/uploads\/2026\/01\/sylosis-980x400-1.png\"\/><\/a>Mainos p\u00e4\u00e4ttyy<\/p>\n<p>Yhtyeen mukaan \u201cThe Crawl\u201d k\u00e4sittelee kulumista, kamppailua ja hallinnan hidasta murenemista. T\u00e4m\u00e4 v\u00e4littyy erityisesti kappaleen tempossa ja painostavassa s\u00e4vyss\u00e4. Se ei kiirehdi, mutta ei my\u00f6sk\u00e4\u00e4n hellit\u00e4 otettaan miss\u00e4\u00e4n vaiheessa. N\u00e4in ollen odotukset koko albumia kohtaan ovat nousussa.<\/p>\n<ol class=\"wp-block-list\">\n<li>Poison Icon<\/li>\n<li>Godless Cynic<\/li>\n<li>The Crawl<\/li>\n<li>A Dead Issue<\/li>\n<li>Thy Mountain Eternal<\/li>\n<li>Soulburn<\/li>\n<li>The Twin Stranger<\/li>\n<\/ol>\n<p><a class=\"gofollow\" data-track=\"MjgzMyw0OCwxLDYw\" href=\"https:\/\/www.tiketti.fi\/sylosis-revocation-distant-life-cycles-tavastia-klubi-lippuja\/110679\" rel=\"nofollow noopener\" target=\"_blank\"><img decoding=\"async\" src=\"https:\/\/www.europesays.com\/fi\/wp-content\/uploads\/2026\/01\/sylosis-980x400-1.png\"\/><\/a>        <\/p>\n","protected":false},"excerpt":{"rendered":"Detroitilainen death doom -yhtye Temple of Void julkaisi uuden singlen \u201cThe Crawl\u201d. Kappale toimii nimiraitana yhtyeen tulevalta t\u00e4yspitk\u00e4lt\u00e4&hellip;\n","protected":false},"author":2,"featured_media":141493,"comment_status":"","ping_status":"","sticky":false,"template":"","format":"standard","meta":{"footnotes":""},"categories":[130],"tags":[137,33,31,30,24366,32,24367,109],"class_list":{"0":"post-141492","1":"post","2":"type-post","3":"status-publish","4":"format-standard","5":"has-post-thumbnail","7":"category-viihde","8":"tag-entertainment","9":"tag-fi","10":"tag-finland","11":"tag-finnish","12":"tag-relapse-records","13":"tag-suomi","14":"tag-temple-of-void","15":"tag-viihde"},"share_on_mastodon":{"url":"https:\/\/pubeurope.com\/@fi\/115889799382229882","error":""},"_links":{"self":[{"href":"https:\/\/www.europesays.com\/fi\/wp-json\/wp\/v2\/posts\/141492","targetHints":{"allow":["GET"]}}],"collection":[{"href":"https:\/\/www.europesays.com\/fi\/wp-json\/wp\/v2\/posts"}],"about":[{"href":"https:\/\/www.europesays.com\/fi\/wp-json\/wp\/v2\/types\/post"}],"author":[{"embeddable":true,"href":"https:\/\/www.europesays.com\/fi\/wp-json\/wp\/v2\/users\/2"}],"replies":[{"embeddable":true,"href":"https:\/\/www.europesays.com\/fi\/wp-json\/wp\/v2\/comments?post=141492"}],"version-history":[{"count":0,"href":"https:\/\/www.europesays.com\/fi\/wp-json\/wp\/v2\/posts\/141492\/revisions"}],"wp:featuredmedia":[{"embeddable":true,"href":"https:\/\/www.europesays.com\/fi\/wp-json\/wp\/v2\/media\/141493"}],"wp:attachment":[{"href":"https:\/\/www.europesays.com\/fi\/wp-json\/wp\/v2\/media?parent=141492"}],"wp:term":[{"taxonomy":"category","embeddable":true,"href":"https:\/\/www.europesays.com\/fi\/wp-json\/wp\/v2\/categories?post=141492"},{"taxonomy":"post_tag","embeddable":true,"href":"https:\/\/www.europesays.com\/fi\/wp-json\/wp\/v2\/tags?post=141492"}],"curies":[{"name":"wp","href":"https:\/\/api.w.org\/{rel}","templated":true}]}}