{"id":141494,"date":"2026-01-13T21:01:11","date_gmt":"2026-01-13T21:01:11","guid":{"rendered":"https:\/\/www.europesays.com\/fi\/141494\/"},"modified":"2026-01-13T21:01:11","modified_gmt":"2026-01-13T21:01:11","slug":"trumpilla-tekematon-paikka-luvut-ennustavat-taystuhoa","status":"publish","type":"post","link":"https:\/\/www.europesays.com\/fi\/141494\/","title":{"rendered":"Trumpilla tekem\u00e4t\u00f6n paikka \u2013 Luvut ennustavat t\u00e4ystuhoa"},"content":{"rendered":"<p><a href=\"https:\/\/www.iltalehti.fi\/kirjoittajat\/Heikki Mulari\" class=\"article-description-pov-author\" rel=\"nofollow noopener\" target=\"_blank\"><\/p>\n<p>Heikki Mulari<\/p>\n<p><img decoding=\"async\" class=\"author-image\" src=\"https:\/\/www.europesays.com\/fi\/wp-content\/uploads\/2025\/08\/55057cf5d20fc97d46973cf4cbfa3ce4973d5dfc784fb6d41cb681e85f85d2a1.png\" alt=\"\"\/><\/a><\/p>\n<p>Trumpin oikeusministeri\u00f6n ennenn\u00e4kem\u00e4t\u00f6n hy\u00f6kk\u00e4ys keskuspankin p\u00e4\u00e4johtajaa vastaan on paniikinomainen voimann\u00e4ytt\u00f6 presidentilt\u00e4, joka tiet\u00e4\u00e4 aikansa olevan kortilla, kirjoittaa Iltalehden ulkomaantoimittaja Heikki Mulari.<\/p>\n<p>T\u00e4n\u00e4\u00e4n klo 20:31<\/p>\n<p><img decoding=\"async\" class=\"image image-show image-preview\" src=\"https:\/\/www.europesays.com\/fi\/wp-content\/uploads\/2025\/12\/eb77056a3267b9bd7257f6865c5f8b01a54772b58ab86b6bfa30c229b81ad37d.jpg\" alt=\"\"\/><img decoding=\"async\" class=\"image image-show\" src=\"https:\/\/www.europesays.com\/fi\/wp-content\/uploads\/2026\/01\/eb77056a3267b9bd7257f6865c5f8b01a54772b58ab86b6bfa30c229b81ad37d.jpg\" alt=\"\"\/><\/p>\n<p>Donald Trump on tehnyt selv\u00e4ksi odotuksensa Yhdysvaltain keskuspankin Federal Reserven toimien suhteen. ZumaWire \/ MVPHOTOS<\/p>\n<p class=\"paragraph\"><a href=\"https:\/\/www.iltalehti.fi\/henkilot\/Donald Trump\" class=\"article-link-person-page\" rel=\"nofollow noopener\" target=\"_blank\">Donald Trumpin<\/a> l\u00e4hestyess\u00e4 toisen presidenttikautensa ensimm\u00e4ist\u00e4 vuosip\u00e4iv\u00e4\u00e4, Valkoisessa talossa ei suinkaan juhlita saavutuksia vaan etsit\u00e4\u00e4n kuumeisesti syyllisi\u00e4.<\/p>\n<p class=\"paragraph\">Viimeisin todiste t\u00e4st\u00e4 on viime viikonloppuna Yhdysvaltain oikeusministeri\u00f6n aloittama rikostutkinta keskuspankki Fedin p\u00e4\u00e4johtajasta <a href=\"https:\/\/www.iltalehti.fi\/henkilot\/Jerome Powell\" class=\"article-link-person-page\" rel=\"nofollow noopener\" target=\"_blank\">Jerome Powellista<\/a>.<\/p>\n<p class=\"paragraph\">Virallinen syy tutkinnalle on v\u00e4itetyt ep\u00e4selvyydet keskuspankin toimistorakennusten remonttikuluissa, mutta se tuskin h\u00e4m\u00e4\u00e4 en\u00e4\u00e4 ket\u00e4\u00e4n.<\/p>\n<p class=\"paragraph\">\u2013 Rikossyytteiden uhka johtuu siit\u00e4, ett\u00e4 keskuspankki on m\u00e4\u00e4ritt\u00e4nyt korkopolitiikkansa oman arvionsa mukaan yleisen edun perusteella eik\u00e4 presidentin toiveita seuraten, Powell <a href=\"https:\/\/www.federalreserve.gov\/newsevents\/speech\/powell20260111a.htm\" target=\"_blank\" rel=\"noopener nofollow\">sanoi<\/a> itse tiedotustilaisuudessa maanantaina.<\/p>\n<p class=\"paragraph\">Trump puolestaan esitti tiet\u00e4m\u00e4t\u00f6nt\u00e4, kun h\u00e4nelt\u00e4 kysyttiin tutkinnasta.<\/p>\n<p class=\"paragraph\">\u2013 En tied\u00e4 siit\u00e4 mit\u00e4\u00e4n, mutta h\u00e4n ei todellakaan ole kovin hyv\u00e4 Fediss\u00e4, eik\u00e4 h\u00e4n ole kovin hyv\u00e4 rakennusten rakentamisessakaan, Trump <a href=\"https:\/\/www.nbcnews.com\/politics\/donald-trump\/trump-denies-involvement-doj-fed-subpoena-jerome-powell-rcna253526\" target=\"_blank\" rel=\"noopener nofollow\">sivalsi<\/a> yhdysvaltalaiskanava NBC:n haastattelussa.<\/p>\n<p class=\"paragraph\">Trumpin tarkoituksena n\u00e4ytt\u00e4\u00e4 olevan osoittaa, ettei mik\u00e4\u00e4n instituutio \u2013 ei edes talouden pyhimp\u00e4n\u00e4 pidetty keskuspankki \u2013 ole turvassa, jos se ei toimi presidentin tahdon mukaan.<\/p>\n<p class=\"paragraph\">Powell on ollut Trumpin kiikarissa aina siit\u00e4 asti, kun presidentti astui virkaansa vuosi sitten.<\/p>\n<p class=\"paragraph\">Trumpin silmiss\u00e4 Powellin suurin synti on se, ettei h\u00e4n ole suostunut poliittiseksi pelinappulaksi.<\/p>\n<p class=\"paragraph\">Trump on toistuvasti vaatinut Fedilt\u00e4 aggressiivisia koronlaskuja saadakseen Yhdysvaltain talouden n\u00e4ytt\u00e4m\u00e4\u00e4n paremmalta, mutta Powell on pit\u00e4nyt p\u00e4\u00e4ns\u00e4 kylm\u00e4n\u00e4.<\/p>\n<p class=\"paragraph\">Trump ilmeisesti uskoo koronlaskujen olevan helppo tapa ostaa \u00e4\u00e4nest\u00e4jien suosio.<\/p>\n<p class=\"paragraph\">Taustalla jyskytt\u00e4\u00e4 se tosiasia, ett\u00e4 Trumpin keskeisin vaalilupaus hintojen laskemisesta on viel\u00e4 pahasti kesken.<\/p>\n<p class=\"paragraph\">Yhdysvaltain keskuspankin <a href=\"https:\/\/www.chicagofed.org\/publications\/chicago-fed-letter\/2023\/483?\" target=\"_blank\" rel=\"noopener nofollow\">tutkimuksen<\/a> mukaan monet rahapolitiikan vaikutukset n\u00e4ytt\u00e4ytyv\u00e4t suhteellisen nopeasti taloudessa, kun markkinaodotukset ja lainakustannukset mukautuvat Fedin p\u00e4\u00e4t\u00f6ksiin ja viestint\u00e4\u00e4n.<\/p>\n<p class=\"paragraph\">Koronlaskujen my\u00f6t\u00e4 halventuvat asuntolainat ja nousevat p\u00f6rssikurssit saisivat talouden n\u00e4ytt\u00e4m\u00e4\u00e4n hetkellisesti paremmalta, vaikka hintana lopulta olisikin kiihtyv\u00e4 inflaatio.<\/p>\n<p class=\"paragraph\">Powellin virkakausi p\u00e4\u00e4ttyy kev\u00e4\u00e4ll\u00e4, mutta tutkinnan aloittaminen l\u00e4hett\u00e4\u00e4 signaalin my\u00f6s h\u00e4nen seuraajalleen, ett\u00e4 jos vastustaa presidentti\u00e4, seuraukset voivat jatkua my\u00f6s pestin p\u00e4\u00e4tytty\u00e4.<\/p>\n<p class=\"paragraph\">Tilanteen vakavuudesta kielii my\u00f6s se, ett\u00e4 maanantaina Yhdysvaltain talouseliitti yhdisti voimansa poikkeuksellisella tavalla.<\/p>\n<p class=\"paragraph\">Kolme entist\u00e4 Fedin p\u00e4\u00e4johtajaa, <a href=\"https:\/\/www.iltalehti.fi\/henkilot\/Janet Yellen\" class=\"article-link-person-page\" rel=\"nofollow noopener\" target=\"_blank\">Janet Yellen<\/a>, <a href=\"https:\/\/www.iltalehti.fi\/henkilot\/Ben Bernanke\" class=\"article-link-person-page\" rel=\"nofollow noopener\" target=\"_blank\">Ben Bernanke<\/a> ja <a href=\"https:\/\/www.iltalehti.fi\/henkilot\/Alan Greenspan\" class=\"article-link-person-page\" rel=\"nofollow noopener\" target=\"_blank\">Alan Greenspan<\/a>, <a href=\"https:\/\/jointstatement.substack.com\/p\/statement-on-the-federal-reserve\" target=\"_blank\" rel=\"noopener nofollow\">julkaisivat<\/a> h\u00e4t\u00e4huudon, jonka allekirjoitti heid\u00e4n lis\u00e4kseen kymmeni\u00e4 entisi\u00e4 huippuvirkamiehi\u00e4 yli puoluerajojen.<\/p>\n<p class=\"paragraph\">Mukana on entisi\u00e4 valtiovarainministereit\u00e4 ja talousneuvonantajia niin republikaani- kuin demokraattihallinnoista.<\/p>\n<p class=\"paragraph\">\u2013 N\u00e4in rahapolitiikkaa tehd\u00e4\u00e4n kehittyvill\u00e4 markkinoilla, joissa on heikot instituutiot, ja seuraukset inflaatiolle ja talouden toiminnalle ovat eritt\u00e4in negatiiviset, lausunnossa sanotaan.<\/p>\n<p class=\"paragraph\">\u2013 T\u00e4llaiselle menettelylle ei ole sijaa Yhdysvalloissa, jonka suurin vahvuus on oikeusvaltio, ja juuri se on taloudellisen menestyksemme perusta.<\/p>\n<p class=\"paragraph\">Huoli keskuspankin riippumattomuudesta levisi v\u00e4litt\u00f6m\u00e4sti my\u00f6s Yhdysvaltojen ulkopuolelle.<\/p>\n<p class=\"paragraph\">Uutistoimisto Bloombergin <a href=\"https:\/\/www.bloomberg.com\/news\/articles\/2026-01-13\/central-banks-work-on-statement-in-solidarity-with-fed-s-powell?\" target=\"_blank\" rel=\"noopener nofollow\">l\u00e4hteiden mukaan<\/a> maailman keskuspankit valmistelevat parhaillaan Kansainv\u00e4lisen j\u00e4rjestelypankin (BIS) johdolla poikkeuksellista yhteist\u00e4 julkilausumaa osoittaakseen solidaarisuutta Powellille.<\/p>\n<p class=\"paragraph\">Kanadan keskuspankin p\u00e4\u00e4johtaja <strong>Tiff Macklem<\/strong> ehti jo maanantaina antaa t\u00e4yden tukensa kollegalleen todeten, ett\u00e4 Powell tekee p\u00e4\u00e4t\u00f6ksi\u00e4 \u201dtodisteiden, ei politiikan perusteella\u201d.<\/p>\n<p class=\"paragraph\">Suomeksi sanottuna Trump k\u00e4ytt\u00e4ytyy siis kuin pahaisen banaanitasavallan diktaattori.<\/p>\n<p class=\"paragraph\">Miksi Trumpilla on niin kova kiire alistaa keskuspankki juuri nyt?<\/p>\n<p class=\"paragraph\">Koska h\u00e4n pelk\u00e4\u00e4.<\/p>\n<p class=\"paragraph\">Trump paljasti asian itse \u00e4\u00e4neen tammikuun alussa puhuessaan puolueensa kongressiedustajille. Trump varoitti, ett\u00e4 syksyn v\u00e4livaalit ovat el\u00e4m\u00e4n ja kuoleman kysymys.<\/p>\n<p class=\"paragraph\">\u2013 Teid\u00e4n on pakko voittaa v\u00e4livaalit, koska jos me emme voita, demokraatit l\u00f6yt\u00e4v\u00e4t syyn asettaa minut virkasyytteeseen. Minut asetetaan virkasyytteeseen, Trump <a href=\"https:\/\/www.reuters.com\/world\/us\/trump-house-republicans-if-we-dont-win-midterms-i-will-get-impeached-2026-01-06\/\" target=\"_blank\" rel=\"noopener nofollow\">jyrisi<\/a>.<\/p>\n<p class=\"paragraph\">Trumpin paniikkia selitt\u00e4v\u00e4t <a href=\"https:\/\/www.economist.com\/interactive\/trump-approval-tracker\" target=\"_blank\" rel=\"noopener nofollow\">kylm\u00e4t luvut<\/a>, sill\u00e4 h\u00e4nen suosionsa on romahtanut alle 40 prosentin maanlaajuisesti.<\/p>\n<p class=\"paragraph\">Yhdysvaltain v\u00e4livaalihistoriassa <a href=\"https:\/\/www.presidency.ucsb.edu\/analyses\/the-2022-midterm-elections-what-the-historical-data-suggest?\" target=\"_blank\" rel=\"noopener nofollow\">ei ole aiemmin n\u00e4hty<\/a>, ett\u00e4 yht\u00e4 heikolla l\u00e4ht\u00f6tilanteella istuva presidentti olisi saanut puolueensa voittoon.<\/p>\n<p class=\"paragraph\">Trump n\u00e4ytt\u00e4\u00e4kin olevan valmis uhraamaan jopa Yhdysvaltain talouden uskottavuuden ja pitk\u00e4n aikav\u00e4lin vakauden yritt\u00e4ess\u00e4\u00e4n pelastaa oman nahkansa.<\/p>\n","protected":false},"excerpt":{"rendered":"Heikki Mulari Trumpin oikeusministeri\u00f6n ennenn\u00e4kem\u00e4t\u00f6n hy\u00f6kk\u00e4ys keskuspankin p\u00e4\u00e4johtajaa vastaan on paniikinomainen voimann\u00e4ytt\u00f6 presidentilt\u00e4, joka tiet\u00e4\u00e4 aikansa olevan kortilla,&hellip;\n","protected":false},"author":2,"featured_media":141495,"comment_status":"","ping_status":"","sticky":false,"template":"","format":"standard","meta":{"footnotes":""},"categories":[76],"tags":[35,79,77,33,31,30,142,637,144,32,78,143,145],"class_list":{"0":"post-141494","1":"post","2":"type-post","3":"status-publish","4":"format-standard","5":"has-post-thumbnail","7":"category-talous","8":"tag-24h","9":"tag-business","10":"tag-economy","11":"tag-fi","12":"tag-finland","13":"tag-finnish","14":"tag-poliitikot","15":"tag-politiikka","16":"tag-presidentti","17":"tag-suomi","18":"tag-talous","19":"tag-yhdysvaltain-politiikka","20":"tag-yhdysvaltalaiset-poliittiset-puolueet"},"share_on_mastodon":{"url":"https:\/\/pubeurope.com\/@fi\/115889811363152537","error":""},"_links":{"self":[{"href":"https:\/\/www.europesays.com\/fi\/wp-json\/wp\/v2\/posts\/141494","targetHints":{"allow":["GET"]}}],"collection":[{"href":"https:\/\/www.europesays.com\/fi\/wp-json\/wp\/v2\/posts"}],"about":[{"href":"https:\/\/www.europesays.com\/fi\/wp-json\/wp\/v2\/types\/post"}],"author":[{"embeddable":true,"href":"https:\/\/www.europesays.com\/fi\/wp-json\/wp\/v2\/users\/2"}],"replies":[{"embeddable":true,"href":"https:\/\/www.europesays.com\/fi\/wp-json\/wp\/v2\/comments?post=141494"}],"version-history":[{"count":0,"href":"https:\/\/www.europesays.com\/fi\/wp-json\/wp\/v2\/posts\/141494\/revisions"}],"wp:featuredmedia":[{"embeddable":true,"href":"https:\/\/www.europesays.com\/fi\/wp-json\/wp\/v2\/media\/141495"}],"wp:attachment":[{"href":"https:\/\/www.europesays.com\/fi\/wp-json\/wp\/v2\/media?parent=141494"}],"wp:term":[{"taxonomy":"category","embeddable":true,"href":"https:\/\/www.europesays.com\/fi\/wp-json\/wp\/v2\/categories?post=141494"},{"taxonomy":"post_tag","embeddable":true,"href":"https:\/\/www.europesays.com\/fi\/wp-json\/wp\/v2\/tags?post=141494"}],"curies":[{"name":"wp","href":"https:\/\/api.w.org\/{rel}","templated":true}]}}