{"id":141496,"date":"2026-01-13T21:02:08","date_gmt":"2026-01-13T21:02:08","guid":{"rendered":"https:\/\/www.europesays.com\/fi\/141496\/"},"modified":"2026-01-13T21:02:08","modified_gmt":"2026-01-13T21:02:08","slug":"gronlannin-paaministeri-heratti-huomiota-pukeutumalla-siniseen-anorakkiin","status":"publish","type":"post","link":"https:\/\/www.europesays.com\/fi\/141496\/","title":{"rendered":"Gr\u00f6nlannin p\u00e4\u00e4ministeri her\u00e4tti huomiota pukeutumalla siniseen anorakkiin"},"content":{"rendered":"<p>Pukeutuminen|Suomen kielen sana anorakki tulee gr\u00f6nlannista. Anorakki on gr\u00f6nlantilaisissa tavoissa monik\u00e4ytt\u00f6inen vaate, joka sopii virallisiin tilaisuuksiin.<\/p>\n<p>Lue tiivistelm\u00e4<\/p>\n<p class=\"article-body mb-nof-24 px-nof-16 sndp-summary-bullet-point-font\">Gr\u00f6nlannin p\u00e4\u00e4ministeri Jens-Frederik Nielsen pukeutui tiistaina K\u00f6\u00f6penhaminassa pidetyss\u00e4 lehdist\u00f6tilaisuudessa siniseen anorakkiin.<\/p>\n<p class=\"article-body mb-nof-24 px-nof-16 sndp-summary-bullet-point-font\">Anorakki on osa gr\u00f6nlantilaisten miesten perinneasua, jota k\u00e4ytet\u00e4\u00e4n virallisissa tilaisuuksissa ja juhlissa.<\/p>\n<p class=\"article-body mb-nof-24 px-nof-16 sndp-summary-bullet-point-font\">Pukeutuminen saattoi olla viesti Yhdysvaltain presidentti Donald Trumpille, joka on ilmaissut kiinnostuksensa Gr\u00f6nlantia kohtaan.<\/p>\n<p class=\"article-body mb-nof-24 px-nof-16 sndp-summary-bullet-point-font\">Keskiviikkona Nielsen ja Tanskan p\u00e4\u00e4ministeri Mette Frederiksen tapaavat Yhdysvaltain ulkoministeri Marco Rubion ja varapresidentti J. D. Vancen Valkoisessa talossa.<\/p>\n<p class=\"article-body mb-nof-24 px-nof-16\">Tiistaina K\u00f6\u00f6penhaminassa pidettiin lehdist\u00f6tilaisuus, jossa esiintyiv\u00e4t vieretysten Gr\u00f6nlannin p\u00e4\u00e4ministeri <a class=\"font-bold underline-offset-[0.12em] [text-decoration:var(--person-link-text-decoration)] ![text-decoration-color:var(--person-link-text-decoration-color)]\" href=\"https:\/\/www.hs.fi\/haku\/?query=Jens-Frederik%20Nielsen\" rel=\"nofollow noopener\" target=\"_blank\">Jens-Frederik Nielsen<\/a> ja Tanskan p\u00e4\u00e4ministeri <a class=\"font-bold underline-offset-[0.12em] [text-decoration:var(--person-link-text-decoration)] ![text-decoration-color:var(--person-link-text-decoration-color)]\" href=\"https:\/\/www.hs.fi\/haku\/?query=Mette%20Frederiksen\" rel=\"nofollow noopener\" target=\"_blank\">Mette Frederiksen<\/a>.<\/p>\n<p class=\"article-body mb-nof-24 px-nof-16\">Tilaisuudessa <a class=\"underline underline-offset-[0.12em] [text-decoration-thickness:var(--generic-link-underline-thickness)] [text-decoration-color:var(--generic-link-underline-color)] [text-decoration-skip-ink:var(--generic-link-underline-skip-ink)] break-words\" href=\"https:\/\/www.hs.fi\/maailma\/art-2000011746463.html\" rel=\"nofollow noopener\" target=\"_blank\">Nielsen totesi<\/a>, ett\u00e4 Gr\u00f6nlanti aikoo pysy\u00e4 osana Tanskan kuningaskuntaa, Natoa ja Euroopan unionia.<\/p>\n<p class=\"article-body mb-nof-24 px-nof-16\">Tilaisuudessa Nielsenin p\u00e4\u00e4ll\u00e4 n\u00e4htiin sininen hupullinen anorakki. Kyse ei kuitenkaan ole mist\u00e4\u00e4n urheiluvaatteesta tai oloasusta.<\/p>\n<p class=\"article-body mb-nof-24 px-nof-16\">Nuukissa syntyneen Nielsenin, 34, k\u00e4ytt\u00e4m\u00e4 anorakki on osa gr\u00f6nlantilaisten miesten perinneasua. Gr\u00f6nlantilaiset parlamentaarikot esiintyv\u00e4t usein anorakkeihin pukeutuneita, ja Nielsen on itsekin edustanut <a class=\"underline underline-offset-[0.12em] [text-decoration-thickness:var(--generic-link-underline-thickness)] [text-decoration-color:var(--generic-link-underline-color)] [text-decoration-skip-ink:var(--generic-link-underline-skip-ink)] break-words\" href=\"https:\/\/www.axios.com\/2026\/01\/05\/greenland-denmark-us-trump-venezuela\" rel=\"nofollow noopener\" target=\"_blank\">vastaavassa asussa aiemmin<\/a>.<\/p>\n<p class=\"article-body mb-nof-24 px-nof-16\">Perinneasussa n\u00e4ytt\u00e4ytyminen saattoi silti olla Nielsenin viesti Gr\u00f6nlantia havittelevalle Yhdysvaltain presidentille <a class=\"font-bold underline-offset-[0.12em] [text-decoration:var(--person-link-text-decoration)] ![text-decoration-color:var(--person-link-text-decoration-color)]\" href=\"https:\/\/www.hs.fi\/haku\/?query=Donald%20Trumpille\" rel=\"nofollow noopener\" target=\"_blank\">Donald Trumpille<\/a>.<\/p>\n<p class=\"article-body mb-nof-24 px-nof-16\">Keskiviikkona Nielsenin ja Frederiksenin on m\u00e4\u00e4r\u00e4 tavata Yhdysvaltain ulkoministeri <a class=\"font-bold underline-offset-[0.12em] [text-decoration:var(--person-link-text-decoration)] ![text-decoration-color:var(--person-link-text-decoration-color)]\" href=\"https:\/\/www.hs.fi\/haku\/?query=Marco%20Rubion\" rel=\"nofollow noopener\" target=\"_blank\">Marco Rubion<\/a> ja varapresidentti <a class=\"font-bold underline-offset-[0.12em] [text-decoration:var(--person-link-text-decoration)] ![text-decoration-color:var(--person-link-text-decoration-color)]\" href=\"https:\/\/www.hs.fi\/haku\/?query=J.%E2%80%AFD.%20Vancen\" rel=\"nofollow noopener\" target=\"_blank\">J.\u202fD. Vancen<\/a> kanssa Valkoisessa talossa.<\/p>\n<p class=\"article-body mb-nof-24 px-nof-16\">Suomen kielen sana anorakki tulee gr\u00f6nlannin sanasta annoraaq. Gr\u00f6nlantilaisten perinteinen pukeutuminen juontaa juurensa taas inuittien nahkavaatteisiin, jotka ovat l\u00e4mpimi\u00e4 ja kest\u00e4vi\u00e4 arktisissa olosuhteissa.<\/p>\n<p class=\"article-body mb-nof-24 px-nof-16\">Gr\u00f6nlannissa miesten perinnepuku koostuu tyypillisesti valkoisesta anorakista, mustista housuista ja koristelluista kamik-saappaista, kertoo Gr\u00f6nlannin kansallismuseo ja -arkisto <a class=\"underline underline-offset-[0.12em] [text-decoration-thickness:var(--generic-link-underline-thickness)] [text-decoration-color:var(--generic-link-underline-color)] [text-decoration-skip-ink:var(--generic-link-underline-skip-ink)] break-words\" href=\"https:\/\/en.nka.gl\/intangible-topics\/kalaallisuut\/\" rel=\"nofollow noopener\" target=\"_blank\">verkkosivuillaan<\/a>. Valkoisiin pukeutumista kutsutaan termill\u00e4 qaqortumaartoq. My\u00f6s siniharmaa eqalussuaq-anorakki on ollut k\u00e4yt\u00f6ss\u00e4 juhla-asuna.<\/p>\n<p class=\"article-body mb-nof-24 px-nof-16\">Valkoinen anorakki yleistyi miesten juhla-asuna vasta 1920-luvulta alkaen. Sit\u00e4 ennen k\u00e4ytettiin mustaa anorakkia. Valkoista anorakkia k\u00e4ytettiin alun perin my\u00f6s ty\u00f6ss\u00e4, mutta Nuukissa opiskelevat seminaariopiskelijat alkoivat 1920-luvulla k\u00e4ytt\u00e4\u00e4 sit\u00e4 solmion kanssa, mik\u00e4 muutti sen juhla-asuksi.<\/p>\n<p class=\"article-body mb-nof-24 px-nof-16\">Nyky\u00e4\u00e4n asua k\u00e4ytet\u00e4\u00e4n my\u00f6s juhlissa, kuten jouluna, p\u00e4\u00e4si\u00e4isen\u00e4, Gr\u00f6nlannin kansallisp\u00e4iv\u00e4n\u00e4 sek\u00e4 virallisissa tilaisuuksissa.<\/p>\n<p><img decoding=\"async\" src=\"https:\/\/www.europesays.com\/fi\/wp-content\/uploads\/2026\/01\/1768338128_764_468.jpg\" alt=\"Kansallispukuisia gr\u00f6nlantilaislapsia.\" class=\"_Img_1rerz_1\" style=\"aspect-ratio:1\" loading=\"eager\"\/><\/p>\n<p class=\"article-picture-caption\">Kansallispukuisia gr\u00f6nlantilaislapsia. Kuva:\u00a0Kim Hansen \/ Wikimedia<\/p>\n","protected":false},"excerpt":{"rendered":"Pukeutuminen|Suomen kielen sana anorakki tulee gr\u00f6nlannista. Anorakki on gr\u00f6nlantilaisissa tavoissa monik\u00e4ytt\u00f6inen vaate, joka sopii virallisiin tilaisuuksiin. Lue tiivistelm\u00e4&hellip;\n","protected":false},"author":2,"featured_media":141497,"comment_status":"","ping_status":"","sticky":false,"template":"","format":"standard","meta":{"footnotes":""},"categories":[14],"tags":[22,23,26,27,33,31,30,17,46,24,25,28,29,15,18,21,32,19,20,56,16,59,60,61],"class_list":{"0":"post-141496","1":"post","2":"type-post","3":"status-publish","4":"format-standard","5":"has-post-thumbnail","7":"category-ulkomaat","8":"tag-breaking-news","9":"tag-breakingnews","10":"tag-featured-news","11":"tag-featurednews","12":"tag-fi","13":"tag-finland","14":"tag-finnish","15":"tag-headlines","16":"tag-helsingin-sanomat","17":"tag-latest-news","18":"tag-latestnews","19":"tag-main-news","20":"tag-mainnews","21":"tag-news","22":"tag-otsikot","23":"tag-paauutiset","24":"tag-suomi","25":"tag-top-stories","26":"tag-topstories","27":"tag-ulkomaat","28":"tag-uutiset","29":"tag-world","30":"tag-world-news","31":"tag-worldnews"},"share_on_mastodon":{"url":"https:\/\/pubeurope.com\/@fi\/115889815163583212","error":""},"_links":{"self":[{"href":"https:\/\/www.europesays.com\/fi\/wp-json\/wp\/v2\/posts\/141496","targetHints":{"allow":["GET"]}}],"collection":[{"href":"https:\/\/www.europesays.com\/fi\/wp-json\/wp\/v2\/posts"}],"about":[{"href":"https:\/\/www.europesays.com\/fi\/wp-json\/wp\/v2\/types\/post"}],"author":[{"embeddable":true,"href":"https:\/\/www.europesays.com\/fi\/wp-json\/wp\/v2\/users\/2"}],"replies":[{"embeddable":true,"href":"https:\/\/www.europesays.com\/fi\/wp-json\/wp\/v2\/comments?post=141496"}],"version-history":[{"count":0,"href":"https:\/\/www.europesays.com\/fi\/wp-json\/wp\/v2\/posts\/141496\/revisions"}],"wp:featuredmedia":[{"embeddable":true,"href":"https:\/\/www.europesays.com\/fi\/wp-json\/wp\/v2\/media\/141497"}],"wp:attachment":[{"href":"https:\/\/www.europesays.com\/fi\/wp-json\/wp\/v2\/media?parent=141496"}],"wp:term":[{"taxonomy":"category","embeddable":true,"href":"https:\/\/www.europesays.com\/fi\/wp-json\/wp\/v2\/categories?post=141496"},{"taxonomy":"post_tag","embeddable":true,"href":"https:\/\/www.europesays.com\/fi\/wp-json\/wp\/v2\/tags?post=141496"}],"curies":[{"name":"wp","href":"https:\/\/api.w.org\/{rel}","templated":true}]}}