{"id":141498,"date":"2026-01-13T21:03:07","date_gmt":"2026-01-13T21:03:07","guid":{"rendered":"https:\/\/www.europesays.com\/fi\/141498\/"},"modified":"2026-01-13T21:03:07","modified_gmt":"2026-01-13T21:03:07","slug":"paivitys-pelastuslaitoksen-lentoaseman-tehtava-oli-vain-tarkistustehtava-paikalliset","status":"publish","type":"post","link":"https:\/\/www.europesays.com\/fi\/141498\/","title":{"rendered":"P\u00e4ivitys: pelastuslaitoksen lentoaseman teht\u00e4v\u00e4 oli vain tarkistusteht\u00e4v\u00e4 | Paikalliset"},"content":{"rendered":"<p>Pelastuslaitos sai h\u00e4lytyksen suuresta ilmaliikenneonnettomuudesta Helsinki-Vantaan lentokent\u00e4lle hieman ennen kello kymment\u00e4 tiistai-iltana. Tunti tapahtuneen j\u00e4lkeen pelastuslaitos ilmoitti, ett\u00e4 kyseess\u00e4 oli vain tarkistusteht\u00e4v\u00e4. Lentoasemalla ei ollut paloa tai onnettomuutta, joka olisi vaatinut toimenpiteit\u00e4.<\/p>\n<p>Paikalle h\u00e4lytettiin useita pelastuslaitoksen yksik\u00f6it\u00e4.<\/p>\n","protected":false},"excerpt":{"rendered":"Pelastuslaitos sai h\u00e4lytyksen suuresta ilmaliikenneonnettomuudesta Helsinki-Vantaan lentokent\u00e4lle hieman ennen kello kymment\u00e4 tiistai-iltana. Tunti tapahtuneen j\u00e4lkeen pelastuslaitos ilmoitti, ett\u00e4&hellip;\n","protected":false},"author":2,"featured_media":141499,"comment_status":"","ping_status":"","sticky":false,"template":"","format":"standard","meta":{"footnotes":""},"categories":[12],"tags":[22,23,26,27,33,31,30,17,405,24,25,2910,121,28,29,15,18,21,32,19,20,546,16],"class_list":{"0":"post-141498","1":"post","2":"type-post","3":"status-publish","4":"format-standard","5":"has-post-thumbnail","7":"category-suomi","8":"tag-breaking-news","9":"tag-breakingnews","10":"tag-featured-news","11":"tag-featurednews","12":"tag-fi","13":"tag-finland","14":"tag-finnish","15":"tag-headlines","16":"tag-helsingin-seutukunta","17":"tag-latest-news","18":"tag-latestnews","19":"tag-lentoliikenne-ilmaliikenne","20":"tag-liikenne-ja-kuljetus","21":"tag-main-news","22":"tag-mainnews","23":"tag-news","24":"tag-otsikot","25":"tag-paauutiset","26":"tag-suomi","27":"tag-top-stories","28":"tag-topstories","29":"tag-turvallisuus","30":"tag-uutiset"},"share_on_mastodon":{"url":"https:\/\/pubeurope.com\/@fi\/115889819070620811","error":""},"_links":{"self":[{"href":"https:\/\/www.europesays.com\/fi\/wp-json\/wp\/v2\/posts\/141498","targetHints":{"allow":["GET"]}}],"collection":[{"href":"https:\/\/www.europesays.com\/fi\/wp-json\/wp\/v2\/posts"}],"about":[{"href":"https:\/\/www.europesays.com\/fi\/wp-json\/wp\/v2\/types\/post"}],"author":[{"embeddable":true,"href":"https:\/\/www.europesays.com\/fi\/wp-json\/wp\/v2\/users\/2"}],"replies":[{"embeddable":true,"href":"https:\/\/www.europesays.com\/fi\/wp-json\/wp\/v2\/comments?post=141498"}],"version-history":[{"count":0,"href":"https:\/\/www.europesays.com\/fi\/wp-json\/wp\/v2\/posts\/141498\/revisions"}],"wp:featuredmedia":[{"embeddable":true,"href":"https:\/\/www.europesays.com\/fi\/wp-json\/wp\/v2\/media\/141499"}],"wp:attachment":[{"href":"https:\/\/www.europesays.com\/fi\/wp-json\/wp\/v2\/media?parent=141498"}],"wp:term":[{"taxonomy":"category","embeddable":true,"href":"https:\/\/www.europesays.com\/fi\/wp-json\/wp\/v2\/categories?post=141498"},{"taxonomy":"post_tag","embeddable":true,"href":"https:\/\/www.europesays.com\/fi\/wp-json\/wp\/v2\/tags?post=141498"}],"curies":[{"name":"wp","href":"https:\/\/api.w.org\/{rel}","templated":true}]}}