{"id":141500,"date":"2026-01-13T21:04:08","date_gmt":"2026-01-13T21:04:08","guid":{"rendered":"https:\/\/www.europesays.com\/fi\/141500\/"},"modified":"2026-01-13T21:04:08","modified_gmt":"2026-01-13T21:04:08","slug":"tyttoleijonille-taas-karmiva-selkasauna-ilta-sanomat","status":"publish","type":"post","link":"https:\/\/www.europesays.com\/fi\/141500\/","title":{"rendered":"Tytt\u00f6leijonille taas karmiva selk\u00e4sauna &#8211; Ilta-Sanomat"},"content":{"rendered":"<ol>\n<li><a href=\"https:\/\/news.google.com\/rss\/articles\/CBMiX0FVX3lxTE9CSHZEbF9ZdUl2c19NOWZyMERSUVU2b2UtTWQ3YldZQUhGcjd4ZkdMbkhHbmxSMzJoTEV0d1pOLUJadkV3V2RxRWdyTzl5SE5Ja3ZieEh5TUpwTGIxeU1r?oc=5\" target=\"_blank\" rel=\"nofollow noopener\">Tytt\u00f6leijonille taas karmiva selk\u00e4sauna<\/a>&nbsp;&nbsp;Ilta-Sanomat<\/li>\n<li><a href=\"https:\/\/news.google.com\/rss\/articles\/CBMi_wFBVV95cUxPUVBCN3R0MTE1bXFxc0tfazlta0ZfMFJ2b05vNlFkN21sUTRMQ2lmZVF2aFVibkRhQmUybzJ3Zzd0S045VnhqNDg2UmFYTkluSll5dEpwQnUyb25VZ25HbHFXRWpXYnlXczV5VzFOdTN1SjE4QTNqcmV3MFV1RFNrLXdWZUpGdDRfS1V4NXlpY19nYjJMUzZfV3NTZzBuMk10WFdwMzMyaEVDSUhxUTRUSDg3SjZndU8tcFl5dDdMck1HbUExeXJkd0pBRzNTM1BwSnVIeGRoTC1jU3BZQmdGejhieUlHeEVMVkthYlRDSjlJcFQ4bDNadEk5SUxaQ28?oc=5\" target=\"_blank\" rel=\"nofollow noopener\">Tytt\u00f6leijonat Yhdysvaltoja vastaan n\u00e4ill\u00e4 kent\u00e4llisill\u00e4 \u2013 Ottelu alkaa klo 19.30, l\u00e4hetys TV5 -kanava ja HBO Max<\/a>&nbsp;&nbsp;Leijonat<\/li>\n<li><a href=\"https:\/\/news.google.com\/rss\/articles\/CBMiSkFVX3lxTE1feXdvX3VHS2ZmaG5ySVZUQndkM01mSmxrNFlSSVNkdU1MdXJ6cko1T2NLLVA1ejh5Z0UzRUExb3JXb05NdHNXbl9n?oc=5\" target=\"_blank\" rel=\"nofollow noopener\">Yhdys\u00advallat p\u00f6llytti Suomen nais\u00adju\u00adnio\u00adreita MM-\u200balkusarjan p\u00e4\u00e4tteeksi 14\u20130<\/a>&nbsp;&nbsp;Etel\u00e4-Suomen Sanomat<\/li>\n<li><a href=\"https:\/\/news.google.com\/rss\/articles\/CBMicEFVX3lxTE13WnQ2UmhVVzZmUDNqRFQ3MkxNdGxOQkdtcldNZUFRNmY4bEI1a2c1YUF2MG5sNGJsaUFIOVFwLTZvamJILXVzNjdjZkN4dDRURUUyR05oVWkyblRHM3lBWkp4ckhuSk41RTlsdkNrX2w?oc=5\" target=\"_blank\" rel=\"nofollow noopener\">MM-kisat | Satakuntalaiset ovat tehneet Suomen kaikki maalit \u2013 Tytt\u00f6leijonien tilanne on uhkaava<\/a>&nbsp;&nbsp;Satakunnan Kansa<\/li>\n<li><a href=\"https:\/\/news.google.com\/rss\/articles\/CBMiQkFVX3lxTE1EdFRybGFpcEY5all0ZXd0R2dFS3hUaXZnQUdQMHltOE5zR25XbHptT1k4Mkl0eElMc3VJQnBfRDZUQQ?oc=5\" target=\"_blank\" rel=\"nofollow noopener\">Sunnuntaina oli Slovakian vuoro kurittaa MM-j\u00e4\u00e4ll\u00e4 Tytt\u00f6leijonia<\/a>&nbsp;&nbsp;Yle<\/li>\n<\/ol>\n","protected":false},"excerpt":{"rendered":"Tytt\u00f6leijonille taas karmiva selk\u00e4sauna&nbsp;&nbsp;Ilta-Sanomat Tytt\u00f6leijonat Yhdysvaltoja vastaan n\u00e4ill\u00e4 kent\u00e4llisill\u00e4 \u2013 Ottelu alkaa klo 19.30, l\u00e4hetys TV5 -kanava ja&hellip;\n","protected":false},"author":2,"featured_media":141501,"comment_status":"","ping_status":"","sticky":false,"template":"","format":"standard","meta":{"footnotes":""},"categories":[5],"tags":[22,23,26,27,33,31,30,17,34,24,25,28,29,15,18,21,32,19,20,16],"class_list":{"0":"post-141500","1":"post","2":"type-post","3":"status-publish","4":"format-standard","5":"has-post-thumbnail","7":"category-otsikot","8":"tag-breaking-news","9":"tag-breakingnews","10":"tag-featured-news","11":"tag-featurednews","12":"tag-fi","13":"tag-finland","14":"tag-finnish","15":"tag-headlines","16":"tag-ilta-sanomat","17":"tag-latest-news","18":"tag-latestnews","19":"tag-main-news","20":"tag-mainnews","21":"tag-news","22":"tag-otsikot","23":"tag-paauutiset","24":"tag-suomi","25":"tag-top-stories","26":"tag-topstories","27":"tag-uutiset"},"share_on_mastodon":{"url":"https:\/\/pubeurope.com\/@fi\/115889822927092611","error":""},"_links":{"self":[{"href":"https:\/\/www.europesays.com\/fi\/wp-json\/wp\/v2\/posts\/141500","targetHints":{"allow":["GET"]}}],"collection":[{"href":"https:\/\/www.europesays.com\/fi\/wp-json\/wp\/v2\/posts"}],"about":[{"href":"https:\/\/www.europesays.com\/fi\/wp-json\/wp\/v2\/types\/post"}],"author":[{"embeddable":true,"href":"https:\/\/www.europesays.com\/fi\/wp-json\/wp\/v2\/users\/2"}],"replies":[{"embeddable":true,"href":"https:\/\/www.europesays.com\/fi\/wp-json\/wp\/v2\/comments?post=141500"}],"version-history":[{"count":0,"href":"https:\/\/www.europesays.com\/fi\/wp-json\/wp\/v2\/posts\/141500\/revisions"}],"wp:featuredmedia":[{"embeddable":true,"href":"https:\/\/www.europesays.com\/fi\/wp-json\/wp\/v2\/media\/141501"}],"wp:attachment":[{"href":"https:\/\/www.europesays.com\/fi\/wp-json\/wp\/v2\/media?parent=141500"}],"wp:term":[{"taxonomy":"category","embeddable":true,"href":"https:\/\/www.europesays.com\/fi\/wp-json\/wp\/v2\/categories?post=141500"},{"taxonomy":"post_tag","embeddable":true,"href":"https:\/\/www.europesays.com\/fi\/wp-json\/wp\/v2\/tags?post=141500"}],"curies":[{"name":"wp","href":"https:\/\/api.w.org\/{rel}","templated":true}]}}