{"id":141508,"date":"2026-01-13T21:21:08","date_gmt":"2026-01-13T21:21:08","guid":{"rendered":"https:\/\/www.europesays.com\/fi\/141508\/"},"modified":"2026-01-13T21:21:08","modified_gmt":"2026-01-13T21:21:08","slug":"arvio-kullervo-spektaakkeli-on-kuin-kalevalainen-luontodokkari-rytmitettyna-die-hard-poljennolla","status":"publish","type":"post","link":"https:\/\/www.europesays.com\/fi\/141508\/","title":{"rendered":"Arvio: Kullervo-spektaakkeli on kuin kalevalainen luontodokkari rytmitettyn\u00e4 Die Hard -poljennolla"},"content":{"rendered":"<p>Kullervon toimintaa ohjaava teesi \u201dsomap\u2019 on sotahan kuolla\u201d on iskostettu vanhoja koulujen laulukirjoja my\u00f6ten monien suomalaisten poikapolvien tajuntaan.<\/p>\n<p><strong>Jorma Tommilan<\/strong> ja <strong>Antti J. Jokisen<\/strong> k\u00e4sikirjoittamaa ja j\u00e4lkimm\u00e4isen ohjaamaa, hiukka venytetyn oloista ja siksi v\u00e4lill\u00e4 my\u00f6s pitk\u00e4stytt\u00e4v\u00e4\u00e4 Kullervo-tarinaa olisi voinut alusta j\u00e4m\u00e4k\u00f6itt\u00e4\u00e4 voice over -kertojalla, joka olisi lukenut Kalevalaa: \u201dKasvoi kuuta kaksi, kolme.\/<\/p>\n<p>Jopa kuuna kolmantena\/ poika polven korkeuisna\/ alkoi itse arvaella:\/ \u2019Kunpa saisin suuremmaksi,\/ vahvistuisin varreltani,\/ kostaisin isoni kohlut,\/ maksaisin emoni mahlat!&#8217;\u201d.<\/p>\n<p>N\u00e4in olisi parissakymmeness\u00e4 sekunnissa kuitattu elokuvan hidasteleva prologi, jolla pyrit\u00e4\u00e4n perustelemaan se, miksi ja miten Kullervosta tuli se mik\u00e4 tuli: kahden veljeksen valtataistelun seurauksena perheens\u00e4 menett\u00e4nyt kostaja.<\/p>\n<p><strong>KUVALLISEN DRAMATURGIAN<\/strong> kannalta Kullervon is\u00e4n Kalervon pirtin h\u00e4vitys ja t\u00e4m\u00e4n veljen Untamon suorittama orpopojan pakkoadoptointi tuo kerrontaan tietysti toiminnallisuutta, jota Jokisen ohjaus kaikkiaankin avok\u00e4tisesti tarjoaa.<\/p>\n<p>Kullervon psyyken sis\u00e4\u00e4n olisi silti voinut etsiyty\u00e4 jotain rinnakasta reitti\u00e4 kuin vain v\u00e4kivaltaisen motiivin kautta.<\/p>\n<p><strong>ELOKUVA<\/strong>:<br \/>Kalevala: Kullervo<br \/>Ohjaus: <strong>Antti J. Jokinen<\/strong><br \/>P\u00e4\u00e4osissa: <strong>Elias Salonen<\/strong>, <strong>Eero Aho<\/strong>, <strong>Ronja Orasta<\/strong>, <strong>Olli Rahkonen<\/strong><br \/>2025, 126 min. Ensi-ilta 16.1.<br \/>\u2605\u2605\u2606\u2606\u2606<\/p>\n<p>Kalevalan Kullervo-jakson (kaikkiaan 50-runoisessa eepoksessa se on tiivis ryk\u00e4ys, kattaa vain runot 31-36) originaalitekstin alussahan Untamo yritt\u00e4\u00e4 p\u00e4\u00e4st\u00e4 nimihenkil\u00f6st\u00e4 sinnikk\u00e4\u00e4sti eroon muun muassa polttamalla, hukuttamalla ja hirtt\u00e4m\u00e4ll\u00e4.<\/p>\n<p>Mutta kun \u201dpoika ei puutu surman suuhun\/ eik\u00e4 kuole kuitenkana\u201d, Untamo alistaa h\u00e4net k\u00e4yt\u00e4nn\u00f6ss\u00e4 orjakseen, ja siin\u00e4k\u00f6s pojan sisu alkaa kasvaa ja sappi kiehua. Siihen elokuva paneutuu huolella. Kullervolle j\u00e4\u00e4 vain yksi p\u00e4\u00e4m\u00e4\u00e4r\u00e4 el\u00e4m\u00e4ss\u00e4\u00e4n: kostaa perheens\u00e4 tuho tappamalla Untamo. Silkkaa Die Hard -meininki\u00e4 yht\u00e4 kaikki.<\/p>\n<p>Pohjimmiltaan simppelin\u00e4 kostotarinana alkavasta elokuvasta tulee matkan varrella aika venytetty ja toisteinen. Se j\u00e4\u00e4 py\u00f6ritt\u00e4m\u00e4\u00e4n rotaatiota: sankari Kullervo hy\u00f6kk\u00e4\u00e4 tai h\u00e4nt\u00e4 vastaan hy\u00f6k\u00e4t\u00e4\u00e4n, sankari piest\u00e4\u00e4n toistuvasti puolikuolleeksi, h\u00e4n pakenee toinen toistaan pahemmista pinteist\u00e4 \u2013 ja l\u00e4htee taas entist\u00e4 sisuuntuneempana uudelle etapille kohti lopullista kostoa.<\/p>\n<blockquote>\n<p>Kalevala on sankari\u00e4ijien eepos.<\/p>\n<\/blockquote>\n<p><strong>JOKINEN-TOMMOLA<\/strong> -duon k\u00e4sikirjoitusta voi lukea ik\u00e4\u00e4n kuin hybridin\u00e4 kansalliseepoksemme Kullervo-tarinasta, <strong>Aleksis Kiven<\/strong> sen pohjalle kirjoittamasta Kullervo-n\u00e4ytelm\u00e4st\u00e4 ja eeppisten sankarielokuvien tarinajuurista (<strong>In\u00e1rritun <\/strong>The Revenant muun muassa nousee vahvana mieleen).<\/p>\n<p>Klassista kostokertomusta ohjaaja kehyst\u00e4\u00e4 p\u00e4\u00e4kuvaaja <strong>Rauno Ronkaisen <\/strong>loihtimalla, <strong>Matila<\/strong> &amp;<strong> R\u00f6hr<\/strong> -kaksikon luontodokkareista muistuttavalla komealla kuvastolla, ja siin\u00e4 ollaankin kalevalaisittain asian ytimess\u00e4: eeposhan on luontokirja mit\u00e4 suurimmassa m\u00e4\u00e4rin, vaikka ehk\u00e4 t\u00e4t\u00e4 elokuvaa sadunomaisemmalla ja myyttisemm\u00e4ll\u00e4 tasolla.<\/p>\n<p><strong>Lauri Porran<\/strong> jyhke\u00e4 musiikki viel\u00e4 lis\u00e4\u00e4 isolla budjetilla aikaansaadun kokonaisuuden mahtipontisuutta, mutta sekin kyll\u00e4 sopii ajatellen Kalevalan sis\u00e4lt\u00f6\u00e4, henke\u00e4 ja kohotettua asemaa kulttuurikaanonissamme. Samaa asiaa ajaa my\u00f6s soundtrackilla soiva Amorphiksen kalevala-metal.<\/p>\n<p>Kun elokuvan koko otsikko on nimenomaan Kalevala: Kullervon tarina, siihen on voitu lainata eepoksen isosta tarinasta liuta henkil\u00f6it\u00e4, joita Kullervo-runoelmassa ei varsinaisesti esiinny. Mukana h\u00e4\u00e4rii nyt Sampsaa, Tieraa, Marjattaa, Ainoa ja toki my\u00f6s itse tiet\u00e4j\u00e4 i\u00e4mikuinen eli vaka vanha W\u00e4in\u00f6.<\/p>\n<p>Aleksis Kiven Kullervoon Jokisen elokuvaa yhdist\u00e4\u00e4 sen universaali draama-aines. Kivih\u00e4n oli <strong>Shakespearensa<\/strong> lukenut, ja t\u00e4m\u00e4 kai puolestaan antiikin tragediat, joten kostotarinassa on ikiaikaista vibaa. Niinp\u00e4 Jokisen Kullervosta voi l\u00f6yt\u00e4\u00e4 Hamlet-s\u00e4vytyksi\u00e4, ja noitavoimien eli t\u00e4ss\u00e4 tapauksessa ennustajamuorin (<strong>Tiina Weckstr\u00f6m<\/strong>) kautta nousee mieleen my\u00f6s Macbethin kohtalonomainen murhakierre.<\/p>\n<p>Useimmat henkil\u00f6hahmot j\u00e4\u00e4v\u00e4t suuria kuvia suosittaessa melko ulkokohtaisiksi. Vain p\u00e4\u00e4pukarit Kullervo (<strong>Elias Salonen<\/strong>) ja Untamo (<strong>Eero Aho<\/strong>) saavat kunnolla lihaa luittensa ymp\u00e4rille, mutta heid\u00e4nkin keskin\u00e4iset kohtauksensa ovat paljolti \u00e4histely\u00e4 ja hampaiden kiristely\u00e4, mik\u00e4 toki kostoelokuvassa asiaan kuuluu.<\/p>\n<p>Se, ett\u00e4 Salosen luontaista nuoruutta s\u00e4teilev\u00e4\u00e4 olemusta on Kullervon rooliin haluttu \u00e4ijyytt\u00e4\u00e4, on mielest\u00e4ni turhaa ja ehk\u00e4p\u00e4 alkuper\u00e4ishahmoa ajatellen v\u00e4\u00e4rinkin, sill\u00e4 Kullervo on runoelmassa nimenomaisesti poika, Kiven n\u00e4ytelm\u00e4ss\u00e4 ehk\u00e4 v\u00e4h\u00e4n raavaampi miehenalku. Poikuus tosin elokuvan tarinassa l\u00e4htee, kiitos <strong>Ronja Orastan<\/strong> esitt\u00e4m\u00e4n Ainon.<\/p>\n<p><img loading=\"lazy\" decoding=\"async\" aria-describedby=\"caption-attachment-975612\" class=\"wp-image-975612 size-full\" src=\"https:\/\/www.europesays.com\/fi\/wp-content\/uploads\/2026\/01\/kultsi-2-scaled.jpg\" alt=\"\" width=\"2560\" height=\"1706\"  \/><\/p>\n<p id=\"caption-attachment-975612\" class=\"wp-caption-text\">Ilkka Koivula on W\u00e4in\u00f6, Kalevankansan Gandalf..<\/p>\n<p><strong>Ilkka Koivulan<\/strong> veistokselliset kasvot sopisivat sellaisenaankin gandalfmaisen shamaani-W\u00e4in\u00f6n rooliin, mutta jostain syyst\u00e4 niit\u00e4 on nyt sotamaalattu yli kuin intiaanip\u00e4\u00e4llik\u00f6it\u00e4 vanhoissa l\u00e4nkk\u00e4reiss\u00e4 konsanaan . <strong>Olli Rahkosen <\/strong>esitt\u00e4m\u00e4st\u00e4 Ilmarisesta on tehty v\u00e4h\u00e4n kajahtaneen oloinen tyhj\u00e4nnauraja, mutta h\u00e4n on hahmoista harvoja, jolla on keskeinen sija my\u00f6s alkuteoksen Kullervo-jaksossa.<\/p>\n<p>Kalevala on sankari\u00e4ijien eepos, joten Kullervo-elokuvassa naisroolit tuntuvat siihen v\u00e4h\u00e4n v\u00e4kin\u00e4isesti kirjoitetuilta. Mainittu Aino sek\u00e4 <strong>Oona Airolan<\/strong> esitt\u00e4m\u00e4 Marjatta saavat merkityksellisimmin tilaa.<\/p>\n<p><strong>ELOKUVAN KULUISSA<\/strong> on miltei koko ajan syksy muutamia talvikohtauksia ja pieni\u00e4 kes\u00e4\/kev\u00e4t-v\u00e4l\u00e4hdyksi\u00e4 lukuunottamatta.<\/p>\n<p>T\u00e4ll\u00e4 joko alleviivataan v\u00e4kisin tulossa olevaa traagista loppua tai sitten passeleimmat ja tuloksekkaimmat kuvausp\u00e4iv\u00e4t ovat osuneet enimm\u00e4kseen syksyyn. Mutta mik\u00e4s siin\u00e4, Suomen luonto on antoisimmillaan, v\u00e4reilt\u00e4\u00e4n kauneimmillaan ja miksei my\u00f6s kalevalaisimmillaan juuri syksyll\u00e4.<\/p>\n<p>Ne n\u00e4kym\u00e4t tuovat t\u00e4lle etup\u00e4\u00e4ss\u00e4 Pohjois-Karjalassa kuvatulle, komeiden j\u00e4rvi-, suo- ja mets\u00e4kuvien v\u00e4ritt\u00e4m\u00e4lle (ja my\u00f6s sis\u00e4ll\u00f6llisesti teemoitetulle) tarinalle sit\u00e4, mik\u00e4 erottaa sen tavanomaisempien seikkailueeposten massasta.<\/p>\n<p>Kalevala-puristien, jos sellaisia nykysukupolvissa viel\u00e4 on, ei varmaan kannata menn\u00e4 katsomaan Jokisen elokuvaa kansalliskirjan kuvituksena vaan ihan vain luonnosta inspiroituneena seikkailuna, jossa sankaria ohjaa viha. Sille sankarille ja h\u00e4nen arkkiviholliselleen k\u00e4y muuten filmatussa tarinassa aikalailla toisin kuin eepoksen runoelmassa, mutta t\u00e4m\u00e4n lajityypin elokuvilla onkin ihan omat vaateensa.<\/p>\n","protected":false},"excerpt":{"rendered":"Kullervon toimintaa ohjaava teesi \u201dsomap\u2019 on sotahan kuolla\u201d on iskostettu vanhoja koulujen laulukirjoja my\u00f6ten monien suomalaisten poikapolvien tajuntaan.&hellip;\n","protected":false},"author":2,"featured_media":141509,"comment_status":"","ping_status":"","sticky":false,"template":"","format":"standard","meta":{"footnotes":""},"categories":[131],"tags":[155,137,33,173,31,30,172,32,109],"class_list":{"0":"post-141508","1":"post","2":"type-post","3":"status-publish","4":"format-standard","5":"has-post-thumbnail","7":"category-elokuvat","8":"tag-elokuvat","9":"tag-entertainment","10":"tag-fi","11":"tag-film","12":"tag-finland","13":"tag-finnish","14":"tag-movies","15":"tag-suomi","16":"tag-viihde"},"share_on_mastodon":{"url":"https:\/\/pubeurope.com\/@fi\/115889889798611504","error":""},"_links":{"self":[{"href":"https:\/\/www.europesays.com\/fi\/wp-json\/wp\/v2\/posts\/141508","targetHints":{"allow":["GET"]}}],"collection":[{"href":"https:\/\/www.europesays.com\/fi\/wp-json\/wp\/v2\/posts"}],"about":[{"href":"https:\/\/www.europesays.com\/fi\/wp-json\/wp\/v2\/types\/post"}],"author":[{"embeddable":true,"href":"https:\/\/www.europesays.com\/fi\/wp-json\/wp\/v2\/users\/2"}],"replies":[{"embeddable":true,"href":"https:\/\/www.europesays.com\/fi\/wp-json\/wp\/v2\/comments?post=141508"}],"version-history":[{"count":0,"href":"https:\/\/www.europesays.com\/fi\/wp-json\/wp\/v2\/posts\/141508\/revisions"}],"wp:featuredmedia":[{"embeddable":true,"href":"https:\/\/www.europesays.com\/fi\/wp-json\/wp\/v2\/media\/141509"}],"wp:attachment":[{"href":"https:\/\/www.europesays.com\/fi\/wp-json\/wp\/v2\/media?parent=141508"}],"wp:term":[{"taxonomy":"category","embeddable":true,"href":"https:\/\/www.europesays.com\/fi\/wp-json\/wp\/v2\/categories?post=141508"},{"taxonomy":"post_tag","embeddable":true,"href":"https:\/\/www.europesays.com\/fi\/wp-json\/wp\/v2\/tags?post=141508"}],"curies":[{"name":"wp","href":"https:\/\/api.w.org\/{rel}","templated":true}]}}