{"id":141510,"date":"2026-01-13T21:23:07","date_gmt":"2026-01-13T21:23:07","guid":{"rendered":"https:\/\/www.europesays.com\/fi\/141510\/"},"modified":"2026-01-13T21:23:07","modified_gmt":"2026-01-13T21:23:07","slug":"tour-de-skihin-jattimuutos-ilta-sanomat","status":"publish","type":"post","link":"https:\/\/www.europesays.com\/fi\/141510\/","title":{"rendered":"Tour de Skihin j\u00e4ttimuutos &#8211; Ilta-Sanomat"},"content":{"rendered":"<p>Perinteik\u00e4s kiertue muuttuu.<\/p>\n<p class=\"article-body mb-nof-24 px-nof-16\">Maastohiihdon perinteik\u00e4s kiertue Tour de Ski muuttuu merkitt\u00e4v\u00e4sti ensi kaudella. <a class=\"underline underline-offset-[0.12em] [text-decoration-thickness:var(--generic-link-underline-thickness)] [text-decoration-color:var(--generic-link-underline-color)] [text-decoration-skip-ink:var(--generic-link-underline-skip-ink)] break-words\" href=\"https:\/\/www.fis-ski.com\/inside-fis\/news\/2025-26\/fis-council-takes-key-sporting-decisions-at-january-meeting\" rel=\"nofollow noopener\" target=\"_blank\">Kansainv\u00e4linen hiihtoliitto <\/a>Fis on hyv\u00e4ksynyt alustavan maastohiihdon maailmancupin kisakalenterin kaudelle 2026\u201327, ja joukossa on merkitt\u00e4v\u00e4 muutos.<\/p>\n<p class=\"article-body mb-nof-24 px-nof-16\">Tour de Ski hiihdet\u00e4\u00e4n osittain uusissa maisemissa ensi kaudella ja kolmessa eri maassa.<\/p>\n<p class=\"article-body mb-nof-24 px-nof-16\">Tour rantautuu ensimm\u00e4ist\u00e4 kertaa koskaan Ranskaan. Tour alkaa Les Roussesissa, Ranskassa. Sielt\u00e4 siirryt\u00e4\u00e4n Oberstdorfiin Saksassa, ja Tour huipentuu perinteisesti Italian Val di Fiemmeen ja Alpe Cermisin nousuun.<\/p>\n<p class=\"article-body mb-nof-24 px-nof-16\">Maailmancup palaa my\u00f6s tauon j\u00e4lkeen Ruotsissa Ulricehamniin. Siell\u00e4 hiihdet\u00e4\u00e4n Ruotsin maailmancupin hiihdot, kun MM-kisat k\u00e4yd\u00e4\u00e4n maan perinteikk\u00e4\u00e4ss\u00e4 talvilajien kodissa eli Falunissa.<\/p>\n<p class=\"article-body mb-nof-24 px-nof-16\">My\u00f6s m\u00e4kihypyss\u00e4 n\u00e4hd\u00e4\u00e4n merkitt\u00e4v\u00e4 muutos. Naiset ovat ensimm\u00e4ist\u00e4 kertaa mukana perinteikk\u00e4\u00e4ll\u00e4 Keski-Euroopan m\u00e4kiviikolla.<\/p>\n<p class=\"article-body mb-nof-24 px-nof-16\">Aiemmin naishypp\u00e4\u00e4jille on j\u00e4rjestetty kahden kilpailun pikaturnee Two Nights Tour Garmisch-Partenkircheniss\u00e4 ja Oberstdorfissa vuodenvaihteessa.<\/p>\n","protected":false},"excerpt":{"rendered":"Perinteik\u00e4s kiertue muuttuu. Maastohiihdon perinteik\u00e4s kiertue Tour de Ski muuttuu merkitt\u00e4v\u00e4sti ensi kaudella. Kansainv\u00e4linen hiihtoliitto Fis on hyv\u00e4ksynyt&hellip;\n","protected":false},"author":2,"featured_media":141511,"comment_status":"","ping_status":"","sticky":false,"template":"","format":"standard","meta":{"footnotes":""},"categories":[158],"tags":[33,31,30,34,159,32,160],"class_list":{"0":"post-141510","1":"post","2":"type-post","3":"status-publish","4":"format-standard","5":"has-post-thumbnail","7":"category-urheilu","8":"tag-fi","9":"tag-finland","10":"tag-finnish","11":"tag-ilta-sanomat","12":"tag-sports","13":"tag-suomi","14":"tag-urheilu"},"share_on_mastodon":{"url":"https:\/\/pubeurope.com\/@fi\/115889897717739724","error":""},"_links":{"self":[{"href":"https:\/\/www.europesays.com\/fi\/wp-json\/wp\/v2\/posts\/141510","targetHints":{"allow":["GET"]}}],"collection":[{"href":"https:\/\/www.europesays.com\/fi\/wp-json\/wp\/v2\/posts"}],"about":[{"href":"https:\/\/www.europesays.com\/fi\/wp-json\/wp\/v2\/types\/post"}],"author":[{"embeddable":true,"href":"https:\/\/www.europesays.com\/fi\/wp-json\/wp\/v2\/users\/2"}],"replies":[{"embeddable":true,"href":"https:\/\/www.europesays.com\/fi\/wp-json\/wp\/v2\/comments?post=141510"}],"version-history":[{"count":0,"href":"https:\/\/www.europesays.com\/fi\/wp-json\/wp\/v2\/posts\/141510\/revisions"}],"wp:featuredmedia":[{"embeddable":true,"href":"https:\/\/www.europesays.com\/fi\/wp-json\/wp\/v2\/media\/141511"}],"wp:attachment":[{"href":"https:\/\/www.europesays.com\/fi\/wp-json\/wp\/v2\/media?parent=141510"}],"wp:term":[{"taxonomy":"category","embeddable":true,"href":"https:\/\/www.europesays.com\/fi\/wp-json\/wp\/v2\/categories?post=141510"},{"taxonomy":"post_tag","embeddable":true,"href":"https:\/\/www.europesays.com\/fi\/wp-json\/wp\/v2\/tags?post=141510"}],"curies":[{"name":"wp","href":"https:\/\/api.w.org\/{rel}","templated":true}]}}