{"id":141512,"date":"2026-01-13T21:24:08","date_gmt":"2026-01-13T21:24:08","guid":{"rendered":"https:\/\/www.europesays.com\/fi\/141512\/"},"modified":"2026-01-13T21:24:08","modified_gmt":"2026-01-13T21:24:08","slug":"ronjan-37-sairaus-johti-avioeroon-on-parasta-olla-rehellinen","status":"publish","type":"post","link":"https:\/\/www.europesays.com\/fi\/141512\/","title":{"rendered":"Ronjan, 37, sairaus johti avioeroon \u2013 \u201dOn parasta olla rehellinen\u201d"},"content":{"rendered":"<p>\u00c4idilt\u00e4 tytt\u00e4relle -sarja jatkuu uusin jaksoin.<\/p>\n<p><img decoding=\"async\" class=\"image image-show image-preview\" src=\"https:\/\/www.europesays.com\/fi\/wp-content\/uploads\/2026\/01\/0605067ee9e86580cd9f6ae40b72793f317ea722a10317e8cf43a876afad0752.jpg\" alt=\"\"\/><img decoding=\"async\" class=\"image image-show\" src=\"https:\/\/www.europesays.com\/fi\/wp-content\/uploads\/2026\/01\/1768339448_302_0605067ee9e86580cd9f6ae40b72793f317ea722a10317e8cf43a876afad0752.jpg\" alt=\"\"\/><\/p>\n<p>Teini-ik\u00e4inen Clara sai tiet\u00e4\u00e4 Ronja-\u00e4idin sy\u00f6mish\u00e4iri\u00f6st\u00e4 jo nuorena. Yle<\/p>\n<p class=\"paragraph\">Toimittaja <a href=\"https:\/\/www.iltalehti.fi\/henkilot\/Eva Kela\" class=\"article-link-person-page\" rel=\"nofollow noopener\" target=\"_blank\">Eva Kela<\/a> tutkii \u00c4idilt\u00e4 tytt\u00e4relle -sarjansa kakkoskaudella ylisukupolvista naiseuden perint\u00f6\u00e4. Siihen kuuluvat muun muassa ahdistelu, ennakkoluulot, kauneusnormit ja sy\u00f6mish\u00e4iri\u00f6, jota k\u00e4sitell\u00e4\u00e4n avausjaksossa.<\/p>\n<p class=\"paragraph\"><strong>Ronja<\/strong>, 37, on k\u00e4rsinyt sy\u00f6mish\u00e4iri\u00f6st\u00e4 koko aikuisik\u00e4ns\u00e4 ja pelk\u00e4\u00e4 siirt\u00e4v\u00e4ns\u00e4 sairauden lapsilleen.<\/p>\n<p class=\"paragraph\">\u2013\u2009Olen vatvonut aiemmin, kerronko lapsilleni, ett\u00e4 olen k\u00e4rsinyt t\u00e4llaisesta. En tied\u00e4, voiko se laukaista jotain, Ronja sanoo tv:ss\u00e4.<\/p>\n<p class=\"paragraph\">\u2013\u2009Olisi katastrofi, jos he k\u00e4rsisiv\u00e4t sy\u00f6mish\u00e4iri\u00f6st\u00e4 minun takiani.<\/p>\n<p class=\"paragraph\"><strong>Clara<\/strong>-tyt\u00e4r, 15, tiet\u00e4\u00e4 asiasta. Plussia ja miinuksia punnittuaan Ronja p\u00e4\u00e4tti kertoa tilanteestaan rehellisesti, kun h\u00e4n erosi Claran is\u00e4st\u00e4.<\/p>\n<p class=\"paragraph\">\u2013\u2009Se oli olennainen osa avioeroa. Siksi tuntui silt\u00e4, ett\u00e4 on parasta olla rehellinen. Kerroin, ett\u00e4 minulla oli vuosia anoreksia.<\/p>\n<p>Avieron my\u00f6t\u00e4 Ronjan el\u00e4m\u00e4 muuttui paljon. T\u00e4t\u00e4 nyky\u00e4 h\u00e4n asuu Barcelonassa.  Yle<\/p>\n<p class=\"paragraph\">Ohjelmassa mukana n\u00e4ht\u00e4v\u00e4 Clara muistaa keskustelun hyvin.<\/p>\n<p class=\"paragraph\">\u2013\u2009\u00c4iti sanoi, ett\u00e4 ero johtui h\u00e4nen anoreksiastaan. Is\u00e4 oli huolehtinut h\u00e4nest\u00e4. He eiv\u00e4t olleet ik\u00e4\u00e4n kuin pari, vaan <strong>Rikard<\/strong> hoiti Ronjaa, Clara sanoittaa.<\/p>\n<p class=\"paragraph\">\u2013\u2009Silloisesta miehest\u00e4ni tuli hoitajani. H\u00e4n teki kaikki ruoat, siivosi ja j\u00e4rjesti kaiken. En tuntenut olevani itsen\u00e4inen, Ronja itse kuvailee.<\/p>\n<p class=\"paragraph\">Eron j\u00e4lkeen el\u00e4m\u00e4 muuttui monella tapaa.<\/p>\n<p class=\"paragraph\">\u2013\u2009Sain alkaa tehd\u00e4 ruokaa itse, siivota ja huolehtia asioista. Huomasin pit\u00e4v\u00e4ni ruoanlaitosta.<\/p>\n<p class=\"paragraph\">\u00c4idilt\u00e4 tytt\u00e4relle t\u00e4n\u00e4\u00e4n Teemalla &amp; Femill\u00e4 kello 18.30 &amp; Areenassa. <a href=\"https:\/\/www.iltalehti.fi\/telkku\/\" rel=\"nofollow noopener\" target=\"_blank\">Katso kaikki\u00a0TV-ohjelmat ja l\u00e4hetysajat Telkun TV-oppaasta<\/a>.<\/p>\n","protected":false},"excerpt":{"rendered":"\u00c4idilt\u00e4 tytt\u00e4relle -sarja jatkuu uusin jaksoin. Teini-ik\u00e4inen Clara sai tiet\u00e4\u00e4 Ronja-\u00e4idin sy\u00f6mish\u00e4iri\u00f6st\u00e4 jo nuorena. Yle Toimittaja Eva Kela&hellip;\n","protected":false},"author":2,"featured_media":141513,"comment_status":"","ping_status":"","sticky":false,"template":"","format":"standard","meta":{"footnotes":""},"categories":[130],"tags":[35,137,33,31,30,101,99,100,98,32,102,109],"class_list":{"0":"post-141512","1":"post","2":"type-post","3":"status-publish","4":"format-standard","5":"has-post-thumbnail","7":"category-viihde","8":"tag-24h","9":"tag-entertainment","10":"tag-fi","11":"tag-finland","12":"tag-finnish","13":"tag-ihmissuhteet","14":"tag-lapset","15":"tag-lapset-ja-nuoret","16":"tag-perhe","17":"tag-suomi","18":"tag-vanhemmat","19":"tag-viihde"},"share_on_mastodon":{"url":"https:\/\/pubeurope.com\/@fi\/115889901593116891","error":""},"_links":{"self":[{"href":"https:\/\/www.europesays.com\/fi\/wp-json\/wp\/v2\/posts\/141512","targetHints":{"allow":["GET"]}}],"collection":[{"href":"https:\/\/www.europesays.com\/fi\/wp-json\/wp\/v2\/posts"}],"about":[{"href":"https:\/\/www.europesays.com\/fi\/wp-json\/wp\/v2\/types\/post"}],"author":[{"embeddable":true,"href":"https:\/\/www.europesays.com\/fi\/wp-json\/wp\/v2\/users\/2"}],"replies":[{"embeddable":true,"href":"https:\/\/www.europesays.com\/fi\/wp-json\/wp\/v2\/comments?post=141512"}],"version-history":[{"count":0,"href":"https:\/\/www.europesays.com\/fi\/wp-json\/wp\/v2\/posts\/141512\/revisions"}],"wp:featuredmedia":[{"embeddable":true,"href":"https:\/\/www.europesays.com\/fi\/wp-json\/wp\/v2\/media\/141513"}],"wp:attachment":[{"href":"https:\/\/www.europesays.com\/fi\/wp-json\/wp\/v2\/media?parent=141512"}],"wp:term":[{"taxonomy":"category","embeddable":true,"href":"https:\/\/www.europesays.com\/fi\/wp-json\/wp\/v2\/categories?post=141512"},{"taxonomy":"post_tag","embeddable":true,"href":"https:\/\/www.europesays.com\/fi\/wp-json\/wp\/v2\/tags?post=141512"}],"curies":[{"name":"wp","href":"https:\/\/api.w.org\/{rel}","templated":true}]}}