{"id":141516,"date":"2026-01-13T21:28:08","date_gmt":"2026-01-13T21:28:08","guid":{"rendered":"https:\/\/www.europesays.com\/fi\/141516\/"},"modified":"2026-01-13T21:28:08","modified_gmt":"2026-01-13T21:28:08","slug":"usan-laivaston-entinen-merimies-tuomittiin-vakoilusta-kiinalle","status":"publish","type":"post","link":"https:\/\/www.europesays.com\/fi\/141516\/","title":{"rendered":"USA:n laivaston entinen merimies tuomittiin vakoilusta Kiinalle"},"content":{"rendered":"<p>25-vuotias entinen merimies tuomittiin yli 16 vuoden vankeusrangaistukseen.<\/p>\n<p class=\"article-body mb-nof-24 px-nof-16\">Yhdysvaltojen laivaston entinen merimies tuomittiin maanantaina yli 16 vuoden vankeusrangaistukseen vakoilusta Kiinalle. Asiasta kertoo yhdysvaltalainen uutistoimisto <a class=\"underline underline-offset-[0.12em] [text-decoration-thickness:var(--generic-link-underline-thickness)] [text-decoration-color:var(--generic-link-underline-color)] [text-decoration-skip-ink:var(--generic-link-underline-skip-ink)] break-words\" href=\"https:\/\/apnews.com\/article\/navy-sailor-china-espionage-sentencing-0c08194ecd0a718a69d5aa42d0ee59ad\" rel=\"nofollow noopener\" target=\"_blank\">AP<\/a>.<\/p>\n<p class=\"article-body mb-nof-24 px-nof-16\">San Diegossa liittovaltion tuomari tuomitsi 25-vuotiaan <a class=\"font-bold underline-offset-[0.12em] [text-decoration:var(--person-link-text-decoration)] ![text-decoration-color:var(--person-link-text-decoration-color)]\" href=\"https:\/\/www.is.fi\/haku\/?query=Jinchao%20Wein\" rel=\"nofollow noopener\" target=\"_blank\">Jinchao Wein<\/a> siit\u00e4, ett\u00e4 h\u00e4n myi sota-aluksia koskevia teknisi\u00e4 k\u00e4ytt\u00f6oppaita kiinalaiselle tiedustelu-upseerille.<\/p>\n<p class=\"article-body mb-nof-24 px-nof-16\">Yhdysvaltain oikeusministeri\u00f6n mukaan Weille maksettiin tiedoista yli 12\u202f000 dollaria.<\/p>\n<p class=\"article-body mb-nof-24 px-nof-16\">Syytt\u00e4jien mukaan tiedustelu-upseeri v\u00e4rv\u00e4si Wein sosiaalisen median kautta vuonna 2022, kertoo <a class=\"underline underline-offset-[0.12em] [text-decoration-thickness:var(--generic-link-underline-thickness)] [text-decoration-color:var(--generic-link-underline-color)] [text-decoration-skip-ink:var(--generic-link-underline-skip-ink)] break-words\" href=\"https:\/\/edition.cnn.com\/2026\/01\/13\/politics\/former-navy-sailor-sentenced-selling-information-chinese-hnk\" rel=\"nofollow noopener\" target=\"_blank\">CNN<\/a>. 18 kuukauden aikana mies l\u00e4hetti upseerille valokuvia ja videoita laivaston alusten sijainnista ja USS Essex -aluksen puolustusaseista.<\/p>\n<p class=\"article-body mb-nof-24 px-nof-16\">Wei on toinen kahdesta merimiehest\u00e4, joita syytettiin elokuussa 2023 arkaluontoisten sotilastietojen luovuttamisesta Kiinalle. Toinen syytetyist\u00e4 oli <a class=\"font-bold underline-offset-[0.12em] [text-decoration:var(--person-link-text-decoration)] ![text-decoration-color:var(--person-link-text-decoration-color)]\" href=\"https:\/\/www.is.fi\/haku\/?query=Wenheng%20Zhao\" rel=\"nofollow noopener\" target=\"_blank\">Wenheng Zhao<\/a>, joka tuomittiin yli kahden vuoden vankeuteen vuonna 2024.<\/p>\n<p class=\"article-body mb-nof-24 px-nof-16\">Yhdysvaltojen viranomaiset ovat jo vuosien ajan ilmaisseet huolensa Kiinan vakoilusta.<\/p>\n","protected":false},"excerpt":{"rendered":"25-vuotias entinen merimies tuomittiin yli 16 vuoden vankeusrangaistukseen. Yhdysvaltojen laivaston entinen merimies tuomittiin maanantaina yli 16 vuoden vankeusrangaistukseen&hellip;\n","protected":false},"author":2,"featured_media":1024,"comment_status":"","ping_status":"","sticky":false,"template":"","format":"standard","meta":{"footnotes":""},"categories":[14],"tags":[22,23,26,27,33,31,30,17,34,24,25,28,29,15,18,21,32,19,20,56,16,59,60,61],"class_list":{"0":"post-141516","1":"post","2":"type-post","3":"status-publish","4":"format-standard","5":"has-post-thumbnail","7":"category-ulkomaat","8":"tag-breaking-news","9":"tag-breakingnews","10":"tag-featured-news","11":"tag-featurednews","12":"tag-fi","13":"tag-finland","14":"tag-finnish","15":"tag-headlines","16":"tag-ilta-sanomat","17":"tag-latest-news","18":"tag-latestnews","19":"tag-main-news","20":"tag-mainnews","21":"tag-news","22":"tag-otsikot","23":"tag-paauutiset","24":"tag-suomi","25":"tag-top-stories","26":"tag-topstories","27":"tag-ulkomaat","28":"tag-uutiset","29":"tag-world","30":"tag-world-news","31":"tag-worldnews"},"share_on_mastodon":{"url":"https:\/\/pubeurope.com\/@fi\/115889917368767705","error":""},"_links":{"self":[{"href":"https:\/\/www.europesays.com\/fi\/wp-json\/wp\/v2\/posts\/141516","targetHints":{"allow":["GET"]}}],"collection":[{"href":"https:\/\/www.europesays.com\/fi\/wp-json\/wp\/v2\/posts"}],"about":[{"href":"https:\/\/www.europesays.com\/fi\/wp-json\/wp\/v2\/types\/post"}],"author":[{"embeddable":true,"href":"https:\/\/www.europesays.com\/fi\/wp-json\/wp\/v2\/users\/2"}],"replies":[{"embeddable":true,"href":"https:\/\/www.europesays.com\/fi\/wp-json\/wp\/v2\/comments?post=141516"}],"version-history":[{"count":0,"href":"https:\/\/www.europesays.com\/fi\/wp-json\/wp\/v2\/posts\/141516\/revisions"}],"wp:featuredmedia":[{"embeddable":true,"href":"https:\/\/www.europesays.com\/fi\/wp-json\/wp\/v2\/media\/1024"}],"wp:attachment":[{"href":"https:\/\/www.europesays.com\/fi\/wp-json\/wp\/v2\/media?parent=141516"}],"wp:term":[{"taxonomy":"category","embeddable":true,"href":"https:\/\/www.europesays.com\/fi\/wp-json\/wp\/v2\/categories?post=141516"},{"taxonomy":"post_tag","embeddable":true,"href":"https:\/\/www.europesays.com\/fi\/wp-json\/wp\/v2\/tags?post=141516"}],"curies":[{"name":"wp","href":"https:\/\/api.w.org\/{rel}","templated":true}]}}