{"id":141519,"date":"2026-01-13T21:30:06","date_gmt":"2026-01-13T21:30:06","guid":{"rendered":"https:\/\/www.europesays.com\/fi\/141519\/"},"modified":"2026-01-13T21:30:06","modified_gmt":"2026-01-13T21:30:06","slug":"lentokoneen-laskutelineessa-nakyi-mahdollinen-liekki-helsinki-vantaalla-uutisia-lyhyesti","status":"publish","type":"post","link":"https:\/\/www.europesays.com\/fi\/141519\/","title":{"rendered":"Lentokoneen laskutelineess\u00e4 n\u00e4kyi mahdollinen liekki Helsinki-Vantaalla | Uutisia lyhyesti"},"content":{"rendered":"<p class=\"aw-1gybjub aw-5vja16 kEtdKx kmuxyA yle__article__paragraph\">Pelastuslaitos tarkisti h\u00e4lytyksen suuresta ilmaliikenneonnettomuudesta Helsinki-Vantaalla. <\/p>\n<p>22:13\u2022P\u00e4ivitetty 22:42<\/p>\n<p class=\"aw-1gybjub aw-1p7kakr kEtdKx cEmitX yle__article__paragraph\">Helsinki-Vantaan lentoasemalla annettiin tiistai-iltana h\u00e4lytys suuresta ilmaliikenneonnettomuudesta. Paikalle l\u00e4hetettiin 15 pelastuslaitoksen yksikk\u00f6\u00e4.<\/p>\n<p class=\"aw-1gybjub aw-1p7kakr kEtdKx cEmitX yle__article__paragraph\">Pelastuslaitos sai h\u00e4lytyksen onnettomuudesta tiistai-iltana kello 21.56.<\/p>\n<p class=\"aw-1gybjub aw-1p7kakr kEtdKx cEmitX yle__article__paragraph\">Finnairin viestint\u00e4johtaja <strong class=\"aw-ak79eh KyCXm yle__article__strong\">P\u00e4ivyt Tallqvist<\/strong> kertoi kello 22.30 j\u00e4lkeen Ylelle, ett\u00e4 Finnairin kone Oslosta Helsinkiin saapui lentoasemalle normaalisti.<\/p>\n<p class=\"aw-1gybjub aw-1p7kakr kEtdKx cEmitX yle__article__paragraph\">\u2013 Kone tuli matkustasillalle ja kun matkustajat olivat poistumassa koneesta, teki maapalveluhenkil\u00f6kunta havainnon mahdolisesta liekist\u00e4 laskutelineen alueella.<\/p>\n<p class=\"aw-1gybjub aw-1p7kakr kEtdKx cEmitX yle__article__paragraph\">Pelastuslaitos tuli paikalle tarkistamaan tilanteen.<\/p>\n<p class=\"aw-1gybjub aw-1p7kakr kEtdKx cEmitX yle__article__paragraph\">\u2013 Ymm\u00e4rt\u00e4\u00e4kseni tilanne ei edellytt\u00e4nyt toimia ja pelastuslaitos poistui paikalta, kertoo Tallqvist.<\/p>\n<p class=\"aw-1gybjub aw-1p7kakr kEtdKx cEmitX yle__article__paragraph\">Uutinen p\u00e4ivittyy.<\/p>\n","protected":false},"excerpt":{"rendered":"Pelastuslaitos tarkisti h\u00e4lytyksen suuresta ilmaliikenneonnettomuudesta Helsinki-Vantaalla. 22:13\u2022P\u00e4ivitetty 22:42 Helsinki-Vantaan lentoasemalla annettiin tiistai-iltana h\u00e4lytys suuresta ilmaliikenneonnettomuudesta. Paikalle l\u00e4hetettiin 15&hellip;\n","protected":false},"author":2,"featured_media":74,"comment_status":"","ping_status":"","sticky":false,"template":"","format":"standard","meta":{"footnotes":""},"categories":[5],"tags":[22,23,26,27,33,31,30,17,71,24,25,28,29,15,837,18,21,32,19,20,16],"class_list":{"0":"post-141519","1":"post","2":"type-post","3":"status-publish","4":"format-standard","5":"has-post-thumbnail","7":"category-otsikot","8":"tag-breaking-news","9":"tag-breakingnews","10":"tag-featured-news","11":"tag-featurednews","12":"tag-fi","13":"tag-finland","14":"tag-finnish","15":"tag-headlines","16":"tag-kotimaa","17":"tag-latest-news","18":"tag-latestnews","19":"tag-main-news","20":"tag-mainnews","21":"tag-news","22":"tag-onnettomuudet","23":"tag-otsikot","24":"tag-paauutiset","25":"tag-suomi","26":"tag-top-stories","27":"tag-topstories","28":"tag-uutiset"},"share_on_mastodon":{"url":"https:\/\/pubeurope.com\/@fi\/115889925173282339","error":""},"_links":{"self":[{"href":"https:\/\/www.europesays.com\/fi\/wp-json\/wp\/v2\/posts\/141519","targetHints":{"allow":["GET"]}}],"collection":[{"href":"https:\/\/www.europesays.com\/fi\/wp-json\/wp\/v2\/posts"}],"about":[{"href":"https:\/\/www.europesays.com\/fi\/wp-json\/wp\/v2\/types\/post"}],"author":[{"embeddable":true,"href":"https:\/\/www.europesays.com\/fi\/wp-json\/wp\/v2\/users\/2"}],"replies":[{"embeddable":true,"href":"https:\/\/www.europesays.com\/fi\/wp-json\/wp\/v2\/comments?post=141519"}],"version-history":[{"count":0,"href":"https:\/\/www.europesays.com\/fi\/wp-json\/wp\/v2\/posts\/141519\/revisions"}],"wp:featuredmedia":[{"embeddable":true,"href":"https:\/\/www.europesays.com\/fi\/wp-json\/wp\/v2\/media\/74"}],"wp:attachment":[{"href":"https:\/\/www.europesays.com\/fi\/wp-json\/wp\/v2\/media?parent=141519"}],"wp:term":[{"taxonomy":"category","embeddable":true,"href":"https:\/\/www.europesays.com\/fi\/wp-json\/wp\/v2\/categories?post=141519"},{"taxonomy":"post_tag","embeddable":true,"href":"https:\/\/www.europesays.com\/fi\/wp-json\/wp\/v2\/tags?post=141519"}],"curies":[{"name":"wp","href":"https:\/\/api.w.org\/{rel}","templated":true}]}}