{"id":141520,"date":"2026-01-13T21:42:07","date_gmt":"2026-01-13T21:42:07","guid":{"rendered":"https:\/\/www.europesays.com\/fi\/141520\/"},"modified":"2026-01-13T21:42:07","modified_gmt":"2026-01-13T21:42:07","slug":"paljastuivatko-umk-artistit-epamaarainen-kuva-leviaa","status":"publish","type":"post","link":"https:\/\/www.europesays.com\/fi\/141520\/","title":{"rendered":"Paljastuivatko UMK-artistit? Ep\u00e4m\u00e4\u00e4r\u00e4inen kuva levi\u00e4\u00e4"},"content":{"rendered":"<p>Kuva her\u00e4tt\u00e4\u00e4 sosiaalisessa mediassa keskustelua.<\/p>\n<p class=\"article-body mb-nof-24 px-nof-16\">Sosiaalisessa mediassa l\u00e4hti tiistai-iltana levi\u00e4m\u00e4\u00e4n kuva, jonka ep\u00e4ill\u00e4\u00e4n paljastaneen Uuden musiikin kilpailun artistit ennen aikojaan.<\/p>\n<p class=\"article-body mb-nof-24 px-nof-16\">UMK-artistit on m\u00e4\u00e4r\u00e4 julkistaa 14. tammikuuta.<\/p>\n<p class=\"article-body mb-nof-24 px-nof-16\">Jodelissa levi\u00e4v\u00e4ss\u00e4 otoksessa komeilevat UMK-promokuvatyyppisess\u00e4 somejulkaisussa Komiat, <a class=\"font-bold underline-offset-[0.12em] [text-decoration:var(--person-link-text-decoration)] ![text-decoration-color:var(--person-link-text-decoration-color)]\" href=\"https:\/\/www.is.fi\/haku\/?query=Chachi%20Hilden\" rel=\"nofollow noopener\" target=\"_blank\">Chachi Hilden<\/a>, <a class=\"font-bold underline-offset-[0.12em] [text-decoration:var(--person-link-text-decoration)] ![text-decoration-color:var(--person-link-text-decoration-color)]\" href=\"https:\/\/www.is.fi\/haku\/?query=Antti%20Paalanen\" rel=\"nofollow noopener\" target=\"_blank\">Antti Paalanen<\/a>, <a class=\"font-bold underline-offset-[0.12em] [text-decoration:var(--person-link-text-decoration)] ![text-decoration-color:var(--person-link-text-decoration-color)]\" href=\"https:\/\/www.is.fi\/haku\/?query=Linda%20Lampenius\" rel=\"nofollow noopener\" target=\"_blank\">Linda Lampenius<\/a>, <a class=\"font-bold underline-offset-[0.12em] [text-decoration:var(--person-link-text-decoration)] ![text-decoration-color:var(--person-link-text-decoration-color)]\" href=\"https:\/\/www.is.fi\/haku\/?query=Pete%20Parkkonen\" rel=\"nofollow noopener\" target=\"_blank\">Pete Parkkonen<\/a>, <a class=\"font-bold underline-offset-[0.12em] [text-decoration:var(--person-link-text-decoration)] ![text-decoration-color:var(--person-link-text-decoration-color)]\" href=\"https:\/\/www.is.fi\/haku\/?query=Etta\" rel=\"nofollow noopener\" target=\"_blank\">Etta<\/a>, <a class=\"font-bold underline-offset-[0.12em] [text-decoration:var(--person-link-text-decoration)] ![text-decoration-color:var(--person-link-text-decoration-color)]\" href=\"https:\/\/www.is.fi\/haku\/?query=Kiki\" rel=\"nofollow noopener\" target=\"_blank\">Kiki <\/a>sek\u00e4 <a class=\"font-bold underline-offset-[0.12em] [text-decoration:var(--person-link-text-decoration)] ![text-decoration-color:var(--person-link-text-decoration-color)]\" href=\"https:\/\/www.is.fi\/haku\/?query=Sinikka%20Monte\" rel=\"nofollow noopener\" target=\"_blank\">Sinikka Monte<\/a>.<\/p>\n<p class=\"article-body mb-nof-24 px-nof-16\">Kuvassa julkaisu n\u00e4ytt\u00e4\u00e4 silt\u00e4, ett\u00e4 sen olisi julkaissut Etta. Julkaisua ei n\u00e4y h\u00e4nen tilill\u00e4\u00e4n.<\/p>\n<p class=\"article-body mb-nof-24 px-nof-16\">\u2013 Mul on siistej\u00e4 uutisia! M\u00e4 oon mukana Uuden Musiikin Kilpailussa. Upee jengi koossa, en malta odottaa t\u00e4t\u00e4 matkaa. Mun biisi Million Dollar Smile ulkona t\u00e4n\u00e4 y\u00f6n\u00e4 00.00, lukee kuvassa.<\/p>\n<p class=\"article-body mb-nof-24 px-nof-16\">Se, onko kuva aito, her\u00e4tt\u00e4\u00e4 niin ik\u00e4\u00e4n keskustelua. Jotkut ep\u00e4ilev\u00e4t, ett\u00e4 se olisi teko\u00e4lyll\u00e4 tuotettu tai vain muokattu n\u00e4ytt\u00e4m\u00e4\u00e4n oikealta julkaisulta. Toiset taas ovat varmoja, ett\u00e4 kyseess\u00e4 on aito julkaisu.<\/p>\n<p class=\"article-body mb-nof-24 px-nof-16\">Jodelissa kuva on her\u00e4tt\u00e4nyt runsasta keskustelua. Erin\u00e4isiin ketjuihin on kertynyt kymmeni\u00e4 kommentteja ja ketjuja on jaettu ja tallennettu satoja kertoja.<\/p>\n<p class=\"article-body mb-nof-24 px-nof-16\">Vastaavaa keskustelua on k\u00e4yty aikaisempinakin vuosina. Viime vuonna UMK:ssa kilpaillut artisti <a class=\"font-bold underline-offset-[0.12em] [text-decoration:var(--person-link-text-decoration)] ![text-decoration-color:var(--person-link-text-decoration-color)]\" href=\"https:\/\/www.is.fi\/haku\/?query=Viivi\" rel=\"nofollow noopener\" target=\"_blank\">Viivi <\/a>paljasti oman osallistumisensa vahingossa ennakkoon. H\u00e4n julkisti asian ennen virallista julkistusta sosiaalisessa mediassa.<\/p>\n<p class=\"article-body mb-nof-24 px-nof-16\">Useampana vuonna sosiaalisessa mediassa on my\u00f6s spekuloitu UMK:n artistikattauksella ja joskus siin\u00e4 on my\u00f6s osuttu oikeaan. Mik\u00e4li kilpailijat siis olisivat vuotaneet nyt julkisuuteen, ei tapaus olisi v\u00e4ltt\u00e4m\u00e4tt\u00e4 ensimm\u00e4inen laatuaan.<\/p>\n","protected":false},"excerpt":{"rendered":"Kuva her\u00e4tt\u00e4\u00e4 sosiaalisessa mediassa keskustelua. Sosiaalisessa mediassa l\u00e4hti tiistai-iltana levi\u00e4m\u00e4\u00e4n kuva, jonka ep\u00e4ill\u00e4\u00e4n paljastaneen Uuden musiikin kilpailun artistit&hellip;\n","protected":false},"author":2,"featured_media":141521,"comment_status":"","ping_status":"","sticky":false,"template":"","format":"standard","meta":{"footnotes":""},"categories":[136],"tags":[407,137,33,31,30,34,408,32,109],"class_list":{"0":"post-141520","1":"post","2":"type-post","3":"status-publish","4":"format-standard","5":"has-post-thumbnail","7":"category-julkkikset","8":"tag-celebrities","9":"tag-entertainment","10":"tag-fi","11":"tag-finland","12":"tag-finnish","13":"tag-ilta-sanomat","14":"tag-julkkikset","15":"tag-suomi","16":"tag-viihde"},"share_on_mastodon":{"url":"https:\/\/pubeurope.com\/@fi\/115889972456031219","error":""},"_links":{"self":[{"href":"https:\/\/www.europesays.com\/fi\/wp-json\/wp\/v2\/posts\/141520","targetHints":{"allow":["GET"]}}],"collection":[{"href":"https:\/\/www.europesays.com\/fi\/wp-json\/wp\/v2\/posts"}],"about":[{"href":"https:\/\/www.europesays.com\/fi\/wp-json\/wp\/v2\/types\/post"}],"author":[{"embeddable":true,"href":"https:\/\/www.europesays.com\/fi\/wp-json\/wp\/v2\/users\/2"}],"replies":[{"embeddable":true,"href":"https:\/\/www.europesays.com\/fi\/wp-json\/wp\/v2\/comments?post=141520"}],"version-history":[{"count":0,"href":"https:\/\/www.europesays.com\/fi\/wp-json\/wp\/v2\/posts\/141520\/revisions"}],"wp:featuredmedia":[{"embeddable":true,"href":"https:\/\/www.europesays.com\/fi\/wp-json\/wp\/v2\/media\/141521"}],"wp:attachment":[{"href":"https:\/\/www.europesays.com\/fi\/wp-json\/wp\/v2\/media?parent=141520"}],"wp:term":[{"taxonomy":"category","embeddable":true,"href":"https:\/\/www.europesays.com\/fi\/wp-json\/wp\/v2\/categories?post=141520"},{"taxonomy":"post_tag","embeddable":true,"href":"https:\/\/www.europesays.com\/fi\/wp-json\/wp\/v2\/tags?post=141520"}],"curies":[{"name":"wp","href":"https:\/\/api.w.org\/{rel}","templated":true}]}}