{"id":141524,"date":"2026-01-13T21:46:07","date_gmt":"2026-01-13T21:46:07","guid":{"rendered":"https:\/\/www.europesays.com\/fi\/141524\/"},"modified":"2026-01-13T21:46:07","modified_gmt":"2026-01-13T21:46:07","slug":"jay-weinberg-eroaa-suicidal-tendenciesista-julkaisi-pitkan-eroilmoituksen-sosiaalisessa-mediassa","status":"publish","type":"post","link":"https:\/\/www.europesays.com\/fi\/141524\/","title":{"rendered":"Jay Weinberg eroaa Suicidal Tendenciesist\u00e4 \u2013 julkaisi pitk\u00e4n eroilmoituksen sosiaalisessa mediassa"},"content":{"rendered":"<p>Slipknotin rumpalina vuosina 2014\u201323 maailmanmaineeseen kohonnut Jay Weinberg on tehnyt viime vuodet uraa muun muassa Suicidal Tendenciesiss\u00e4, Infectious Groovesissa ja sooloartistina. Nyt mies ilmoittaa, ett\u00e4 ensin mainittu klassikkoyhtye on h\u00e4nen osaltaan historiaa. Weinberg ehti rumpaloida Suikkareissa muutaman vuoden ajan.<\/p>\n<p>Weinberg ilmoittaa p\u00e4\u00e4t\u00f6ksest\u00e4\u00e4n Instagram-sivuillaan. Pitk\u00e4ss\u00e4 viestiss\u00e4 h\u00e4n kertoo keskittyv\u00e4ns\u00e4 vastaisuudessa muihin projekteihin \u2013 my\u00f6s sellaisiin, joista h\u00e4n ei voi viel\u00e4 puhua julkisesti.<\/p>\n<p>\u201dKun j\u00e4nnitt\u00e4v\u00e4 vuosi 2026 alkaa hahmottua, haluaisin kiitt\u00e4\u00e4 Suicidal Tendenciesi\u00e4 siit\u00e4, ett\u00e4 sain olla keikoilla mukana puolentoista uskomattoman vuoden ajan! Se oli upea kokemus\u201d, Weinberg aloittaa ja jatkaa:<\/p>\n<p>\u201dNyt kun minun ja Chloen ensimm\u00e4inen lapsi on tuloillaan, aion keskitty\u00e4 enemm\u00e4n sellaisiin intohimoprojekteihin kuin Portraits of an Apparition, alati lis\u00e4\u00e4ntyviin yhteisty\u00f6kuvioihin, kunnon luovan tilan rakentamiseen kotiini sek\u00e4 joihinkin uusiin projekteihin, joita en voi viel\u00e4 julkistaa. Vaikka t\u00f6it\u00e4 on viel\u00e4 paljon teht\u00e4v\u00e4n\u00e4, on ollut ilo alkaa saada n\u00e4it\u00e4 asioita viimein maaliviivan yli ennen kuin huomioni keskittyy vahvemmin is\u00e4n\u00e4 olemiseen.\u201d<\/p>\n<p>Weinberg kiittelee Suicidalin miehist\u00f6\u00e4 vuolaasti kaikesta avusta ja tuesta, mit\u00e4 b\u00e4ndi on rumpalille tarjonnut.<\/p>\n<p>\u201dMike, Dean, Ben ja Tye, te tyypit nostitte minut yl\u00f6s kun olin kanveesilla ja annoitte minulle mahdollisuuden tuntea You Can\u2019t Bring Me Downin sanoma silloin, kun tarvitsin sit\u00e4 eniten. En voi kiitt\u00e4\u00e4 teit\u00e4 siit\u00e4 kylliksi ja odotan innolla sit\u00e4 kaikkea, mit\u00e4 p\u00e4\u00e4t\u00e4tte tehd\u00e4 seuraavaksi.\u201d<\/p>\n<p>Lue Winbergin alkuper\u00e4inen viesti alempaa:<\/p>\n<p>Lue my\u00f6s: <a href=\"https:\/\/www.soundi.fi\/uutiskirje\/\" title=\"Tilaa Soundin uutiskirje\" class=\"underline-custom !font-montserrat !font-bold !underline-offset-4 !decoration-4 !decoration-red-600 !text-md\" rel=\"nofollow noopener\" target=\"_blank\">Tilaa Soundin uutiskirje ja tied\u00e4t mist\u00e4 kahvitauolla puhutaan! Nappaa ajankohtaiset musiikin uutiset ja puheenaiheet suoraan s\u00e4hk\u00f6postiin t\u00e4st\u00e4.<\/a><\/p>\n","protected":false},"excerpt":{"rendered":"Slipknotin rumpalina vuosina 2014\u201323 maailmanmaineeseen kohonnut Jay Weinberg on tehnyt viime vuodet uraa muun muassa Suicidal Tendenciesiss\u00e4, Infectious&hellip;\n","protected":false},"author":2,"featured_media":141525,"comment_status":"","ping_status":"","sticky":false,"template":"","format":"standard","meta":{"footnotes":""},"categories":[132],"tags":[137,33,31,30,195,47,32,109],"class_list":{"0":"post-141524","1":"post","2":"type-post","3":"status-publish","4":"format-standard","5":"has-post-thumbnail","7":"category-musiikki","8":"tag-entertainment","9":"tag-fi","10":"tag-finland","11":"tag-finnish","12":"tag-music","13":"tag-musiikki","14":"tag-suomi","15":"tag-viihde"},"share_on_mastodon":{"url":"https:\/\/pubeurope.com\/@fi\/115889988327247415","error":""},"_links":{"self":[{"href":"https:\/\/www.europesays.com\/fi\/wp-json\/wp\/v2\/posts\/141524","targetHints":{"allow":["GET"]}}],"collection":[{"href":"https:\/\/www.europesays.com\/fi\/wp-json\/wp\/v2\/posts"}],"about":[{"href":"https:\/\/www.europesays.com\/fi\/wp-json\/wp\/v2\/types\/post"}],"author":[{"embeddable":true,"href":"https:\/\/www.europesays.com\/fi\/wp-json\/wp\/v2\/users\/2"}],"replies":[{"embeddable":true,"href":"https:\/\/www.europesays.com\/fi\/wp-json\/wp\/v2\/comments?post=141524"}],"version-history":[{"count":0,"href":"https:\/\/www.europesays.com\/fi\/wp-json\/wp\/v2\/posts\/141524\/revisions"}],"wp:featuredmedia":[{"embeddable":true,"href":"https:\/\/www.europesays.com\/fi\/wp-json\/wp\/v2\/media\/141525"}],"wp:attachment":[{"href":"https:\/\/www.europesays.com\/fi\/wp-json\/wp\/v2\/media?parent=141524"}],"wp:term":[{"taxonomy":"category","embeddable":true,"href":"https:\/\/www.europesays.com\/fi\/wp-json\/wp\/v2\/categories?post=141524"},{"taxonomy":"post_tag","embeddable":true,"href":"https:\/\/www.europesays.com\/fi\/wp-json\/wp\/v2\/tags?post=141524"}],"curies":[{"name":"wp","href":"https:\/\/api.w.org\/{rel}","templated":true}]}}