{"id":141526,"date":"2026-01-13T21:47:09","date_gmt":"2026-01-13T21:47:09","guid":{"rendered":"https:\/\/www.europesays.com\/fi\/141526\/"},"modified":"2026-01-13T21:47:09","modified_gmt":"2026-01-13T21:47:09","slug":"liam-neesonin-jalanjaljissa-illan-toimintatrilleri-vie-kovaksikeitetyn-veteraanin-vankilaan","status":"publish","type":"post","link":"https:\/\/www.europesays.com\/fi\/141526\/","title":{"rendered":"Liam Neesonin jalanj\u00e4ljiss\u00e4: illan toimintatrilleri vie kovaksikeitetyn veteraanin vankilaan"},"content":{"rendered":"<p>Illan tv-tarjonnassa on nyt rikostrilleri Kolme sekuntia (2019). Se l\u00f6ytyy my\u00f6s suoratoistopalveluista Prime Video, Viaplay, MTV Katsomo Plussasta, Cineast ja HBO Max.<\/p>\n<p>Vankilaan p\u00e4\u00e4tynyt Pete saa FBI:lta houkuttelevan, mutta hengenvaarallisen tarjouksen. H\u00e4n saa vastineeksi vapautensa, jos h\u00e4n soluttautuu New Yorkin alamaailman ytimeen. Pete joutuu keskelle s\u00e4\u00e4lim\u00e4t\u00f6nt\u00e4 peli\u00e4, jossa vastakkain ovat rikollispomot, FBI ja New Yorkin poliisi. Luottamus on kortilla, kun jokainen osapuoli ajaa vain omaa etuaan.<\/p>\n<p>Ohjaajana <strong>Andrea Di Stefano<\/strong>. N\u00e4yttelij\u00f6in\u00e4 <strong>Joel Kinnaman, Rosamund Pike, Common, Ana de Armas<\/strong> sek\u00e4 <strong>Clive Owen<\/strong>.<\/p>\n<p><img loading=\"lazy\" height=\"720\" width=\"1280\" class=\"wp-image-145212 sp-no-webp perfmatters-lazy\" alt=\"\" decoding=\"async\" src=\"https:\/\/www.europesays.com\/fi\/wp-content\/uploads\/2026\/01\/maxresdefault1-1.jpg\"  data-\/> <\/p>\n<p>Lue my\u00f6s: <a href=\"https:\/\/www.episodi.fi\/uutiset\/johan-falk-fanit-juhlivat-muutakin-kuin-uutta-vuotta-laja-falk-leffoja-lisattiin-suoratoistoon\/\" title=\"Johan Falk -fanit juhlivat muutakin kuin uutta vuotta \u2013 l\u00e4j\u00e4 Falk-elokuvia lis\u00e4ttiin suoratoistoon!\" class=\"underline-custom !font-montserrat !font-bold !underline-offset-4 !decoration-4 !decoration-episodi-blue !text-md\" rel=\"nofollow noopener\" target=\"_blank\">Johan Falk -fanit juhlivat muutakin kuin uutta vuotta \u2013 l\u00e4j\u00e4 Falk-elokuvia lis\u00e4ttiin suoratoistoon!<\/a><\/p>\n<p>Episodi <a href=\"https:\/\/www.episodi.fi\/elokuvat\/kolme-sekuntia\/\" rel=\"nofollow noopener\" target=\"_blank\">antoi<\/a> elokuvalle kolme t\u00e4hte\u00e4:<\/p>\n<p>\u201dOn vaikea sanoa, muistetaanko\u00a0Kolme sekuntia\u00a0pitk\u00e4\u00e4n, mutta se tuntuu milt\u00e4 tahansa\u00a0<strong>Liam Neesonin\u00a0<\/strong>viimeisimm\u00e4lt\u00e4 toimintaleffalta. Ehk\u00e4 jotain tekemist\u00e4 asian kanssa on, ett\u00e4 Kinnaman ja Neeson n\u00e4ytteliv\u00e4t yhdess\u00e4 vuoden 2015\u00a0Run All Nightissa.\u201d<\/p>\n<p>Osa elokuvasta kuvattiin hyl\u00e4tyss\u00e4 vankilassa Gloucesterissa, Englannissa.<\/p>\n<p>Arvosteluja kokoava Rotten Tomatoes -sivusto antaa elokuvalle 64 prosentin hyv\u00e4ksynn\u00e4n, keskiarvon ollessa 5,8\/10. Sivuston kriitikkojen yhteenveto toteaa:<\/p>\n<p>\u201cKolme sekuntia saattaa tarjota kelvollista viihdett\u00e4 v\u00e4hemm\u00e4n vaativille j\u00e4nnityselokuvien yst\u00e4ville, mutta suurin osa sen aineksista on kierr\u00e4tetty paremmista lajityypin teoksista.\u201d<\/p>\n<p>Elokuvan kriitikkomittari Rotten Tomatoesissa on luvussa 63. Alla traileri.<\/p>\n<p>Tulevat l\u00e4hetykset:<\/p>\n<ul class=\"wp-block-list\">\n<li>Ti 13.1.2026 klo 21.00 \u00b7 Kutonen<\/li>\n<\/ul>\n<p>Lue my\u00f6s: <a href=\"https:\/\/www.episodi.fi\/uutiset\/nyt-netflixissa-haukuttu-sarjakuvaelokuva-rajaytti-lippukassat-7492-miljoonan-tulot\/\" title=\"Nyt Netflixiss\u00e4: Haukuttu sarjakuvaelokuva r\u00e4j\u00e4ytti lippukassat \u2013\u00a0749,2 miljoonan tulot!\" class=\"underline-custom !font-montserrat !font-bold !underline-offset-4 !decoration-4 !decoration-episodi-blue !text-md\" rel=\"nofollow noopener\" target=\"_blank\">Nyt Netflixiss\u00e4: Haukuttu sarjakuvaelokuva r\u00e4j\u00e4ytti lippukassat \u2013\u00a0749,2 miljoonan tulot!<\/a><\/p>\n<p>Lue my\u00f6s: <a href=\"https:\/\/www.episodi.fi\/uutiset\/illalla-tvssa-kovaksikeitetty-veteraani-joutuu-kaltereiden-taakse-kelvollista-viihdetta-liam-neesonin-hengessa\/\" title=\"Nyt suoratoistona: Kovaksikeitetty veteraani joutuu kaltereiden taakse \u2013 \u201dkelvollista viihdett\u00e4\u201d Liam Neesonin hengess\u00e4\" class=\"underline-custom !font-montserrat !font-bold !underline-offset-4 !decoration-4 !decoration-episodi-blue !text-md\" rel=\"nofollow noopener\" target=\"_blank\">Nyt suoratoistona: Kovaksikeitetty veteraani joutuu kaltereiden taakse \u2013 \u201dkelvollista viihdett\u00e4\u201d Liam Neesonin hengess\u00e4<\/a><\/p>\n<p>Lue my\u00f6s: <a href=\"https:\/\/www.episodi.fi\/uutiset\/nyt-hbo-maxissa-erityisen-pysayttava-vuoden-2015-toimintatrillerin-loppu-on-vaikuttava\/\" title=\"Nyt HBO Maxissa: \u201dErityisen pys\u00e4ytt\u00e4v\u00e4\u201d \u2013 Vuoden 2015 toimintatrillerin loppu on vaikuttava\" class=\"underline-custom !font-montserrat !font-bold !underline-offset-4 !decoration-4 !decoration-episodi-blue !text-md\" rel=\"nofollow noopener\" target=\"_blank\">Nyt HBO Maxissa: \u201dErityisen pys\u00e4ytt\u00e4v\u00e4\u201d \u2013 Vuoden 2015 toimintatrillerin loppu on vaikuttava<\/a><\/p>\n<p><img loading=\"lazy\" decoding=\"async\" alt=\"YouTube video\" width=\"480\" height=\"360\" data-pin-nopin=\"true\" nopin=\"nopin\" class=\"perfmatters-lazy\" src=\"https:\/\/www.europesays.com\/fi\/wp-content\/uploads\/2025\/08\/1755319148_626_hqdefault.jpg\"\/><\/p>\n<p>L\u00e4hde: <a href=\"https:\/\/www.imdb.com\/title\/tt1833116\/trivia\/?ref_=tt_trv_trv\" target=\"_blank\" rel=\"noreferrer noopener nofollow\">IMDb<\/a><\/p>\n<p>Lue my\u00f6s: <a href=\"https:\/\/www.episodi.fi\/uutiskirje\/?uutiskirjemainos=tekstilinkkimainos\" title=\"Tilaa Episodin uutiskirje ja voit voittaa leffalippuja! Nappaa tv-vinkit suoraan s\u00e4hk\u00f6postiin t\u00e4st\u00e4.\" class=\"underline-custom !font-montserrat !font-bold !underline-offset-4 !decoration-4 !decoration-episodi-blue !text-md\" rel=\"nofollow noopener\" target=\"_blank\">Tilaa Episodin uutiskirje ja voit voittaa leffalippuja! Nappaa katseluvinkit suoraan s\u00e4hk\u00f6postiin t\u00e4st\u00e4.<\/a><\/p>\n","protected":false},"excerpt":{"rendered":"Illan tv-tarjonnassa on nyt rikostrilleri Kolme sekuntia (2019). Se l\u00f6ytyy my\u00f6s suoratoistopalveluista Prime Video, Viaplay, MTV Katsomo Plussasta,&hellip;\n","protected":false},"author":2,"featured_media":141527,"comment_status":"","ping_status":"","sticky":false,"template":"","format":"standard","meta":{"footnotes":""},"categories":[131],"tags":[155,137,33,173,31,30,172,32,109],"class_list":{"0":"post-141526","1":"post","2":"type-post","3":"status-publish","4":"format-standard","5":"has-post-thumbnail","7":"category-elokuvat","8":"tag-elokuvat","9":"tag-entertainment","10":"tag-fi","11":"tag-film","12":"tag-finland","13":"tag-finnish","14":"tag-movies","15":"tag-suomi","16":"tag-viihde"},"share_on_mastodon":{"url":"https:\/\/pubeurope.com\/@fi\/115889991997039859","error":""},"_links":{"self":[{"href":"https:\/\/www.europesays.com\/fi\/wp-json\/wp\/v2\/posts\/141526","targetHints":{"allow":["GET"]}}],"collection":[{"href":"https:\/\/www.europesays.com\/fi\/wp-json\/wp\/v2\/posts"}],"about":[{"href":"https:\/\/www.europesays.com\/fi\/wp-json\/wp\/v2\/types\/post"}],"author":[{"embeddable":true,"href":"https:\/\/www.europesays.com\/fi\/wp-json\/wp\/v2\/users\/2"}],"replies":[{"embeddable":true,"href":"https:\/\/www.europesays.com\/fi\/wp-json\/wp\/v2\/comments?post=141526"}],"version-history":[{"count":0,"href":"https:\/\/www.europesays.com\/fi\/wp-json\/wp\/v2\/posts\/141526\/revisions"}],"wp:featuredmedia":[{"embeddable":true,"href":"https:\/\/www.europesays.com\/fi\/wp-json\/wp\/v2\/media\/141527"}],"wp:attachment":[{"href":"https:\/\/www.europesays.com\/fi\/wp-json\/wp\/v2\/media?parent=141526"}],"wp:term":[{"taxonomy":"category","embeddable":true,"href":"https:\/\/www.europesays.com\/fi\/wp-json\/wp\/v2\/categories?post=141526"},{"taxonomy":"post_tag","embeddable":true,"href":"https:\/\/www.europesays.com\/fi\/wp-json\/wp\/v2\/tags?post=141526"}],"curies":[{"name":"wp","href":"https:\/\/api.w.org\/{rel}","templated":true}]}}