{"id":141531,"date":"2026-01-13T21:53:12","date_gmt":"2026-01-13T21:53:12","guid":{"rendered":"https:\/\/www.europesays.com\/fi\/141531\/"},"modified":"2026-01-13T21:53:12","modified_gmt":"2026-01-13T21:53:12","slug":"oikaisu-tyrvaan-sanomat","status":"publish","type":"post","link":"https:\/\/www.europesays.com\/fi\/141531\/","title":{"rendered":"Oikaisu &#8211; Tyrv\u00e4\u00e4n Sanomat"},"content":{"rendered":"<p class=\"article-body mb-nof-24 px-nof-16\">Tyrv\u00e4\u00e4n Sanomat julkaisi nimilistan itsen\u00e4isyysp\u00e4iv\u00e4n\u00e4 2025 kunniamerkin saaneista sastamalalaisista 3.12. verkkosivuilla ja 10.12. paperilehdess\u00e4.<\/p>\n<p class=\"article-body mb-nof-24 px-nof-16\">Virheellisesti sastamalalaisten nimilistalla oli Suomen Leijonan ansioristin saanut komisario <a class=\"font-bold underline-offset-[0.12em] [text-decoration:var(--person-link-text-decoration)] ![text-decoration-color:var(--person-link-text-decoration-color)]\" href=\"https:\/\/www.tyrvaansanomat.fi\/haku\/?query=Tomi\" rel=\"nofollow noopener\" target=\"_blank\">Tomi <\/a><a class=\"font-bold underline-offset-[0.12em] [text-decoration:var(--person-link-text-decoration)] ![text-decoration-color:var(--person-link-text-decoration-color)]\" href=\"https:\/\/www.tyrvaansanomat.fi\/haku\/?query=Meril%C3%A4\" rel=\"nofollow noopener\" target=\"_blank\">Meril\u00e4<\/a>. H\u00e4n ei asu Sastamalassa, vaikka h\u00e4nen kotipaikkakunnakseen se on virheellisesti merkitty Ritarikuntien verkkosivuilla.<\/p>\n","protected":false},"excerpt":{"rendered":"Tyrv\u00e4\u00e4n Sanomat julkaisi nimilistan itsen\u00e4isyysp\u00e4iv\u00e4n\u00e4 2025 kunniamerkin saaneista sastamalalaisista 3.12. verkkosivuilla ja 10.12. paperilehdess\u00e4. Virheellisesti sastamalalaisten nimilistalla oli&hellip;\n","protected":false},"author":2,"featured_media":141532,"comment_status":"","ping_status":"","sticky":false,"template":"","format":"standard","meta":{"footnotes":""},"categories":[76],"tags":[79,77,33,31,30,32,78,3885],"class_list":{"0":"post-141531","1":"post","2":"type-post","3":"status-publish","4":"format-standard","5":"has-post-thumbnail","7":"category-talous","8":"tag-business","9":"tag-economy","10":"tag-fi","11":"tag-finland","12":"tag-finnish","13":"tag-suomi","14":"tag-talous","15":"tag-tyrvaan-sanomat"},"share_on_mastodon":{"url":"https:\/\/pubeurope.com\/@fi\/115890015815204084","error":""},"_links":{"self":[{"href":"https:\/\/www.europesays.com\/fi\/wp-json\/wp\/v2\/posts\/141531","targetHints":{"allow":["GET"]}}],"collection":[{"href":"https:\/\/www.europesays.com\/fi\/wp-json\/wp\/v2\/posts"}],"about":[{"href":"https:\/\/www.europesays.com\/fi\/wp-json\/wp\/v2\/types\/post"}],"author":[{"embeddable":true,"href":"https:\/\/www.europesays.com\/fi\/wp-json\/wp\/v2\/users\/2"}],"replies":[{"embeddable":true,"href":"https:\/\/www.europesays.com\/fi\/wp-json\/wp\/v2\/comments?post=141531"}],"version-history":[{"count":0,"href":"https:\/\/www.europesays.com\/fi\/wp-json\/wp\/v2\/posts\/141531\/revisions"}],"wp:featuredmedia":[{"embeddable":true,"href":"https:\/\/www.europesays.com\/fi\/wp-json\/wp\/v2\/media\/141532"}],"wp:attachment":[{"href":"https:\/\/www.europesays.com\/fi\/wp-json\/wp\/v2\/media?parent=141531"}],"wp:term":[{"taxonomy":"category","embeddable":true,"href":"https:\/\/www.europesays.com\/fi\/wp-json\/wp\/v2\/categories?post=141531"},{"taxonomy":"post_tag","embeddable":true,"href":"https:\/\/www.europesays.com\/fi\/wp-json\/wp\/v2\/tags?post=141531"}],"curies":[{"name":"wp","href":"https:\/\/api.w.org\/{rel}","templated":true}]}}