{"id":141537,"date":"2026-01-13T21:56:08","date_gmt":"2026-01-13T21:56:08","guid":{"rendered":"https:\/\/www.europesays.com\/fi\/141537\/"},"modified":"2026-01-13T21:56:08","modified_gmt":"2026-01-13T21:56:08","slug":"sdpn-eduskuntaryhman-paasihteeri-rami-lindstrom-kommentoi-ville-merisen-kovia-vaitteita","status":"publish","type":"post","link":"https:\/\/www.europesays.com\/fi\/141537\/","title":{"rendered":"Sdp:n eduskuntaryhm\u00e4n p\u00e4\u00e4sihteeri Rami Lindstr\u00f6m kommentoi Ville Merisen kovia v\u00e4itteit\u00e4"},"content":{"rendered":"<p>Rami Lindstr\u00f6min mukaan on tavallista, ett\u00e4 kansanedustaja l\u00e4hett\u00e4\u00e4 avustajalleen ty\u00f6h\u00f6n liittyv\u00e4n viestin puoleny\u00f6n aikaan.<\/p>\n<p>Lue tiivistelm\u00e4<\/p>\n<p class=\"article-body mb-nof-24 px-nof-16 sndp-summary-bullet-point-font\">Sdp:n kansanedustaja Ville Merinen kertoi Ylelle kuulleensa \u201dhirveit\u00e4 juttuja\u201d siit\u00e4, miten kansanedustajat kohtelevat avustajiaan eduskunnassa.<\/p>\n<p class=\"article-body mb-nof-24 px-nof-16 sndp-summary-bullet-point-font\">Sdp:n eduskuntaryhm\u00e4n p\u00e4\u00e4sihteeri Rami Lindstr\u00f6m sanoo, ettei h\u00e4nelle ole tullut yht\u00e4\u00e4n virallista ilmoitusta h\u00e4irinn\u00e4st\u00e4 tai ep\u00e4asiallisesta kohtelusta puolentoista vuoden aikana.<\/p>\n<p class=\"article-body mb-nof-24 px-nof-16 sndp-summary-bullet-point-font\">Lindstr\u00f6m my\u00f6nt\u00e4\u00e4, ett\u00e4 yksitt\u00e4isi\u00e4 konfliktitilanteita syntyy, mutta kiist\u00e4\u00e4 Merisen v\u00e4itteet laajemmasta ilmi\u00f6st\u00e4 Sdp:n ryhm\u00e4ss\u00e4.<\/p>\n<p class=\"article-body mb-nof-24 px-nof-16\">Sdp:n kansanedustaja <a class=\"font-bold underline-offset-[0.12em] [text-decoration:var(--person-link-text-decoration)] ![text-decoration-color:var(--person-link-text-decoration-color)]\" href=\"https:\/\/www.is.fi\/haku\/?query=Ville%20Merinen\" rel=\"nofollow noopener\" target=\"_blank\">Ville Merinen<\/a> kertoi Ylelle kuulleensa \u201dhirveit\u00e4 juttuja\u201d siit\u00e4, miten kansanedustajat kohtelevat avustajiaan.<\/p>\n<p class=\"article-body mb-nof-24 px-nof-16\">Ylen toimittaja luetteli Meriselle <a class=\"underline underline-offset-[0.12em] [text-decoration-thickness:var(--generic-link-underline-thickness)] [text-decoration-color:var(--generic-link-underline-color)] [text-decoration-skip-ink:var(--generic-link-underline-skip-ink)] break-words\" href=\"https:\/\/areena.yle.fi\/1-76385776\" rel=\"nofollow noopener\" target=\"_blank\">Vallan algoritmi -ohjelmassa<\/a> eri h\u00e4irinn\u00e4n muotoja: \u201dFyysist\u00e4, seksuaalista, henkist\u00e4 v\u00e4kivaltaa, kiusaamista, ahdistelua, h\u00e4irint\u00e4\u00e4\u201d, jolloin Merinen vastasi: \u201dJuuri n\u00e4in. Sin\u00e4 sanoit ne \u00e4\u00e4neen. Tyyliin kaikkea.\u201d<\/p>\n<p class=\"article-body mb-nof-24 px-nof-16\">Sdp:n eduskuntaryhm\u00e4n p\u00e4\u00e4sihteeri <a class=\"font-bold underline-offset-[0.12em] [text-decoration:var(--person-link-text-decoration)] ![text-decoration-color:var(--person-link-text-decoration-color)]\" href=\"https:\/\/www.is.fi\/haku\/?query=Rami%20Lindstr%C3%B6m\" rel=\"nofollow noopener\" target=\"_blank\">Rami Lindstr\u00f6m<\/a> kommentoi Merisen v\u00e4itteit\u00e4.<\/p>\n<p class=\"article-body mb-nof-24 px-nof-16\">Onko sinulle tai eduskuntaryhm\u00e4nne johdolle raportoitu Sdp:n kansanedustajien ep\u00e4asiallisesta k\u00e4yt\u00f6ksest\u00e4 kuluvalla vaalikaudella tai viime vaalikaudella?<\/p>\n<p class=\"article-body mb-nof-24 px-nof-16\">\u2013 Meill\u00e4 on tarkat prosessit, ep\u00e4asiallisen kohtelun ja h\u00e4irinn\u00e4n ohjes\u00e4\u00e4nt\u00f6, jonka mukaan siit\u00e4 tehd\u00e4\u00e4n erillinen ilmoitus. T\u00e4llaisia ilmoituksia ei ole tullut. Min\u00e4h\u00e4n olen ollut vasta puolitoista vuotta p\u00e4\u00e4sihteerin\u00e4 ja siin\u00e4 aikana minulle ei ole t\u00e4llaisia ilmoituksia tullut, Lindstr\u00f6m sanoo.<\/p>\n<p class=\"article-body mb-nof-24 px-nof-16\">Ei ainuttakaan ilmoitusta ole sinulle tullut?<\/p>\n<p class=\"article-body mb-nof-24 px-nof-16\">\u2013 Ei ole tullut.<\/p>\n<blockquote class=\"p-[var(--citation-padding)] m-[var(--citation-margin)] border-y-[length:var(--citation-border-width)] border-y-[color:var(--citation-border-color)]\">\n<p>Ei mit\u00e4\u00e4n vakavaa, laajempaa ilmi\u00f6t\u00e4.<\/p>\n<\/blockquote>\n<p><img decoding=\"async\" src=\"https:\/\/www.europesays.com\/fi\/wp-content\/uploads\/2026\/01\/1768341368_475_468.jpg\" alt=\"Sdp:n eduskuntaryhm\u00e4n p\u00e4\u00e4sihteerin Rami Lindstr\u00f6min mukaan h\u00e4irint\u00e4ilmoituksia ei ole tullut virallisia reittej\u00e4 pitkin.\" class=\"_Img_1rerz_1\" style=\"aspect-ratio:1.5011727912431587\" loading=\"eager\"\/><\/p>\n<p class=\"article-picture-caption\">Sdp:n eduskuntaryhm\u00e4n p\u00e4\u00e4sihteerin Rami Lindstr\u00f6min mukaan h\u00e4irint\u00e4ilmoituksia ei ole tullut virallisia reittej\u00e4 pitkin. Kuva:\u00a0Antti Aimo-Koivisto \/ Lehtikuva<\/p>\n<p class=\"article-body mb-nof-24 px-nof-16\">Onko mit\u00e4\u00e4n ep\u00e4virallista reitti\u00e4 tullut ilmoituksia?<\/p>\n<p class=\"article-body mb-nof-24 px-nof-16\">\u2013 Eduskuntahan on ty\u00f6paikka ja siell\u00e4 on paljon ty\u00f6ntekij\u00f6it\u00e4. Jokaisessa ty\u00f6paikassa syntyy aina jonkinlaisia konfliktitilanteita ja niit\u00e4 ratkotaan. Se on ihan tavallista toimintaa. Yksitt\u00e4istilanteita, joissa henkil\u00f6 vaikka kokee, ett\u00e4 toinen on toiminut tai kommentoinut jotenkin ep\u00e4asiallisesti tulee tietysti aika ajoin ja niit\u00e4 ratkotaan keskustelemalla.<\/p>\n<p class=\"article-body mb-nof-24 px-nof-16\">Mink\u00e4laisista tapauksista on ollut kyse?<\/p>\n<p class=\"article-body mb-nof-24 px-nof-16\">\u2013 Ihan tavallisia ty\u00f6h\u00f6n liittyvi\u00e4 asioita. Yksitt\u00e4isten ty\u00f6ntekij\u00f6iden asioita en l\u00e4hde tarkemmin kommentoimaan.<\/p>\n<p class=\"article-body mb-nof-24 px-nof-16\">Pystytk\u00f6 sanomaan, onko ollut kysymys h\u00e4irinn\u00e4st\u00e4 tai ep\u00e4asiallisesta k\u00e4yt\u00f6ksest\u00e4?<\/p>\n<p class=\"article-body mb-nof-24 px-nof-16\">\u2013 En l\u00e4hde sen tarkemmin (avaamaan). Ei mit\u00e4\u00e4n sentyyppist\u00e4, mihin Merisen kommentit liittyv\u00e4t. Ei mit\u00e4\u00e4n vakavaa, laajempaa ilmi\u00f6t\u00e4.<\/p>\n<p class=\"article-body mb-nof-24 px-nof-16\">Mainitsit, ett\u00e4 jonkinlaisia v\u00e4lienselvittelyj\u00e4 on ollut. Onko n\u00e4ist\u00e4 tapauksista raportoitu eduskuntaryhm\u00e4n puheenjohtajistolle tai puolueen puheenjohtajistolle?<\/p>\n<p class=\"article-body mb-nof-24 px-nof-16\">\u2013 Ei ole raportoitu. Kansanedustajan avustajat ovat meill\u00e4 ryhm\u00e4kansliamallissa t\u00e4ysin ryhm\u00e4kanslian ty\u00f6njohdon alla. P\u00e4\u00e4sihteerin\u00e4 min\u00e4 johdan ryhm\u00e4kansliaa yhdess\u00e4 muun johtoryhm\u00e4n kanssa. Kaikki t\u00e4llaiset asiat k\u00e4sitell\u00e4\u00e4n ty\u00f6ntekij\u00e4n, esihenkil\u00f6n ja tarvittaessa kansanedustajan v\u00e4lill\u00e4. Mutta ei n\u00e4ist\u00e4 poliittiselle johdolle raportoida.<\/p>\n<p class=\"article-body mb-nof-24 px-nof-16\">Eli n\u00e4ist\u00e4 tapauksista, mit\u00e4 on jouduttu selvitt\u00e4m\u00e4\u00e4n, et ole kertonut eduskuntaryhm\u00e4n puheenjohtajalle Tytti Tuppuraiselle?<\/p>\n<p class=\"article-body mb-nof-24 px-nof-16\">\u2013 En. Ei, ei ole mit\u00e4\u00e4n sellaista, mik\u00e4 olisi kuulunut h\u00e4nen teht\u00e4viins\u00e4.<\/p>\n<p class=\"article-body mb-nof-24 px-nof-16\">Eli toisin sanoen arvioit, ett\u00e4 n\u00e4m\u00e4 tapaukset eiv\u00e4t ole olleet niin vakavia, ett\u00e4 ne olisivat edellytt\u00e4neet k\u00e4sittely\u00e4 korkeammalla tasolla?<\/p>\n<p class=\"article-body mb-nof-24 px-nof-16\">\u2013 Ei ole ollut sellaisia, jotka olisivat nimenomaan poliittisen johdon asia.<\/p>\n<blockquote class=\"p-[var(--citation-padding)] m-[var(--citation-margin)] border-y-[length:var(--citation-border-width)] border-y-[color:var(--citation-border-color)]\">\n<p>Mutta ei n\u00e4ist\u00e4 poliittiselle johdolle raportoida.<\/p>\n<\/blockquote>\n<p><img decoding=\"async\" src=\"https:\/\/www.europesays.com\/fi\/wp-content\/uploads\/2026\/01\/1768341368_866_468.jpg\" alt=\"Sdp:n p\u00e4\u00e4sihteeri Rami Lindtstr\u00f6m sanoo, ettei h\u00e4n ole kertonut ryhm\u00e4johtaja Tytti Tuppuraiselle selvittelemist\u00e4\u00e4n tapauksista.\" class=\"_Img_1rerz_1\" style=\"aspect-ratio:1.5\" loading=\"eager\"\/><\/p>\n<p class=\"article-picture-caption\">Sdp:n p\u00e4\u00e4sihteeri Rami Lindtstr\u00f6m sanoo, ettei h\u00e4n ole kertonut ryhm\u00e4johtaja Tytti Tuppuraiselle selvittelemist\u00e4\u00e4n tapauksista. Kuva:\u00a0Mika Ranta \/ HS<\/p>\n<p class=\"article-body mb-nof-24 px-nof-16\">Miten suhtautuisit sellaiseen, jos kansanedustaja l\u00e4hettelee y\u00f6ll\u00e4 viestej\u00e4 avustajalleen?<\/p>\n<p class=\"article-body mb-nof-24 px-nof-16\">\u2013 No, sen tied\u00e4n, ett\u00e4 sellaista tapahtuu. Kansanedustajat ovat 24\/7 t\u00f6iss\u00e4. Heill\u00e4 voi tulla mieleen puolen y\u00f6n aikaan, kun kokousputki p\u00e4\u00e4ttyy, ett\u00e4 t\u00e4m\u00e4 asia pit\u00e4\u00e4 hoitaa, ja edustaja l\u00e4hett\u00e4\u00e4 viesti\u00e4 avustajalle. Sanoisin, ett\u00e4 se on aika tavallista.<\/p>\n<p class=\"article-body mb-nof-24 px-nof-16\">\u2013 Min\u00e4 ohjeistan ty\u00f6ntekij\u00f6it\u00e4 siihen, ett\u00e4 kun heill\u00e4 ty\u00f6p\u00e4iv\u00e4 p\u00e4\u00e4ttyy, he laittavat puhelimen \u00e4\u00e4nett\u00f6m\u00e4lle ja avaavat sen seuraavana p\u00e4iv\u00e4n\u00e4.<\/p>\n<p class=\"article-body mb-nof-24 px-nof-16\">\u2013 En n\u00e4e, ett\u00e4 t\u00e4t\u00e4 voi ajatella kovin ep\u00e4asiallisena toimintana. Minusta normaali toimintamalli viestittelyn osalta on, ett\u00e4 l\u00e4hetet\u00e4\u00e4n viesti silloin, kun silt\u00e4 tuntuu ja vastataan siihen sitten, kun on oikea aika.<\/p>\n<p class=\"article-body mb-nof-24 px-nof-16\">Oletko t\u00e4m\u00e4n tyyppist\u00e4 tapausta joutunut k\u00e4sittelem\u00e4\u00e4n?<\/p>\n<p class=\"article-body mb-nof-24 px-nof-16\">\u2013 Yleisell\u00e4 tasolla n\u00e4it\u00e4 kommentteja on tullut sin\u00e4 aikana, mit\u00e4 olen ollut ryhm\u00e4kansliassa t\u00f6iss\u00e4. Niit\u00e4 aina v\u00e4lill\u00e4 kuulee ja sitten ohjeistan, niin kuin kuvasin.<\/p>\n<p class=\"article-body mb-nof-24 px-nof-16\">\u2013 Edustajan toimintaan viestittelyasiassa ei voi puuttua. Toki aina kannustan siihen, ett\u00e4 avustajat keskustelevat edustajien kanssa ja sopivat ty\u00f6parin ty\u00f6tavoista.<\/p>\n<p class=\"article-body mb-nof-24 px-nof-16\">Oma k\u00e4sityksesi on siis se, ett\u00e4 sellaista, mihin Ville Merinen Ylen haastattelussa viittasi, ei Sdp:n ryhm\u00e4ss\u00e4 esiinny tai ainakaan sinun p\u00e4\u00e4sihteerikaudellasi ei ole esiintynyt?<\/p>\n<p class=\"article-body mb-nof-24 px-nof-16\">\u2013 Merisen v\u00e4itteet olivat tosi vakavia ja niihin pit\u00e4\u00e4 suhtautua vakavasti. Mutta ne olivat kuitenkin yksil\u00f6im\u00e4tt\u00f6mi\u00e4. Toimittajahan oli luetellut pitk\u00e4n listan erilaisia v\u00e4itteit\u00e4, johon Merinen vain yleisesti kommentoi, ett\u00e4 juuri n\u00e4in, kaikenlaista.<\/p>\n<p class=\"article-body mb-nof-24 px-nof-16\">\u2013 En ole Merist\u00e4 itse saanut kiinni, joten en tied\u00e4 mihin Merinen t\u00e4ss\u00e4 viittaa. Mediasta lukemalla on tullut kuva, ett\u00e4 Merisen mielest\u00e4 t\u00e4ss\u00e4 on jokin laajempi ilmi\u00f6 taustalla, mutta sellaisesta minulla ei ole mit\u00e4\u00e4n havaintoa.<\/p>\n<blockquote class=\"p-[var(--citation-padding)] m-[var(--citation-margin)] border-y-[length:var(--citation-border-width)] border-y-[color:var(--citation-border-color)]\">\n<p>Tai siis mik\u00e4 sitten koetaan kiusaamiseksi tai h\u00e4irinn\u00e4ksi.<\/p>\n<\/blockquote>\n<p><img decoding=\"async\" src=\"https:\/\/www.europesays.com\/fi\/wp-content\/uploads\/2026\/01\/1768341368_428_468.jpg\" alt=\"Lindstr\u00f6m kertoo, ettei h\u00e4n ole saanut kovia v\u00e4itteit\u00e4 esitt\u00e4nytt\u00e4 Ville Merist\u00e4 kiinni.\" class=\"_Img_1rerz_1\" style=\"aspect-ratio:1.3333333333333333\" loading=\"eager\"\/><\/p>\n<p class=\"article-picture-caption\">Lindstr\u00f6m kertoo, ettei h\u00e4n ole saanut kovia v\u00e4itteit\u00e4 esitt\u00e4nytt\u00e4 Ville Merist\u00e4 kiinni. Kuva:\u00a0Olli Waris<\/p>\n<p class=\"article-body mb-nof-24 px-nof-16\">Et siis ole joutunut selvittelem\u00e4\u00e4n tai kuullut p\u00e4\u00e4sihteerin\u00e4, ett\u00e4 teid\u00e4n ryhm\u00e4ss\u00e4 esiintyisi fyysist\u00e4, seksuaalista, henkist\u00e4 v\u00e4kivaltaa, kiusaamista, ahdistelua tai h\u00e4irint\u00e4\u00e4?<\/p>\n<p class=\"article-body mb-nof-24 px-nof-16\">\u2013 En ole.<\/p>\n<p class=\"article-body mb-nof-24 px-nof-16\">Ei mit\u00e4\u00e4n n\u00e4ist\u00e4?<\/p>\n<p class=\"article-body mb-nof-24 px-nof-16\">\u2013 Ei.<\/p>\n<p class=\"article-body mb-nof-24 px-nof-16\">\u2013 Tai siis mik\u00e4 sitten koetaan kiusaamiseksi tai h\u00e4irinn\u00e4ksi. Niin kuin sanoin, joskus budjettiviikolla joulun alla voi olla, ett\u00e4 kansanedustajan kommunikaatio ei v\u00e4ltt\u00e4m\u00e4tt\u00e4 ole kovinkaan miellytt\u00e4v\u00e4\u00e4, kun on kovat paineet, ja (edustaja) saattaa \u00e4r\u00e4ht\u00e4\u00e4. Voi olla, ett\u00e4 joskus tulee t\u00e4llaisia esiin. <\/p>\n<p class=\"article-body mb-nof-24 px-nof-16\">Esiintyyk\u00f6 huutamista?<\/p>\n<p class=\"article-body mb-nof-24 px-nof-16\">\u2013 Ei minun mielest\u00e4ni. Voi olla yksitt\u00e4isi\u00e4 tilanteita, joissa joku on kokenut, ett\u00e4 korotetaan \u00e4\u00e4nt\u00e4. Mutta Merinen kuvaa, ett\u00e4 t\u00e4m\u00e4 olisi laajempi ilmi\u00f6, ett\u00e4 kaikki edustajat kohtelevat avustajiaan n\u00e4in. Se ei pid\u00e4 paikkaansa.<\/p>\n<p class=\"article-body mb-nof-24 px-nof-16\">Onko yksitt\u00e4isi\u00e4 edustajia, jotka kohtelevat avustajia t\u00e4ll\u00e4 tavalla? Jos puhutaan eduskunnasta ylip\u00e4\u00e4t\u00e4ns\u00e4.<\/p>\n<p class=\"article-body mb-nof-24 px-nof-16\">\u2013 En osaa muiden ryhmien osalta vastata, mutta tietysti oman ryhm\u00e4n osalta minulle ei ole tullut tietoon edustajia, jotka kohtelisivat avustajiaan huonosti jatkuvasti.<\/p>\n<p class=\"article-body mb-nof-24 px-nof-16\">\u2013 Yksitt\u00e4isi\u00e4 t\u00e4llaisia tilanteita aina ty\u00f6el\u00e4m\u00e4ss\u00e4 syntyy ja niihin puututaan.<\/p>\n<p class=\"article-body mb-nof-24 px-nof-16\">Voitko viel\u00e4 kertoa miten toimii kirjallinen menettely, johon viittasit?<\/p>\n<p class=\"article-body mb-nof-24 px-nof-16\">\u2013 L\u00e4ht\u00f6kohta on se, ett\u00e4 pit\u00e4\u00e4 tehd\u00e4 h\u00e4irint\u00e4ilmoitus. Meill\u00e4 on ohjeistus, ett\u00e4 jos olet kokenut ep\u00e4asiallista kohtelua tai h\u00e4irint\u00e4\u00e4, niin ensimm\u00e4inen olisi tietysti sanoa tekij\u00e4lle jo tilanteessa, ett\u00e4 t\u00e4m\u00e4 on ep\u00e4asiallista, ei toimita n\u00e4in.<\/p>\n<p class=\"article-body mb-nof-24 px-nof-16\">\u2013 Mutta jos tilanne ei anna my\u00f6ten tai ei halua, mik\u00e4 on ihan ymm\u00e4rrett\u00e4v\u00e4\u00e4, jos on vaikka poliitikosta kysymys, niin silloin omalle esihenkil\u00f6lle, jonka kanssa k\u00e4yd\u00e4\u00e4n tilanne l\u00e4pi.<\/p>\n<p class=\"article-body mb-nof-24 px-nof-16\">\u2013 Jos haluaa, ett\u00e4 asiaan puututaan, niin silloin tehd\u00e4\u00e4n kirjallinen ilmoitus.<\/p>\n<blockquote class=\"p-[var(--citation-padding)] m-[var(--citation-margin)] border-y-[length:var(--citation-border-width)] border-y-[color:var(--citation-border-color)]\">\n<p>Kuten Tytti Tuppurainen on sanonut, meid\u00e4n liikkeess\u00e4mme n\u00e4ihin tapauksiin suhtaudutaan vakavasti.<\/p>\n<\/blockquote>\n<p><img decoding=\"async\" src=\"https:\/\/www.europesays.com\/fi\/wp-content\/uploads\/2026\/01\/1768341368_497_468.jpg\" alt=\"Sdp:n puheenjohtaja Antti Lindtman kanstoo, ettei avustajien kohtelun kommentointi kuulu h\u00e4nelle puolueen puheenjohtajana.\" class=\"_Img_1rerz_1\" style=\"aspect-ratio:1.5\" loading=\"eager\"\/><\/p>\n<p class=\"article-picture-caption\">Sdp:n puheenjohtaja Antti Lindtman kanstoo, ettei avustajien kohtelun kommentointi kuulu h\u00e4nelle puolueen puheenjohtajana. Kuva:\u00a0Kalle Koponen \/ HS<\/p>\n<p class=\"article-body mb-nof-24 px-nof-16\">Sdp:n puheenjohtaja <a class=\"font-bold underline-offset-[0.12em] [text-decoration:var(--person-link-text-decoration)] ![text-decoration-color:var(--person-link-text-decoration-color)]\" href=\"https:\/\/www.is.fi\/haku\/?query=Antti%20Lindtman\" rel=\"nofollow noopener\" target=\"_blank\">Antti Lindtman<\/a> sanoo IS:lle, ett\u00e4 asian kommentoinnista vastaavat Tuppurainen ja Lindstr\u00f6m. H\u00e4nen mukaansa on t\u00e4rke\u00e4\u00e4, ett\u00e4 roolit pysyv\u00e4t selvin\u00e4.<\/p>\n<p class=\"article-body mb-nof-24 px-nof-16\">\u2013 Mutta kuten Tytti Tuppurainen on sanonut, meid\u00e4n liikkeess\u00e4mme n\u00e4ihin tapauksiin suhtaudutaan vakavasti ja jokaiseen tapaukseen, joka tulee ilmi, niihin tulee puuttua asianomaisella vakavuudella, Lindtman sanoo.<\/p>\n<p class=\"article-body mb-nof-24 px-nof-16\">Oletko itse tietoinen, ett\u00e4 Sdp:n eduskuntaryhm\u00e4ss\u00e4 olisi ollut h\u00e4irint\u00e4\u00e4 tai huonoa kohtelua avustajia kohtaan?<\/p>\n<p class=\"article-body mb-nof-24 px-nof-16\">\u2013 Kuten Tytti Tuppurainen on kommentoinut, eduskuntaryhm\u00e4ss\u00e4 on t\u00e4h\u00e4n omat proseduurit ja mik\u00e4li t\u00e4llaista esiintyy, niihin puututaan. Mutta ryhm\u00e4njohto, niin puheenjohtaja kuin p\u00e4\u00e4sihteeri, ovat parhaat henkil\u00f6t kommentoimaan eduskuntaryhm\u00e4n puolesta.<\/p>\n","protected":false},"excerpt":{"rendered":"Rami Lindstr\u00f6min mukaan on tavallista, ett\u00e4 kansanedustaja l\u00e4hett\u00e4\u00e4 avustajalleen ty\u00f6h\u00f6n liittyv\u00e4n viestin puoleny\u00f6n aikaan. Lue tiivistelm\u00e4 Sdp:n kansanedustaja&hellip;\n","protected":false},"author":2,"featured_media":141538,"comment_status":"","ping_status":"","sticky":false,"template":"","format":"standard","meta":{"footnotes":""},"categories":[5],"tags":[22,23,26,27,33,31,30,17,34,24,25,28,29,15,18,21,32,19,20,16],"class_list":{"0":"post-141537","1":"post","2":"type-post","3":"status-publish","4":"format-standard","5":"has-post-thumbnail","7":"category-otsikot","8":"tag-breaking-news","9":"tag-breakingnews","10":"tag-featured-news","11":"tag-featurednews","12":"tag-fi","13":"tag-finland","14":"tag-finnish","15":"tag-headlines","16":"tag-ilta-sanomat","17":"tag-latest-news","18":"tag-latestnews","19":"tag-main-news","20":"tag-mainnews","21":"tag-news","22":"tag-otsikot","23":"tag-paauutiset","24":"tag-suomi","25":"tag-top-stories","26":"tag-topstories","27":"tag-uutiset"},"share_on_mastodon":{"url":"https:\/\/pubeurope.com\/@fi\/115890027431562942","error":""},"_links":{"self":[{"href":"https:\/\/www.europesays.com\/fi\/wp-json\/wp\/v2\/posts\/141537","targetHints":{"allow":["GET"]}}],"collection":[{"href":"https:\/\/www.europesays.com\/fi\/wp-json\/wp\/v2\/posts"}],"about":[{"href":"https:\/\/www.europesays.com\/fi\/wp-json\/wp\/v2\/types\/post"}],"author":[{"embeddable":true,"href":"https:\/\/www.europesays.com\/fi\/wp-json\/wp\/v2\/users\/2"}],"replies":[{"embeddable":true,"href":"https:\/\/www.europesays.com\/fi\/wp-json\/wp\/v2\/comments?post=141537"}],"version-history":[{"count":0,"href":"https:\/\/www.europesays.com\/fi\/wp-json\/wp\/v2\/posts\/141537\/revisions"}],"wp:featuredmedia":[{"embeddable":true,"href":"https:\/\/www.europesays.com\/fi\/wp-json\/wp\/v2\/media\/141538"}],"wp:attachment":[{"href":"https:\/\/www.europesays.com\/fi\/wp-json\/wp\/v2\/media?parent=141537"}],"wp:term":[{"taxonomy":"category","embeddable":true,"href":"https:\/\/www.europesays.com\/fi\/wp-json\/wp\/v2\/categories?post=141537"},{"taxonomy":"post_tag","embeddable":true,"href":"https:\/\/www.europesays.com\/fi\/wp-json\/wp\/v2\/tags?post=141537"}],"curies":[{"name":"wp","href":"https:\/\/api.w.org\/{rel}","templated":true}]}}