{"id":141543,"date":"2026-01-13T22:09:11","date_gmt":"2026-01-13T22:09:11","guid":{"rendered":"https:\/\/www.europesays.com\/fi\/141543\/"},"modified":"2026-01-13T22:09:11","modified_gmt":"2026-01-13T22:09:11","slug":"juhani-ronkainen-tietaa-toyhtohyypan-olevan-varikas-lintu-valokuvat-ovat-esilla-kahvilassa","status":"publish","type":"post","link":"https:\/\/www.europesays.com\/fi\/141543\/","title":{"rendered":"Juhani Ronkainen tiet\u00e4\u00e4 t\u00f6yht\u00f6hyyp\u00e4n olevan v\u00e4rik\u00e4s lintu \u2013 Valokuvat ovat esill\u00e4 kahvilassa"},"content":{"rendered":"<p>                                  Kulttuuri<\/p>\n<p>                <img loading=\"lazy\" decoding=\"async\" itemprop=\"contentUrl\" class=\"figure-img img-fluid\"  src=\"https:\/\/www.europesays.com\/fi\/wp-content\/uploads\/2026\/01\/1768342150_333_imengine.public.prod.hil.infomaker.io.jpeg\" width=\"4000\" height=\"2250\"  alt=\"\"\/><\/p>\n<p>                                    Juhani Ronkainen aloitti vuonna 2016 valokuvausharrastuksen uudelleen.<br \/>\n                                                    Kuva:<br \/>\n                    Hanna Turunen<\/p>\n<p>      MAINOS &#8211; juttu jatkuu mainoksen j\u00e4lkeen<\/p>\n<p>      MAINOS &#8211; mainos p\u00e4\u00e4ttyy<\/p>\n<p class=\"ew-body\">Sotkamolaisen valokuvaajan <strong id=\"strong-aeb94e5890e560b163d9b7cb8f8b5f19\">Juhani Ronkaisen <\/strong>ottamia luontovalokuvia on esill\u00e4 kirjaston kahvila Sallin kulmassa 6. helmikuuta saakka. Kyseess\u00e4 on valokuvien ja kalentereiden myyntin\u00e4yttely, jonne on vapaa p\u00e4\u00e4sy.<\/p>\n<p class=\"ew-body\">N\u00e4yttelyss\u00e4 on esill\u00e4 12 luontokuvaa, jotka on kuvattu eri vuodenaikoina. Suurin osa on k<\/p>\n<p>  <a class=\"btn btn-secondary btn-icon-left\" href=\"#coral_thread\"><br \/>\n    <img decoding=\"async\" src=\"https:\/\/www.sotkamolehti.fi\/wp-content\/themes\/hilla-theme\/assets\/img\/icon_comments.svg\" alt=\"\"\/><br \/>\n    Kommentoi<br \/>\n    \u00a0(0)<br \/>\n  <\/a><\/p>\n<p>  <a class=\"btn btn-secondary btn-icon-left mailto_web\" href=\"mailto:toimitus@sotkamolehti.fi?subject=Ilmoita%20asiavirheest%C3%A4&amp;body=Otsikko%3A%20Juhani%20Ronkainen%20tiet%C3%A4%C3%A4%20t%C3%B6yht%C3%B6hyyp%C3%A4n%20olevan%20v%C3%A4rik%C3%A4s%20lintu%20%E2%80%93%20Valokuvat%20ovat%20esill%C3%A4%20kahvilassa%0AUuid%3A%2037cddbaf-1389-4cfc-8886-a23320bd9f8d%0AUrl%3A%20https%3A%2F%2Fwww.sotkamolehti.fi%2Fartikkeli%2Fjuhani-ronkainen-tietaa-toyhtohyypan-olevan-varikas-lintu-valokuvat-ovat-esilla-kahvilassa\"><br \/>\n    <img decoding=\"async\" src=\"https:\/\/www.sotkamolehti.fi\/wp-content\/themes\/hilla-theme\/assets\/img\/icon_feedback.svg\" alt=\"\"\/><br \/>\n    Ilmoita asiavirheest\u00e4<br \/>\n  <\/a><\/p>\n","protected":false},"excerpt":{"rendered":"Kulttuuri Juhani Ronkainen aloitti vuonna 2016 valokuvausharrastuksen uudelleen. Kuva: Hanna Turunen MAINOS &#8211; juttu jatkuu mainoksen j\u00e4lkeen MAINOS&hellip;\n","protected":false},"author":2,"featured_media":141544,"comment_status":"","ping_status":"","sticky":false,"template":"","format":"standard","meta":{"footnotes":""},"categories":[135],"tags":[389,387,388,390,137,33,31,30,32,394,393,391,392,109],"class_list":{"0":"post-141543","1":"post","2":"type-post","3":"status-publish","4":"format-standard","5":"has-post-thumbnail","7":"category-taiteet-ja-suunnittelu","8":"tag-arts","9":"tag-arts-and-design","10":"tag-artsanddesign","11":"tag-design","12":"tag-entertainment","13":"tag-fi","14":"tag-finland","15":"tag-finnish","16":"tag-suomi","17":"tag-suunnittelu","18":"tag-taiteet","19":"tag-taiteet-ja-suunnittelu","20":"tag-taiteetsuunnittelu","21":"tag-viihde"},"share_on_mastodon":{"url":"https:\/\/pubeurope.com\/@fi\/115890078532030449","error":""},"_links":{"self":[{"href":"https:\/\/www.europesays.com\/fi\/wp-json\/wp\/v2\/posts\/141543","targetHints":{"allow":["GET"]}}],"collection":[{"href":"https:\/\/www.europesays.com\/fi\/wp-json\/wp\/v2\/posts"}],"about":[{"href":"https:\/\/www.europesays.com\/fi\/wp-json\/wp\/v2\/types\/post"}],"author":[{"embeddable":true,"href":"https:\/\/www.europesays.com\/fi\/wp-json\/wp\/v2\/users\/2"}],"replies":[{"embeddable":true,"href":"https:\/\/www.europesays.com\/fi\/wp-json\/wp\/v2\/comments?post=141543"}],"version-history":[{"count":0,"href":"https:\/\/www.europesays.com\/fi\/wp-json\/wp\/v2\/posts\/141543\/revisions"}],"wp:featuredmedia":[{"embeddable":true,"href":"https:\/\/www.europesays.com\/fi\/wp-json\/wp\/v2\/media\/141544"}],"wp:attachment":[{"href":"https:\/\/www.europesays.com\/fi\/wp-json\/wp\/v2\/media?parent=141543"}],"wp:term":[{"taxonomy":"category","embeddable":true,"href":"https:\/\/www.europesays.com\/fi\/wp-json\/wp\/v2\/categories?post=141543"},{"taxonomy":"post_tag","embeddable":true,"href":"https:\/\/www.europesays.com\/fi\/wp-json\/wp\/v2\/tags?post=141543"}],"curies":[{"name":"wp","href":"https:\/\/api.w.org\/{rel}","templated":true}]}}