{"id":141554,"date":"2026-01-13T22:21:07","date_gmt":"2026-01-13T22:21:07","guid":{"rendered":"https:\/\/www.europesays.com\/fi\/141554\/"},"modified":"2026-01-13T22:21:07","modified_gmt":"2026-01-13T22:21:07","slug":"auran-keskustassa-tulipalo-ihmisia-kehotetaan-pysymaan-sisatiloissa-uutisia-lyhyesti","status":"publish","type":"post","link":"https:\/\/www.europesays.com\/fi\/141554\/","title":{"rendered":"Auran keskustassa tulipalo \u2013 ihmisi\u00e4 kehotetaan pysym\u00e4\u00e4n sis\u00e4tiloissa | Uutisia lyhyesti"},"content":{"rendered":"<p class=\"aw-1gybjub aw-5vja16 kEtdKx kmuxyA yle__article__paragraph\">Palava rakennus sijaitsee aivan Turku-Tampere- junaradan varrella ja palon vuoksi radan s\u00e4hk\u00f6t on katkaistu. <\/p>\n<p><img decoding=\"async\" alt=\"Tulipalo levitti savua alueella.\" src=\"https:\/\/www.europesays.com\/fi\/wp-content\/uploads\/2026\/01\/39-15807806966bea87324f.jpeg\" class=\"aw-1l9m598 hKVVvP\"\/><\/p>\n<p>Avaa kuvien katselu<\/p>\n<p>Palosta levisi runsaasti savua Aurassa. Kuva: Aleksi Hakala.<\/p>\n<p class=\"aw-1gybjub aw-1p7kakr kEtdKx cEmitX yle__article__paragraph\">Usean sadan neli\u00f6n kokoinen kuivurirakennus palaa Auran keskustassa l\u00e4hell\u00e4 Turku-Tampere-junarataa, kertoo Varsinais-Suomen pelastuslaitos. Pelastuslaitoksen mukaan savu levi\u00e4\u00e4 S\u00e4\u00e4st\u00f6kallion suuntaan.<\/p>\n<p class=\"aw-1gybjub aw-1p7kakr kEtdKx cEmitX yle__article__paragraph\">Palosta on annettu vaaratiedote. Alueen ihmisi\u00e4 kehotetaan pysym\u00e4\u00e4n sis\u00e4tiloissa ja sulkemaan ilmanvaihto sek\u00e4 odottamaan tiedotetta vaaratilanteen p\u00e4\u00e4ttymisest\u00e4.<\/p>\n<p class=\"aw-1gybjub aw-1p7kakr kEtdKx cEmitX yle__article__paragraph\">Palo oli ennen iltayht\u00e4toista t\u00e4yden palon vaiheessa ja sammutusty\u00f6t k\u00e4ynniss\u00e4, kertoi pelastusp\u00e4\u00e4llikk\u00f6 <strong class=\"aw-ak79eh KyCXm yle__article__strong\">Mika Viljanen<\/strong> Ylelle.<\/p>\n<p>\u201dPys\u00e4ytt\u00e4v\u00e4 n\u00e4ky\u201d<\/p>\n<p class=\"aw-1gybjub aw-1p7kakr kEtdKx cEmitX yle__article__paragraph\">Palopaikan l\u00e4hist\u00f6ll\u00e4 asuva <strong class=\"aw-ak79eh KyCXm yle__article__strong\">Tero Toivonen<\/strong> havahtui kotonaan tulipalosta kuuluvaan paukkeeseen noin iltayhdentoista aikaan. H\u00e4n saapui katsomaan tulipaloa turvallisen matkan p\u00e4\u00e4st\u00e4.<\/p>\n<p><img decoding=\"async\" alt=\"Rakennus paloi tiistai-iltana Auran keskustassa.\" src=\"https:\/\/www.europesays.com\/fi\/wp-content\/uploads\/2026\/01\/39-15807796966bd2c4a84a.jpeg\" loading=\"lazy\" class=\"aw-1l9m598 hKVVvP\"\/><\/p>\n<p>Avaa kuvien katselu<\/p>\n<p>Rakennus paloi my\u00f6h\u00e4\u00e4n tiistai-iltana Auran keskustassa. Kuva: Aleksi Hakala\/ Yle<\/p>\n<p class=\"aw-1gybjub aw-1p7kakr kEtdKx cEmitX yle__article__paragraph\">\u2013 Liekit nousevat korkealle. Pys\u00e4ytt\u00e4v\u00e4 n\u00e4ky, yli 40 vuotta Aurassa asunut Toivonen kommentoi Ylelle paikan p\u00e4\u00e4ll\u00e4.<\/p>\n<p class=\"aw-1gybjub aw-1p7kakr kEtdKx cEmitX yle__article__paragraph\">Rakennus sijaitsee aivan Turku-Tampere- junaradan varrella ja palon vuoksi radan s\u00e4hk\u00f6t on katkaistu. VR:lt\u00e4 kerrotaan Ylelle, ett\u00e4 tilanne vaikuttaa yhteen Turkuun matkanneeseen junaan, joka on pys\u00e4htynyt noin 40 kilometrin p\u00e4\u00e4h\u00e4n Turusta. Matkustajille on j\u00e4rjestetty paikalta bussikuljetus Turkuun.<\/p>\n<p class=\"aw-1gybjub aw-1p7kakr kEtdKx cEmitX yle__article__paragraph\">Muita junia rataosuudella ei kulje y\u00f6n aikana.<\/p>\n<p class=\"aw-1gybjub aw-1p7kakr kEtdKx cEmitX yle__article__paragraph\">Uutinen p\u00e4ivittyy.<\/p>\n","protected":false},"excerpt":{"rendered":"Palava rakennus sijaitsee aivan Turku-Tampere- junaradan varrella ja palon vuoksi radan s\u00e4hk\u00f6t on katkaistu. Avaa kuvien katselu Palosta&hellip;\n","protected":false},"author":2,"featured_media":141555,"comment_status":"","ping_status":"","sticky":false,"template":"","format":"standard","meta":{"footnotes":""},"categories":[12],"tags":[22,23,26,27,33,31,30,17,71,24,25,28,29,15,837,18,21,32,19,20,16,663],"class_list":{"0":"post-141554","1":"post","2":"type-post","3":"status-publish","4":"format-standard","5":"has-post-thumbnail","7":"category-suomi","8":"tag-breaking-news","9":"tag-breakingnews","10":"tag-featured-news","11":"tag-featurednews","12":"tag-fi","13":"tag-finland","14":"tag-finnish","15":"tag-headlines","16":"tag-kotimaa","17":"tag-latest-news","18":"tag-latestnews","19":"tag-main-news","20":"tag-mainnews","21":"tag-news","22":"tag-onnettomuudet","23":"tag-otsikot","24":"tag-paauutiset","25":"tag-suomi","26":"tag-top-stories","27":"tag-topstories","28":"tag-uutiset","29":"tag-varsinais-suomi"},"share_on_mastodon":{"url":"https:\/\/pubeurope.com\/@fi\/115890125794883684","error":""},"_links":{"self":[{"href":"https:\/\/www.europesays.com\/fi\/wp-json\/wp\/v2\/posts\/141554","targetHints":{"allow":["GET"]}}],"collection":[{"href":"https:\/\/www.europesays.com\/fi\/wp-json\/wp\/v2\/posts"}],"about":[{"href":"https:\/\/www.europesays.com\/fi\/wp-json\/wp\/v2\/types\/post"}],"author":[{"embeddable":true,"href":"https:\/\/www.europesays.com\/fi\/wp-json\/wp\/v2\/users\/2"}],"replies":[{"embeddable":true,"href":"https:\/\/www.europesays.com\/fi\/wp-json\/wp\/v2\/comments?post=141554"}],"version-history":[{"count":0,"href":"https:\/\/www.europesays.com\/fi\/wp-json\/wp\/v2\/posts\/141554\/revisions"}],"wp:featuredmedia":[{"embeddable":true,"href":"https:\/\/www.europesays.com\/fi\/wp-json\/wp\/v2\/media\/141555"}],"wp:attachment":[{"href":"https:\/\/www.europesays.com\/fi\/wp-json\/wp\/v2\/media?parent=141554"}],"wp:term":[{"taxonomy":"category","embeddable":true,"href":"https:\/\/www.europesays.com\/fi\/wp-json\/wp\/v2\/categories?post=141554"},{"taxonomy":"post_tag","embeddable":true,"href":"https:\/\/www.europesays.com\/fi\/wp-json\/wp\/v2\/tags?post=141554"}],"curies":[{"name":"wp","href":"https:\/\/api.w.org\/{rel}","templated":true}]}}