{"id":141556,"date":"2026-01-13T22:22:09","date_gmt":"2026-01-13T22:22:09","guid":{"rendered":"https:\/\/www.europesays.com\/fi\/141556\/"},"modified":"2026-01-13T22:22:09","modified_gmt":"2026-01-13T22:22:09","slug":"halytys-helsinki-vantaalla-nain-lentokoneen-matkustaja-kuvailee-tapahtumia-pysayttava-hetki","status":"publish","type":"post","link":"https:\/\/www.europesays.com\/fi\/141556\/","title":{"rendered":"H\u00e4lytys Helsinki-Vantaalla \u2013 n\u00e4in lentokoneen matkustaja kuvailee tapahtumia: \u201dPys\u00e4ytt\u00e4v\u00e4 hetki\u201d"},"content":{"rendered":"<p>Paikalle h\u00e4lytettiin pelastuslaitoksen mukaan 15 yksikk\u00f6\u00e4.<\/p>\n<p>13.1. 22:00 | P\u00e4ivitetty 13.1. 23:22<\/p>\n<p class=\"article-body mb-nof-24 px-nof-16\">Pelastuslaitos sai tiistaina h\u00e4lytyksen suuresta ilmaliikenneonnettomuudesta Helsinki-Vantaalla.<\/p>\n<p class=\"article-body mb-nof-24 px-nof-16\">Paikalle h\u00e4lytettiin pelastuslaitoksen mukaan 15 yksikk\u00f6\u00e4.<\/p>\n<p class=\"article-body mb-nof-24 px-nof-16\">Finnairin viestint\u00e4johtaja <a class=\"font-bold underline-offset-[0.12em] [text-decoration:var(--person-link-text-decoration)] ![text-decoration-color:var(--person-link-text-decoration-color)]\" href=\"https:\/\/www.is.fi\/haku\/?query=P%C3%A4ivyt%20Tallqvist\" rel=\"nofollow noopener\" target=\"_blank\">P\u00e4ivyt Tallqvist<\/a> kertoo tilanteen liittyneen yhti\u00f6n Oslosta Helsinkiin laskeutuneeseen lentoon.<\/p>\n<p class=\"article-body mb-nof-24 px-nof-16\">\u2013 Lento laskeutui ihan normaalisti ja oli rullannut matkustajasillan luo. Matkustajien poistuessa koneesta tehtiin k\u00e4sitt\u00e4\u00e4ksemme havainto mahdollisesta liekist\u00e4 koneen laskutelineen alueella.<\/p>\n<p class=\"article-body mb-nof-24 px-nof-16\">Pelastuslaitoksen yksik\u00f6t k\u00e4viv\u00e4t tarkastamassa tilanteen, mutta matkustajat p\u00e4\u00e4siv\u00e4t poistumaan koneesta normaalisti.<\/p>\n<p class=\"article-body mb-nof-24 px-nof-16\">Pelastuslaitos tiedotti, ett\u00e4 paikalla ei tapahtunut paloa tai onnettomuutta.<\/p>\n<p class=\"article-body mb-nof-24 px-nof-16\">Janne Katajam\u00e4ki oli matkustajana Finnairin lennolla Oslosta Helsinkiin. Lento laskeutui kello 21.48.<\/p>\n<p class=\"article-body mb-nof-24 px-nof-16\">\u2013\u2009Olihan se pys\u00e4ytt\u00e4v\u00e4 hetki, kun kone oli laskeutunut ja n\u00e4kyi paljon sinisi\u00e4 vilkkuvaloja, Katajam\u00e4ki sanoi.<\/p>\n<p class=\"article-body mb-nof-24 px-nof-16\">Katajam\u00e4ki sanoi, ett\u00e4 matkustajia ei informoitu tilanteesta.<\/p>\n<p class=\"article-body mb-nof-24 px-nof-16\">\u2013\u2009Se oli ihan normaali lento, ei mit\u00e4\u00e4n ep\u00e4tavallista. Vasta lentoasemalla huomasimme, ett\u00e4 vastassa oli paljon h\u00e4lytysajoneuvoja.<\/p>\n<p class=\"article-body mb-nof-24 px-nof-16\">Katajam\u00e4ki sanoi, ett\u00e4 palomiehet alkoivat tutkia koneen runkoa ulkoap\u00e4in. Sis\u00e4lle matkustamoon he eiv\u00e4t tulleet.<\/p>\n<p class=\"article-body mb-nof-24 px-nof-16\">\u2013\u2009Matkustan aika paljon, ja nyt ensimm\u00e4ist\u00e4 kertaa k\u00e4vi n\u00e4in. Oudoimmalta tuntui, ettei kukaan kertonut mit\u00e4\u00e4n. Ehk\u00e4 tiedottamattomuudella haluttiin pit\u00e4\u00e4 matkustajat rauhallisina, Katajam\u00e4ki pohti.<\/p>\n<p class=\"article-body nof-ui-body-medium mb-nof-24 px-nof-16\">Oikaisu 13.1.2026 kello 23:00: Jutussa kirjoitettiin aluksi, ett\u00e4 havainnon mahdollisesta liekist\u00e4 olisivat tehneet matkustajat. N\u00e4in ei kuitenkaan ollut.<\/p>\n<p><img decoding=\"async\" src=\"https:\/\/www.europesays.com\/fi\/wp-content\/uploads\/2026\/01\/1768342929_618_468.jpg\" alt=\"\" class=\"_Img_1rerz_1\" style=\"aspect-ratio:1.5\" loading=\"eager\"\/><\/p>\n","protected":false},"excerpt":{"rendered":"Paikalle h\u00e4lytettiin pelastuslaitoksen mukaan 15 yksikk\u00f6\u00e4. 13.1. 22:00 | P\u00e4ivitetty 13.1. 23:22 Pelastuslaitos sai tiistaina h\u00e4lytyksen suuresta ilmaliikenneonnettomuudesta&hellip;\n","protected":false},"author":2,"featured_media":141557,"comment_status":"","ping_status":"","sticky":false,"template":"","format":"standard","meta":{"footnotes":""},"categories":[5],"tags":[22,23,26,27,33,31,30,17,34,24,25,28,29,15,18,21,32,19,20,16],"class_list":{"0":"post-141556","1":"post","2":"type-post","3":"status-publish","4":"format-standard","5":"has-post-thumbnail","7":"category-otsikot","8":"tag-breaking-news","9":"tag-breakingnews","10":"tag-featured-news","11":"tag-featurednews","12":"tag-fi","13":"tag-finland","14":"tag-finnish","15":"tag-headlines","16":"tag-ilta-sanomat","17":"tag-latest-news","18":"tag-latestnews","19":"tag-main-news","20":"tag-mainnews","21":"tag-news","22":"tag-otsikot","23":"tag-paauutiset","24":"tag-suomi","25":"tag-top-stories","26":"tag-topstories","27":"tag-uutiset"},"share_on_mastodon":{"url":"https:\/\/pubeurope.com\/@fi\/115890129656296547","error":""},"_links":{"self":[{"href":"https:\/\/www.europesays.com\/fi\/wp-json\/wp\/v2\/posts\/141556","targetHints":{"allow":["GET"]}}],"collection":[{"href":"https:\/\/www.europesays.com\/fi\/wp-json\/wp\/v2\/posts"}],"about":[{"href":"https:\/\/www.europesays.com\/fi\/wp-json\/wp\/v2\/types\/post"}],"author":[{"embeddable":true,"href":"https:\/\/www.europesays.com\/fi\/wp-json\/wp\/v2\/users\/2"}],"replies":[{"embeddable":true,"href":"https:\/\/www.europesays.com\/fi\/wp-json\/wp\/v2\/comments?post=141556"}],"version-history":[{"count":0,"href":"https:\/\/www.europesays.com\/fi\/wp-json\/wp\/v2\/posts\/141556\/revisions"}],"wp:featuredmedia":[{"embeddable":true,"href":"https:\/\/www.europesays.com\/fi\/wp-json\/wp\/v2\/media\/141557"}],"wp:attachment":[{"href":"https:\/\/www.europesays.com\/fi\/wp-json\/wp\/v2\/media?parent=141556"}],"wp:term":[{"taxonomy":"category","embeddable":true,"href":"https:\/\/www.europesays.com\/fi\/wp-json\/wp\/v2\/categories?post=141556"},{"taxonomy":"post_tag","embeddable":true,"href":"https:\/\/www.europesays.com\/fi\/wp-json\/wp\/v2\/tags?post=141556"}],"curies":[{"name":"wp","href":"https:\/\/api.w.org\/{rel}","templated":true}]}}