{"id":141560,"date":"2026-01-13T22:34:08","date_gmt":"2026-01-13T22:34:08","guid":{"rendered":"https:\/\/www.europesays.com\/fi\/141560\/"},"modified":"2026-01-13T22:34:08","modified_gmt":"2026-01-13T22:34:08","slug":"pippa-laukka-myy-kotinsa-nain-tvsta-tuttu-laakari-asuu","status":"publish","type":"post","link":"https:\/\/www.europesays.com\/fi\/141560\/","title":{"rendered":"Pippa Laukka myy kotinsa \u2013 n\u00e4in tv:st\u00e4 tuttu l\u00e4\u00e4k\u00e4ri asuu"},"content":{"rendered":"<p>\n            20251020, Helsinki. Olet mit\u00e4 sy\u00f6t -ohjelman pressi. Kuvassa Pikka Laukka.<br \/>\n            Timo Korhonen\n        <\/p>\n<p class=\"subtitle \">Tv:st\u00e4 tuttu l\u00e4\u00e4k\u00e4ri kauppaa hulppeaa kotiaan.<\/p>\n<p class=\"article-content article-content-width !bg-background\">Olet mit\u00e4 sy\u00f6t -ohjelmasta ja Tanssii t\u00e4htien kanssa -kisan tuoreimmalta kaudelta tuttu l\u00e4\u00e4k\u00e4ri\u00a0 on pannut talonsa yll\u00e4tt\u00e4en myyntiin.<\/p>\n<p class=\"article-content article-content-width !bg-background\">Pippa paljastaa Instagramin tarinoissa, ett\u00e4 h\u00e4nen kotinsa on nyt kaupan.<\/p>\n<p class=\"article-content article-content-width !bg-background\">\u2013\u00a0Meid\u00e4n ihana koti L\u00e4nsi-Pakilassa on nyt myynniss\u00e4. Rakennettiin talo 2010-luvun alussa eri el\u00e4m\u00e4ntilanteeseen ja siksi talo etsii uusia asukkaita, Pippa kirjoittaa tiistaina 13.1. Instragramin tarinoissa julkaisemassaan p\u00e4ivityksess\u00e4.<\/p>\n<p class=\"article-content article-content-width !bg-background\">Tarinat n\u00e4kyv\u00e4t 24 tunnin ajan.<\/p>\n<p>                <img loading=\"lazy\" decoding=\"async\" src=\"https:\/\/www.europesays.com\/fi\/wp-content\/uploads\/2026\/01\/1967362.webp.jpeg\" width=\"576\" height=\"322\" title=\"Olet mit\u00e4 sy\u00f6t -ohjelman mainoskuvan keitti\u00f6 n\u00e4ytt\u00e4\u00e4 olevan sama keitti\u00f6 kuin Pipan kodin myynti-ilmoituksessa.\" alt=\"Olet mit\u00e4 sy\u00f6t: Pippa Laukka\" \/>            <\/p>\n<p>\n            Olet mit\u00e4 sy\u00f6t -ohjelman mainoskuvan keitti\u00f6 n\u00e4ytt\u00e4\u00e4 olevan sama keitti\u00f6 kuin Pipan kodin myynti-ilmoituksessa.<br \/>\n            MTV\n        <\/p>\n<p>        <a itemprop=\"url\" href=\"https:\/\/www.seiska.fi\/katso\/nain-kavi-pekka-poudan-elamantaparemontin-pippa-laukka-purskahti-nauruun\/2018446\" rel=\"nofollow noopener\" target=\"_blank\"><\/p>\n<p>\nOlet mit\u00e4 sy\u00f6t:\n<\/p>\n<p class=\"section-date\">\n        <strong class=\"article-section\" data-section=\"katso\"><br \/>\n            katso<br \/>\n        <\/strong><br \/>\n        11.12.2025 21:00\n    <\/p>\n<p>N\u00e4in k\u00e4vi Pekka Poudan el\u00e4m\u00e4ntaparemontin \u2013 Pippa Laukka purskahti nauruun\n    <\/p>\n<p itemprop=\"description\" class=\"subtitle \">\n    Pekka Poudan tulokset Olet mit\u00e4 sy\u00f6t -ohjelmassa yll\u00e4tt\u00e4v\u00e4t.\n<\/p>\n<p>        <\/a><\/p>\n<p>Talossa on jopa askarteluhuone<\/p>\n<p class=\"article-content article-content-width !bg-background\"><a href=\"https:\/\/www.kiinteistomaailma.fi\/helsinki_myytavat_omakotitalot\/1407843\" target=\"_blank\" rel=\"nofollow noopener\">Kiinteist\u00f6maailman nettisivuilla julkaistusta myynti-ilmoituksesta paljastuu, ettei kyse ole mist\u00e4\u00e4n pikku luukusta, vaan isosta omakotitalosta.<\/a><\/p>\n<p class=\"article-content article-content-width !bg-background\">Pipan kivitalossa on 143 asuinneli\u00f6t\u00e4, mutta kun mukaan lasketaan viel\u00e4 muutkin tilat, on neli\u00f6it\u00e4 yhteens\u00e4 noin 227.<\/p>\n<p class=\"article-content article-content-width !bg-background\">Helsingin L\u00e4nsi-Pakilassa omalla tontilla sijaitsevassa talossa on laskutavasta riippuen viisi tai kuusi huonetta, keitti\u00f6 ja useampi vessa ja kylpyhuone.\u00a0<\/p>\n<p class=\"article-content article-content-width !bg-background\">My\u00f6s kodinhoitohuone ja pari vaatehuonetta l\u00f6ytyy talosta. Yhden huoneista mainitaan toimivan askarteluhuoneena.<\/p>\n<p class=\"article-content article-content-width !bg-background\">Talosta l\u00f6ytyy my\u00f6s tyylikk\u00e4\u00e4n pelkistetty takka.<\/p>\n<p class=\"article-content article-content-width !bg-background\">Ulkoilmasta voi nauttia parvekkeella, katetulla terassilla ja katetussa vilpolassa, johon p\u00e4\u00e4see saunatiloista. Saunan kiuas l\u00e4mpenee puilla.<\/p>\n<p class=\"article-content article-content-width !bg-background\"><a href=\"https:\/\/www.instagram.com\/reel\/DSNebI9DKPb\/?igsh=MWd3emFsN3B2bHd6dQ%3D%3D\" target=\"_blank\" rel=\"nofollow noopener\">Pippa esitteli joukuussa Instagram-tilill\u00e4\u00e4n kotiterassiltaan l\u00f6ytyv\u00e4\u00e4 kylm\u00e4vesiallasta.<\/a> Kyseisen altaan voi erottaa my\u00f6s myynti-ilmoituksen kuvasta.<\/p>\n<p>        <a itemprop=\"url\" href=\"https:\/\/www.seiska.fi\/katso\/sometahti-mandimai-totuus-olet-mita-syot-ohjelmasta\/2013228\" rel=\"nofollow noopener\" target=\"_blank\"><\/p>\n<p>\nOlet mit\u00e4 sy\u00f6t\n<\/p>\n<p class=\"section-date\">\n        <strong class=\"article-section\" data-section=\"katso\"><br \/>\n            katso<br \/>\n        <\/strong><br \/>\n        5.12.2025 14:38\n    <\/p>\n<p>Somet\u00e4hti Mandimai: Totuus Olet mit\u00e4 sy\u00f6t -ohjelmasta\n    <\/p>\n<p itemprop=\"description\" class=\"subtitle \">\n    Mandimai Sundberg osallistui Olet mit\u00e4 sy\u00f6t -ohjelmaan. Nyt h\u00e4n paljastaa, kuinka h\u00e4nen el\u00e4m\u00e4ntaparemonttinsa k\u00e4vi.\n<\/p>\n<p>        <\/a><\/p>\n<p>V\u00e4ril\u00e4ikk\u00e4n\u00e4 yksi r\u00e4symatto<\/p>\n<p class=\"article-content article-content-width !bg-background\">Erikseen mainitaan, ett\u00e4 talo tontteineen tarjoaa rauhaa ja yksityisyytt\u00e4, sill\u00e4 tuija-aita ymp\u00e4r\u00f6i Keskuspuiston l\u00e4hell\u00e4 olevaa taloa.\u00a0<\/p>\n<p class=\"article-content article-content-width !bg-background\">Autopaikka l\u00f6ytyy jopa kolmelle autolle ja s\u00e4hk\u00f6auton latausasemakin kuuluu varusteluun.<\/p>\n<p class=\"article-content article-content-width !bg-background\">Upeana, tilavana ja laadukkaana markkinoidun kivitalon velaton myyntihinta on 925 000 euroa. Talo on rakennettu vuonna 2012. <\/p>\n<p class=\"article-content article-content-width !bg-background\">Myynti-ilmoituksen perusteella Pippa jatkaa edelleen talossa asumista, sill\u00e4 sen kerrotaan vapautuvan uusille asukkaille sopimuksen mukaan vaikkapa kahdessa kuukaudessa.<\/p>\n<p class=\"article-content article-content-width !bg-background\">Myynti-ilmoituksen kuvissa n\u00e4kyy tyylikk\u00e4\u00e4sti sisustettu talo. Talossa toistuvat p\u00e4\u00e4asiassa valkoinen ja harmaa. Harmaa hallitsee niin keitti\u00f6ss\u00e4 kuin kylpy- ja wc-tiloissakin.<\/p>\n<p class=\"article-content article-content-width !bg-background\">Yksi v\u00e4rinpilkahdus kuitenkin l\u00f6ytyy yhdell\u00e4 lattialla olevasta monenkirjavasta r\u00e4symatosta.<\/p>\n<p>        <a itemprop=\"url\" href=\"https:\/\/www.seiska.fi\/katso\/mika-muutos-nain-paljon-timo-jutilan-paino-putosi\/2004781\" rel=\"nofollow noopener\" target=\"_blank\"><\/p>\n<p>\nOlet mit\u00e4 sy\u00f6t\n<\/p>\n<p class=\"section-date\">\n        <strong class=\"article-section\" data-section=\"katso\"><br \/>\n            katso<br \/>\n        <\/strong><br \/>\n        27.11.2025 21:00\n    <\/p>\n<p>Mik\u00e4 muutos! N\u00e4in paljon Timo Jutilan paino putosi\n    <\/p>\n<p itemprop=\"description\" class=\"subtitle \">\n    Timo Jutila muutti elintapojaan Olet mit\u00e4 sy\u00f6t -ohjelman avulla.\n<\/p>\n<p>        <\/a><\/p>\n<p><script async src=\"\/\/www.instagram.com\/embed.js\"><\/script><\/p>\n","protected":false},"excerpt":{"rendered":"20251020, Helsinki. Olet mit\u00e4 sy\u00f6t -ohjelman pressi. Kuvassa Pikka Laukka. Timo Korhonen Tv:st\u00e4 tuttu l\u00e4\u00e4k\u00e4ri kauppaa hulppeaa kotiaan.&hellip;\n","protected":false},"author":2,"featured_media":141561,"comment_status":"","ping_status":"","sticky":false,"template":"","format":"standard","meta":{"footnotes":""},"categories":[136],"tags":[542,407,137,33,31,30,408,24372,2349,4177,10005,3446,32,903,109],"class_list":{"0":"post-141560","1":"post","2":"type-post","3":"status-publish","4":"format-standard","5":"has-post-thumbnail","7":"category-julkkikset","8":"tag-asuminen","9":"tag-celebrities","10":"tag-entertainment","11":"tag-fi","12":"tag-finland","13":"tag-finnish","14":"tag-julkkikset","15":"tag-lansi-pakila","16":"tag-myynti","17":"tag-olet-mita-syot","18":"tag-omakotitalo","19":"tag-pippa-laukka","20":"tag-suomi","21":"tag-tanssii-tahtien-kanssa","22":"tag-viihde"},"share_on_mastodon":{"url":"https:\/\/pubeurope.com\/@fi\/115890176889776758","error":""},"_links":{"self":[{"href":"https:\/\/www.europesays.com\/fi\/wp-json\/wp\/v2\/posts\/141560","targetHints":{"allow":["GET"]}}],"collection":[{"href":"https:\/\/www.europesays.com\/fi\/wp-json\/wp\/v2\/posts"}],"about":[{"href":"https:\/\/www.europesays.com\/fi\/wp-json\/wp\/v2\/types\/post"}],"author":[{"embeddable":true,"href":"https:\/\/www.europesays.com\/fi\/wp-json\/wp\/v2\/users\/2"}],"replies":[{"embeddable":true,"href":"https:\/\/www.europesays.com\/fi\/wp-json\/wp\/v2\/comments?post=141560"}],"version-history":[{"count":0,"href":"https:\/\/www.europesays.com\/fi\/wp-json\/wp\/v2\/posts\/141560\/revisions"}],"wp:featuredmedia":[{"embeddable":true,"href":"https:\/\/www.europesays.com\/fi\/wp-json\/wp\/v2\/media\/141561"}],"wp:attachment":[{"href":"https:\/\/www.europesays.com\/fi\/wp-json\/wp\/v2\/media?parent=141560"}],"wp:term":[{"taxonomy":"category","embeddable":true,"href":"https:\/\/www.europesays.com\/fi\/wp-json\/wp\/v2\/categories?post=141560"},{"taxonomy":"post_tag","embeddable":true,"href":"https:\/\/www.europesays.com\/fi\/wp-json\/wp\/v2\/tags?post=141560"}],"curies":[{"name":"wp","href":"https:\/\/api.w.org\/{rel}","templated":true}]}}