{"id":141567,"date":"2026-01-13T22:46:07","date_gmt":"2026-01-13T22:46:07","guid":{"rendered":"https:\/\/www.europesays.com\/fi\/141567\/"},"modified":"2026-01-13T22:46:07","modified_gmt":"2026-01-13T22:46:07","slug":"varoitukset-ruotsiin-ja-norjaan-nyt-tulee-lunta","status":"publish","type":"post","link":"https:\/\/www.europesays.com\/fi\/141567\/","title":{"rendered":"Varoitukset Ruotsiin ja Norjaan \u2013 nyt tulee lunta"},"content":{"rendered":"<p>Samalla skandinaavimaiden l\u00e4mp\u00f6tilojen odotetaan nousevan.<\/p>\n<p>13.1. 23:29<\/p>\n<p class=\"article-body mb-nof-24 px-nof-16\">Ruotsiin ja Norjaan povataan kovia lumisateita.<\/p>\n<p class=\"article-body mb-nof-24 px-nof-16\">Asiasta uutisoivat Ruotsissa <a class=\"underline underline-offset-[0.12em] [text-decoration-thickness:var(--generic-link-underline-thickness)] [text-decoration-color:var(--generic-link-underline-color)] [text-decoration-skip-ink:var(--generic-link-underline-skip-ink)] break-words\" href=\"https:\/\/www.aftonbladet.se\/nyheter\/a\/wrevb5\/ny-varning-mer-sno-vantas\" rel=\"nofollow noopener\" target=\"_blank\">Aftonbladet<\/a> ja Norjassa <a class=\"underline underline-offset-[0.12em] [text-decoration-thickness:var(--generic-link-underline-thickness)] [text-decoration-color:var(--generic-link-underline-color)] [text-decoration-skip-ink:var(--generic-link-underline-skip-ink)] break-words\" href=\"https:\/\/www.vg.no\/nyheter\/i\/XM854n\/vaeret-gult-farevarsel-for-snoe-i-oslo-og-akershus-is-og-glatte-veier-i-kystnaere-stroek\" rel=\"nofollow noopener\" target=\"_blank\">VG<\/a>.<\/p>\n<p class=\"article-body mb-nof-24 px-nof-16\">Ruotsissa maan ilmatieteen laitos SMHI varoittaa runsaasta lumesta Tukholman alueella sek\u00e4 laajoilla alueilla maan etel\u00e4- ja keskiosissa. Lis\u00e4ksi osissa G\u00f6tanmaata varoitetaan yht\u00e4kkisest\u00e4 liukkaasta j\u00e4\u00e4st\u00e4, Aftonbladet kertoo.<\/p>\n<p class=\"article-body mb-nof-24 px-nof-16\">Lumivaroitus koskee l\u00e4ntist\u00e4 ja sis\u00e4ist\u00e4 Sveanmaata, koillista It\u00e4-G\u00f6tanmaata sek\u00e4 etel\u00e4isint\u00e4 G\u00e4striklandia. Alueisiin kuuluvia kaupunkeja ovat Tukholman lis\u00e4ksi Uppsala, Norrk\u00f6ping ja \u00d6rebro. Niille odotetaan sankkoja lumisateita keskiviikkona. SMHI:n mukaan lunta odotetaan 5\u201315 senttimetri\u00e4. N\u00e4kyvyys teill\u00e4 voi olla huonoa, jonka lis\u00e4ksi junat saattavat my\u00f6h\u00e4stell\u00e4 tai jopa peruuntua, Aftonbladet kertoo.<\/p>\n<p class=\"article-body mb-nof-24 px-nof-16\">Samalla l\u00e4mp\u00f6tilan odotetaan nousevan, ja paikoin sade voi tulla lumen ohella veten\u00e4.<\/p>\n<p class=\"article-body mb-nof-24 px-nof-16\">Etel\u00e4isess\u00e4 Ruotsissa SMHI varoittaa puolestaan liukkaasta kelist\u00e4.<\/p>\n<p class=\"article-body mb-nof-24 px-nof-16\">Norjassa kovia lumisateita odotetaan tiistai-iltana Osloon sek\u00e4 Akershusin, Buskerudin ja \u00d8stfoldin l\u00e4\u00e4neihin, kertoo VG. Norjan ilmatieteen laitos varoittaa jopa 20 senttimetrist\u00e4 lunta. Samanlaisia lumim\u00e4\u00e4ri\u00e4 voi tulla my\u00f6s osiin Adgerin, Telemarkin ja Vestfoldin l\u00e4\u00e4nej\u00e4.<\/p>\n<p class=\"article-body mb-nof-24 px-nof-16\">My\u00f6s Norjassa pakkasen puolella pysytelleet l\u00e4mp\u00f6tilat ovat nyt nousussa.<\/p>\n<p class=\"article-body mb-nof-24 px-nof-16\">Norjan rannikkoalueilla kannattaa varautua lis\u00e4ksi liukkaisiin teihin, VG kertoo. Norjan ilmatieteen laitoksen meteorologi <a class=\"font-bold underline-offset-[0.12em] [text-decoration:var(--person-link-text-decoration)] ![text-decoration-color:var(--person-link-text-decoration-color)]\" href=\"https:\/\/www.is.fi\/haku\/?query=Espen%20Biseth%20Granan\" rel=\"nofollow noopener\" target=\"_blank\">Espen Biseth Granan<\/a> suosittelee ulkona liikkuville nastakenkien k\u00e4ytt\u00f6\u00e4.<\/p>\n<p class=\"article-body mb-nof-24 px-nof-16\"><a class=\"font-bold underline-offset-[0.12em] [text-decoration:var(--person-link-text-decoration)] ![text-decoration-color:var(--person-link-text-decoration-color)]\" href=\"https:\/\/www.is.fi\/haku\/?query=%C3%98yvind%20Eik\" rel=\"nofollow noopener\" target=\"_blank\">\u00d8yvind Eik<\/a> Norjan tieviranomaisesta kehottaa my\u00f6s autoilijoita liikkumaan teill\u00e4 varoen, VG kertoo.<\/p>\n","protected":false},"excerpt":{"rendered":"Samalla skandinaavimaiden l\u00e4mp\u00f6tilojen odotetaan nousevan. 13.1. 23:29 Ruotsiin ja Norjaan povataan kovia lumisateita. Asiasta uutisoivat Ruotsissa Aftonbladet ja&hellip;\n","protected":false},"author":2,"featured_media":141568,"comment_status":"","ping_status":"","sticky":false,"template":"","format":"standard","meta":{"footnotes":""},"categories":[14],"tags":[22,23,26,27,33,31,30,17,34,24,25,28,29,15,18,21,32,19,20,56,16,59,60,61],"class_list":{"0":"post-141567","1":"post","2":"type-post","3":"status-publish","4":"format-standard","5":"has-post-thumbnail","7":"category-ulkomaat","8":"tag-breaking-news","9":"tag-breakingnews","10":"tag-featured-news","11":"tag-featurednews","12":"tag-fi","13":"tag-finland","14":"tag-finnish","15":"tag-headlines","16":"tag-ilta-sanomat","17":"tag-latest-news","18":"tag-latestnews","19":"tag-main-news","20":"tag-mainnews","21":"tag-news","22":"tag-otsikot","23":"tag-paauutiset","24":"tag-suomi","25":"tag-top-stories","26":"tag-topstories","27":"tag-ulkomaat","28":"tag-uutiset","29":"tag-world","30":"tag-world-news","31":"tag-worldnews"},"share_on_mastodon":{"url":"https:\/\/pubeurope.com\/@fi\/115890224081500278","error":""},"_links":{"self":[{"href":"https:\/\/www.europesays.com\/fi\/wp-json\/wp\/v2\/posts\/141567","targetHints":{"allow":["GET"]}}],"collection":[{"href":"https:\/\/www.europesays.com\/fi\/wp-json\/wp\/v2\/posts"}],"about":[{"href":"https:\/\/www.europesays.com\/fi\/wp-json\/wp\/v2\/types\/post"}],"author":[{"embeddable":true,"href":"https:\/\/www.europesays.com\/fi\/wp-json\/wp\/v2\/users\/2"}],"replies":[{"embeddable":true,"href":"https:\/\/www.europesays.com\/fi\/wp-json\/wp\/v2\/comments?post=141567"}],"version-history":[{"count":0,"href":"https:\/\/www.europesays.com\/fi\/wp-json\/wp\/v2\/posts\/141567\/revisions"}],"wp:featuredmedia":[{"embeddable":true,"href":"https:\/\/www.europesays.com\/fi\/wp-json\/wp\/v2\/media\/141568"}],"wp:attachment":[{"href":"https:\/\/www.europesays.com\/fi\/wp-json\/wp\/v2\/media?parent=141567"}],"wp:term":[{"taxonomy":"category","embeddable":true,"href":"https:\/\/www.europesays.com\/fi\/wp-json\/wp\/v2\/categories?post=141567"},{"taxonomy":"post_tag","embeddable":true,"href":"https:\/\/www.europesays.com\/fi\/wp-json\/wp\/v2\/tags?post=141567"}],"curies":[{"name":"wp","href":"https:\/\/api.w.org\/{rel}","templated":true}]}}