{"id":141577,"date":"2026-01-13T23:08:11","date_gmt":"2026-01-13T23:08:11","guid":{"rendered":"https:\/\/www.europesays.com\/fi\/141577\/"},"modified":"2026-01-13T23:08:11","modified_gmt":"2026-01-13T23:08:11","slug":"me-naisten-visa-muistatko-mista-maista-ja-kaupungeista-naissa-hiteissa-lauletaan","status":"publish","type":"post","link":"https:\/\/www.europesays.com\/fi\/141577\/","title":{"rendered":"Me Naisten visa: muistatko, mist\u00e4 maista ja kaupungeista n\u00e4iss\u00e4 hiteiss\u00e4 lauletaan?"},"content":{"rendered":"<p>Moni tiet\u00e4\u00e4, ett\u00e4 viini\u00e4 juotiin Wieniss\u00e4 ja Lyypekiss\u00e4 nautiskeltiin monta pitk\u00e4\u00e4 ja kylm\u00e4\u00e4. Mutta muistatko miss\u00e4 p\u00e4in maailmaa n\u00e4iss\u00e4 muissa kappaleissa seikkaillaan?<\/p>\n<p>13.1. 18:30<\/p>\n<p class=\"article-body mb-nof-24 px-nof-16\">Suomen musiikkihistoria on t\u00e4ynn\u00e4 ikimuistoisia kappaleita erilaisista paikoista: <a class=\"font-bold underline-offset-[0.12em] [text-decoration:var(--person-link-text-decoration)] ![text-decoration-color:var(--person-link-text-decoration-color)]\" href=\"https:\/\/www.is.fi\/haku\/?query=Danny\" rel=\"nofollow noopener\" target=\"_blank\">Danny<\/a>a kutsui Kuusamo, <a class=\"font-bold underline-offset-[0.12em] [text-decoration:var(--person-link-text-decoration)] ![text-decoration-color:var(--person-link-text-decoration-color)]\" href=\"https:\/\/www.is.fi\/haku\/?query=Annika%20Eklund\" rel=\"nofollow noopener\" target=\"_blank\">Annika Eklund<\/a> toivoi valoloistoa Shangaihin ja New Yorkiin ja <a class=\"font-bold underline-offset-[0.12em] [text-decoration:var(--person-link-text-decoration)] ![text-decoration-color:var(--person-link-text-decoration-color)]\" href=\"https:\/\/www.is.fi\/haku\/?query=Juice%20Leskinen\" rel=\"nofollow noopener\" target=\"_blank\">Juice Leskinen<\/a> puolestaan kaipasi Suomenlahden toiselle puolelle Eestiin eli Viroon.<\/p>\n<p class=\"article-body mb-nof-24 px-nof-16\">Jos n\u00e4m\u00e4 kuulostavat tutuilta, saatat olla vahvoilla t\u00e4ss\u00e4 visassa. Kysymys nimitt\u00e4in kuuluu: mist\u00e4 paikasta n\u00e4iss\u00e4 kappaleissa lauletaan?<\/p>\n<p class=\"article-body mb-nof-24 px-nof-16\">Jos testi ei n\u00e4y yll\u00e4, p\u00e4\u00e4set tekem\u00e4\u00e4n sen <a class=\"underline underline-offset-[0.12em] [text-decoration-thickness:var(--generic-link-underline-thickness)] [text-decoration-color:var(--generic-link-underline-color)] [text-decoration-skip-ink:var(--generic-link-underline-skip-ink)] break-words\" href=\"https:\/\/www.riddle.com\/view\/516556\" rel=\"nofollow noopener\" target=\"_blank\">t\u00e4st\u00e4<\/a>.<\/p>\n","protected":false},"excerpt":{"rendered":"Moni tiet\u00e4\u00e4, ett\u00e4 viini\u00e4 juotiin Wieniss\u00e4 ja Lyypekiss\u00e4 nautiskeltiin monta pitk\u00e4\u00e4 ja kylm\u00e4\u00e4. Mutta muistatko miss\u00e4 p\u00e4in maailmaa&hellip;\n","protected":false},"author":2,"featured_media":141578,"comment_status":"","ping_status":"","sticky":false,"template":"","format":"standard","meta":{"footnotes":""},"categories":[130],"tags":[137,33,31,30,34,32,109],"class_list":{"0":"post-141577","1":"post","2":"type-post","3":"status-publish","4":"format-standard","5":"has-post-thumbnail","7":"category-viihde","8":"tag-entertainment","9":"tag-fi","10":"tag-finland","11":"tag-finnish","12":"tag-ilta-sanomat","13":"tag-suomi","14":"tag-viihde"},"share_on_mastodon":{"url":"https:\/\/pubeurope.com\/@fi\/115890310544808011","error":""},"_links":{"self":[{"href":"https:\/\/www.europesays.com\/fi\/wp-json\/wp\/v2\/posts\/141577","targetHints":{"allow":["GET"]}}],"collection":[{"href":"https:\/\/www.europesays.com\/fi\/wp-json\/wp\/v2\/posts"}],"about":[{"href":"https:\/\/www.europesays.com\/fi\/wp-json\/wp\/v2\/types\/post"}],"author":[{"embeddable":true,"href":"https:\/\/www.europesays.com\/fi\/wp-json\/wp\/v2\/users\/2"}],"replies":[{"embeddable":true,"href":"https:\/\/www.europesays.com\/fi\/wp-json\/wp\/v2\/comments?post=141577"}],"version-history":[{"count":0,"href":"https:\/\/www.europesays.com\/fi\/wp-json\/wp\/v2\/posts\/141577\/revisions"}],"wp:featuredmedia":[{"embeddable":true,"href":"https:\/\/www.europesays.com\/fi\/wp-json\/wp\/v2\/media\/141578"}],"wp:attachment":[{"href":"https:\/\/www.europesays.com\/fi\/wp-json\/wp\/v2\/media?parent=141577"}],"wp:term":[{"taxonomy":"category","embeddable":true,"href":"https:\/\/www.europesays.com\/fi\/wp-json\/wp\/v2\/categories?post=141577"},{"taxonomy":"post_tag","embeddable":true,"href":"https:\/\/www.europesays.com\/fi\/wp-json\/wp\/v2\/tags?post=141577"}],"curies":[{"name":"wp","href":"https:\/\/api.w.org\/{rel}","templated":true}]}}