{"id":141584,"date":"2026-01-13T23:14:09","date_gmt":"2026-01-13T23:14:09","guid":{"rendered":"https:\/\/www.europesays.com\/fi\/141584\/"},"modified":"2026-01-13T23:14:09","modified_gmt":"2026-01-13T23:14:09","slug":"tuomas-iisalo-lyttaa-morantin-siirtohuhut-satunnaisia-nettihuhuja-urheilua-lyhyesti","status":"publish","type":"post","link":"https:\/\/www.europesays.com\/fi\/141584\/","title":{"rendered":"Tuomas Iisalo lytt\u00e4\u00e4 Morantin siirtohuhut: \u201dSatunnaisia nettihuhuja\u201d | Urheilua lyhyesti"},"content":{"rendered":"<p class=\"aw-1gybjub aw-5vja16 kEtdKx kmuxyA yle__article__paragraph\">Trae Young siirtyi Atlantasta Washingtoniin. Memphisin Ja Morant saattaa olla seuraava t\u00e4htitakamies, joka vaihtaa seuraa ennen NBA-siirtoikkunan sulkeutumista.<\/p>\n<p><img decoding=\"async\" alt=\"Tuomas Iisalo ja Ja Morant.\" src=\"https:\/\/www.europesays.com\/fi\/wp-content\/uploads\/2026\/01\/39-1549516690c3866b2aa0.jpeg\" class=\"aw-1l9m598 hKVVvP\"\/><\/p>\n<p>Avaa kuvien katselu<\/p>\n<p>Arkistokuvassa Tuomas Iisalo ja Ja Morant. Kuva: Getty Images<\/p>\n<p class=\"aw-1gybjub aw-1p7kakr kEtdKx cEmitX yle__article__paragraph\">NBA-toimittaja <strong class=\"aw-ak79eh KyCXm yle__article__strong\">Shams Charania<\/strong> <a class=\"aw-iao6s4 iHOxEa yle__article__link\" href=\"https:\/\/x.com\/ShamsCharania\/status\/2009759833902207065\" role=\"link\" rel=\"nofollow\">raportoi hiljattain<\/a>, ett\u00e4 Ja Morant ja Memphis Grizzlies ovat alkaneet etsi\u00e4 keinoja p\u00e4\u00e4tt\u00e4\u00e4 yhteinen taipaleensa ennen 5. helmikuuta.<\/p>\n<p class=\"aw-1gybjub aw-1p7kakr kEtdKx cEmitX yle__article__paragraph\">Grizzliesin p\u00e4\u00e4valmentaja <strong class=\"aw-ak79eh KyCXm yle__article__strong\">Tuomas Iisalo<\/strong> <a class=\"aw-iao6s4 iHOxEa yle__article__link\" href=\"https:\/\/heavy.com\/sports\/nba\/memphis-grizzlies\/ja-morant-trade-rumors-injury-update\/\" role=\"link\" rel=\"nofollow noopener\" target=\"_blank\">tyrm\u00e4si siirtohuhut lehdist\u00f6tilaisuudessa<\/a>.<\/p>\n<p class=\"aw-1gybjub aw-1p7kakr kEtdKx cEmitX yle__article__paragraph\">Ennen Orlando Magic -ottelua, joka on historian ensimm\u00e4inen NBA-ottelu Berliiniss\u00e4, Iisalo puhui sen sijaan Morantin paluusta loukkaantumisesta.<\/p>\n<p class=\"aw-1gybjub aw-1p7kakr kEtdKx cEmitX yle__article__paragraph\">\u2013 Emme kommentoi satunnaisia nettihuhuja, Iisalo sanoi toimittajille.<\/p>\n<p class=\"aw-1gybjub aw-1p7kakr kEtdKx cEmitX yle__article__paragraph\">\u2013 H\u00e4n etenee harjoituksissa hyvin ja pystyy jo tekem\u00e4\u00e4n suurimman osan harjoitusten osioista, joten n\u00e4ytt\u00e4\u00e4 hyv\u00e4lt\u00e4 jatkon kannalta.<\/p>\n<p class=\"aw-1gybjub aw-1p7kakr kEtdKx cEmitX yle__article__paragraph\">Morant on ollut sivussa pohjevamman vuoksi, mutta uudet siirtohuhut 26-vuotiaan ymp\u00e4rill\u00e4 ovat nousseet otsikoihin.<\/p>\n<p class=\"aw-1gybjub aw-1p7kakr kEtdKx cEmitX yle__article__paragraph\">H\u00e4net on merkitty kyseenalaiseksi Memphisin ja Orlandon v\u00e4liseen Berliinin otteluun, joka alkaa torstaina klo 21.<\/p>\n<p>Morantin siirtohuhut<\/p>\n<p class=\"aw-1gybjub aw-1p7kakr kEtdKx cEmitX yle__article__paragraph\">Iisalo piti kommenttinsa lyhyin\u00e4 ja ytimekk\u00e4in\u00e4 Morantin siirtohuhuihin liittyen.<\/p>\n<p class=\"aw-1gybjub aw-1p7kakr kEtdKx cEmitX yle__article__paragraph\">Charanian mukaan Morantin ja Memphisin v\u00e4lill\u00e4 on ollut kitkaa jo pitk\u00e4\u00e4n. Kauden ensimm\u00e4isten viikkojen aikana Morant totesi Lakers-tappion j\u00e4lkeen toimittajille:<\/p>\n<p class=\"aw-1gybjub aw-1p7kakr kEtdKx cEmitX yle__article__paragraph\">\u2013 Kysyk\u00e4\u00e4 valmennukselta, mik\u00e4 meni pieleen. H\u00e4n vaikutti turhautuneelta v\u00e4h\u00e4isest\u00e4 peluutuksestaan \u2013 ottelussa h\u00e4n teki 8 pistett\u00e4 ja antoi 7 sy\u00f6tt\u00f6\u00e4 heitt\u00e4en 3\/14 \u2013 eik\u00e4 antanut juuri muuta kommenttia medialle.<\/p>\n<p class=\"aw-1gybjub aw-1p7kakr kEtdKx cEmitX yle__article__paragraph\">T\u00e4m\u00e4 sai NBA-toimittaja <strong class=\"aw-ak79eh KyCXm yle__article__strong\">Evan Sideryn<\/strong> ennustamaan Morantin ja Memphisin eroa jo yli kaksi kuukautta ennen kuin Charania vahvisti asian.<\/p>\n<p class=\"aw-1gybjub aw-1p7kakr kEtdKx cEmitX yle__article__paragraph\">\u2013 Morantin tilanne on kytenyt pinnan alla. Seura on turhautunut t\u00e4hteens\u00e4, jolla on ollut hankaluuksia jo kahden eri valmennusjohdon kanssa. \u00c4lk\u00e4\u00e4 yll\u00e4ttyk\u00f6, jos n\u00e4emme Morantin viimeisi\u00e4 kuukausia Grizzliesin paidassa.<\/p>\n<p class=\"aw-1gybjub aw-1p7kakr kEtdKx cEmitX yle__article__paragraph\">Minnesota, Sacramento, Milwaukee, Houston ja Miami on yhdistetty Morantiin, jonka vaihtokauppa-arvoa on vaikea arvioida.<\/p>\n<p class=\"aw-1gybjub aw-1p7kakr kEtdKx cEmitX yle__article__paragraph\">Iisalon mukaan viidest\u00e4 viimeisimm\u00e4st\u00e4 pelist\u00e4 sivussa ollut Morant voi \u201dmahdollisesti\u201d palata tositoimiin Orlandoa vastaan Saksassa.<\/p>\n<p class=\"aw-1gybjub aw-1p7kakr kEtdKx cEmitX yle__article__paragraph\">Morant on pelannut t\u00e4ll\u00e4 kaudella vain 18 ottelua. Niiss\u00e4 h\u00e4n on tilastoinut keskim\u00e4\u00e4rin 19 pistett\u00e4, 3,2 levypalloa ja 7,6 sy\u00f6tt\u00f6\u00e4 40,9% heittotarkkuudella.<\/p>\n<p class=\"aw-1gybjub aw-1p7kakr kEtdKx cEmitX yle__article__paragraph\">Kaikki tilastot, paitsi sy\u00f6t\u00f6t, ovat laskeneet viime kaudesta.<\/p>\n<p class=\"aw-1gybjub aw-1p7kakr kEtdKx cEmitX yle__article__paragraph\">NBA-kierroksen ottelut <a class=\"aw-iao6s4 iHOxEa yle__article__link\" href=\"https:\/\/yle.fi\/aihe\/tekstitv?P=277\" role=\"link\" rel=\"nofollow noopener\" target=\"_blank\">t\u00e4\u00e4lt\u00e4<\/a>, taulukot <a class=\"aw-iao6s4 iHOxEa yle__article__link\" href=\"https:\/\/yle.fi\/aihe\/tekstitv?P=279\" role=\"link\" rel=\"nofollow noopener\" target=\"_blank\">t\u00e4\u00e4lt\u00e4<\/a><\/p>\n","protected":false},"excerpt":{"rendered":"Trae Young siirtyi Atlantasta Washingtoniin. Memphisin Ja Morant saattaa olla seuraava t\u00e4htitakamies, joka vaihtaa seuraa ennen NBA-siirtoikkunan sulkeutumista.&hellip;\n","protected":false},"author":2,"featured_media":83977,"comment_status":"","ping_status":"","sticky":false,"template":"","format":"standard","meta":{"footnotes":""},"categories":[5],"tags":[22,23,26,27,33,31,30,17,15755,1702,24,25,28,29,12604,3825,15,18,21,32,19,20,12603,160,16],"class_list":{"0":"post-141584","1":"post","2":"type-post","3":"status-publish","4":"format-standard","5":"has-post-thumbnail","7":"category-otsikot","8":"tag-breaking-news","9":"tag-breakingnews","10":"tag-featured-news","11":"tag-featurednews","12":"tag-fi","13":"tag-finland","14":"tag-finnish","15":"tag-headlines","16":"tag-ja-morant","17":"tag-koripallo","18":"tag-latest-news","19":"tag-latestnews","20":"tag-main-news","21":"tag-mainnews","22":"tag-memphis-grizzlies","23":"tag-nba","24":"tag-news","25":"tag-otsikot","26":"tag-paauutiset","27":"tag-suomi","28":"tag-top-stories","29":"tag-topstories","30":"tag-tuomas-iisalo","31":"tag-urheilu","32":"tag-uutiset"},"share_on_mastodon":{"url":"https:\/\/pubeurope.com\/@fi\/115890334141995465","error":""},"_links":{"self":[{"href":"https:\/\/www.europesays.com\/fi\/wp-json\/wp\/v2\/posts\/141584","targetHints":{"allow":["GET"]}}],"collection":[{"href":"https:\/\/www.europesays.com\/fi\/wp-json\/wp\/v2\/posts"}],"about":[{"href":"https:\/\/www.europesays.com\/fi\/wp-json\/wp\/v2\/types\/post"}],"author":[{"embeddable":true,"href":"https:\/\/www.europesays.com\/fi\/wp-json\/wp\/v2\/users\/2"}],"replies":[{"embeddable":true,"href":"https:\/\/www.europesays.com\/fi\/wp-json\/wp\/v2\/comments?post=141584"}],"version-history":[{"count":0,"href":"https:\/\/www.europesays.com\/fi\/wp-json\/wp\/v2\/posts\/141584\/revisions"}],"wp:featuredmedia":[{"embeddable":true,"href":"https:\/\/www.europesays.com\/fi\/wp-json\/wp\/v2\/media\/83977"}],"wp:attachment":[{"href":"https:\/\/www.europesays.com\/fi\/wp-json\/wp\/v2\/media?parent=141584"}],"wp:term":[{"taxonomy":"category","embeddable":true,"href":"https:\/\/www.europesays.com\/fi\/wp-json\/wp\/v2\/categories?post=141584"},{"taxonomy":"post_tag","embeddable":true,"href":"https:\/\/www.europesays.com\/fi\/wp-json\/wp\/v2\/tags?post=141584"}],"curies":[{"name":"wp","href":"https:\/\/api.w.org\/{rel}","templated":true}]}}