{"id":141586,"date":"2026-01-13T23:31:07","date_gmt":"2026-01-13T23:31:07","guid":{"rendered":"https:\/\/www.europesays.com\/fi\/141586\/"},"modified":"2026-01-13T23:31:07","modified_gmt":"2026-01-13T23:31:07","slug":"yllatys-myos-tama-vanha-ryhma-x-nayttelija-palaa-avengers-doomsdayhin","status":"publish","type":"post","link":"https:\/\/www.europesays.com\/fi\/141586\/","title":{"rendered":"Yll\u00e4tys! My\u00f6s t\u00e4m\u00e4 vanha Ryhm\u00e4-X-n\u00e4yttelij\u00e4 palaa Avengers: Doomsdayhin"},"content":{"rendered":"<p>Avengers: Doomsdayss\u00e4 n\u00e4hd\u00e4\u00e4n vanhojen tuttujen Foxin Marvel-universumin Ryhm\u00e4-X:n j\u00e4senten paluu.<\/p>\n<p>Samalla kun Marvel piilottelee elokuvansa loppuja n\u00e4yttelij\u00f6it\u00e4, lipsauttaa Ryhm\u00e4-X-sarjakuvien k\u00e4sikirjoittaja<strong> Chris Claremont <\/strong>melkoisen pommin.<\/p>\n<p>Lue my\u00f6s: <a href=\"https:\/\/www.episodi.fi\/uutiset\/russon-veljekset-tekivat-jymypaljastuksen-neljasta-avengers-doomsday-trailerista-pankaa-merkille\/\" title=\"Russon veljekset tekiv\u00e4t jymypaljastuksen nelj\u00e4st\u00e4 Avengers: Doomsday -trailerista: \u201dPankaa merkille!\u201d\" class=\"underline-custom !font-montserrat !font-bold !underline-offset-4 !decoration-4 !decoration-episodi-blue !text-md\" rel=\"nofollow noopener\" target=\"_blank\">Russon veljekset tekiv\u00e4t jymypaljastuksen nelj\u00e4st\u00e4 Avengers: Doomsday -trailerista: \u201dPankaa merkille!\u201d<\/a><\/p>\n<p>Lue my\u00f6s: <a href=\"https:\/\/www.episodi.fi\/uutiset\/neljas-avengers-doomsdayn-traileri-on-nyt-ulkona-mukana-wakandalaisia-seka-tuttu-hahmo-vieraasta-universumista\/\" title=\"Nelj\u00e4s Avengers: Doomsdayn traileri on nyt ulkona \u2013 mukana wakandalaisia sek\u00e4 tuttu hahmo vieraasta universumista\" class=\"underline-custom !font-montserrat !font-bold !underline-offset-4 !decoration-4 !decoration-episodi-blue !text-md\" rel=\"nofollow noopener\" target=\"_blank\">Nelj\u00e4s Avengers: Doomsdayn traileri on nyt ulkona \u2013 mukana wakandalaisia sek\u00e4 tuttu hahmo vieraasta universumista<\/a><\/p>\n<p>Claremont oli vieraana Power of X-Men \u2013podcastissa, jossa h\u00e4n kertoi Doomsdayssa n\u00e4ht\u00e4vist\u00e4 mutanteista. Sitten tuli lipsahdus.<\/p>\n<p>\u2013 Minusta kaikkein hienointa on se, ett\u00e4 he tuovat alkuper\u00e4iset n\u00e4yttelij\u00e4t takaisin, my\u00f6s Famken, Claremont sanoi.<\/p>\n<p><strong>Famke Janssen <\/strong>n\u00e4ytteli Jean Greyta viidess\u00e4 Foxin Ryhm\u00e4-X-elokuvassa.<\/p>\n<p>Janssen kertoi viel\u00e4 viime vuoden lokakuussa, ettei h\u00e4nell\u00e4 ole aavistustakaan mist\u00e4 tulevat Avengers-elokuvat kertovat.<\/p>\n<p>L\u00e4hde: <a href=\"https:\/\/screenrant.com\/avengers-doomsday-famke-janssen-jean-grey-return-report\/\" target=\"_blank\" rel=\"noreferrer noopener nofollow\">Screenrant<\/a><\/p>\n<p>Lue my\u00f6s: <a href=\"https:\/\/www.episodi.fi\/uutiskirje\/?uutiskirjemainos=tekstilinkkimainos\" title=\"Tilaa Episodin uutiskirje ja voit voittaa leffalippuja! Nappaa tv-vinkit suoraan s\u00e4hk\u00f6postiin t\u00e4st\u00e4.\" class=\"underline-custom !font-montserrat !font-bold !underline-offset-4 !decoration-4 !decoration-episodi-blue !text-md\" rel=\"nofollow noopener\" target=\"_blank\">Tilaa Episodin uutiskirje ja voit voittaa leffalippuja! Nappaa katseluvinkit suoraan s\u00e4hk\u00f6postiin t\u00e4st\u00e4.<\/a><\/p>\n","protected":false},"excerpt":{"rendered":"Avengers: Doomsdayss\u00e4 n\u00e4hd\u00e4\u00e4n vanhojen tuttujen Foxin Marvel-universumin Ryhm\u00e4-X:n j\u00e4senten paluu. Samalla kun Marvel piilottelee elokuvansa loppuja n\u00e4yttelij\u00f6it\u00e4, lipsauttaa&hellip;\n","protected":false},"author":2,"featured_media":141587,"comment_status":"","ping_status":"","sticky":false,"template":"","format":"standard","meta":{"footnotes":""},"categories":[131],"tags":[809,24374,155,137,12104,33,173,31,30,3282,172,7191,32,109],"class_list":{"0":"post-141586","1":"post","2":"type-post","3":"status-publish","4":"format-standard","5":"has-post-thumbnail","7":"category-elokuvat","8":"tag-avengers-doomsday","9":"tag-chris-claremont","10":"tag-elokuvat","11":"tag-entertainment","12":"tag-famke-janssen","13":"tag-fi","14":"tag-film","15":"tag-finland","16":"tag-finnish","17":"tag-marvel","18":"tag-movies","19":"tag-ryhma-x","20":"tag-suomi","21":"tag-viihde"},"share_on_mastodon":{"url":"https:\/\/pubeurope.com\/@fi\/115890400975020698","error":""},"_links":{"self":[{"href":"https:\/\/www.europesays.com\/fi\/wp-json\/wp\/v2\/posts\/141586","targetHints":{"allow":["GET"]}}],"collection":[{"href":"https:\/\/www.europesays.com\/fi\/wp-json\/wp\/v2\/posts"}],"about":[{"href":"https:\/\/www.europesays.com\/fi\/wp-json\/wp\/v2\/types\/post"}],"author":[{"embeddable":true,"href":"https:\/\/www.europesays.com\/fi\/wp-json\/wp\/v2\/users\/2"}],"replies":[{"embeddable":true,"href":"https:\/\/www.europesays.com\/fi\/wp-json\/wp\/v2\/comments?post=141586"}],"version-history":[{"count":0,"href":"https:\/\/www.europesays.com\/fi\/wp-json\/wp\/v2\/posts\/141586\/revisions"}],"wp:featuredmedia":[{"embeddable":true,"href":"https:\/\/www.europesays.com\/fi\/wp-json\/wp\/v2\/media\/141587"}],"wp:attachment":[{"href":"https:\/\/www.europesays.com\/fi\/wp-json\/wp\/v2\/media?parent=141586"}],"wp:term":[{"taxonomy":"category","embeddable":true,"href":"https:\/\/www.europesays.com\/fi\/wp-json\/wp\/v2\/categories?post=141586"},{"taxonomy":"post_tag","embeddable":true,"href":"https:\/\/www.europesays.com\/fi\/wp-json\/wp\/v2\/tags?post=141586"}],"curies":[{"name":"wp","href":"https:\/\/api.w.org\/{rel}","templated":true}]}}