{"id":141588,"date":"2026-01-13T23:33:08","date_gmt":"2026-01-13T23:33:08","guid":{"rendered":"https:\/\/www.europesays.com\/fi\/141588\/"},"modified":"2026-01-13T23:33:08","modified_gmt":"2026-01-13T23:33:08","slug":"michael-carrick-palaa-manchester-unitedin-paavalmentajaksi-aloittaa-lauantaina-city-ottelussa-urheilua-lyhyesti","status":"publish","type":"post","link":"https:\/\/www.europesays.com\/fi\/141588\/","title":{"rendered":"Michael Carrick palaa Manchester Unitedin p\u00e4\u00e4valmentajaksi \u2013 aloittaa lauantaina City-ottelussa | Urheilua lyhyesti"},"content":{"rendered":"<p class=\"aw-1gybjub aw-5vja16 kEtdKx kmuxyA yle__article__paragraph\">Michael Carrick aikoo todenn\u00e4k\u00f6isesti pelata 4-2-3-1-muodostelmalla, mik\u00e4 on poikkeus Ruben Amorimin k\u00e4ytt\u00e4m\u00e4st\u00e4 kolmen topparin puolustuslinjasta.<\/p>\n<p><img decoding=\"async\" alt=\"Unitedin loppukauden vastuuvalmentaja Michael Carrick debytoi viikonlopun City-ottelussa.\" src=\"https:\/\/www.europesays.com\/fi\/wp-content\/uploads\/2026\/01\/39-15807756966a3d85293a.jpeg\" class=\"aw-1l9m598 hKVVvP\"\/><\/p>\n<p>Avaa kuvien katselu<\/p>\n<p>Unitedin loppukauden vastuuvalmentaja Michael Carrick debytoi viikonlopun City-ottelussa. Kuva: Alamy\/All Over Press<\/p>\n<p class=\"aw-1gybjub aw-1p7kakr kEtdKx cEmitX yle__article__paragraph\">Manchester United vahvistaa tiedon, ett\u00e4 <strong class=\"aw-ak79eh KyCXm yle__article__strong\">Michael Carrick<\/strong> on seuran loppukauden p\u00e4\u00e4valmentaja.<\/p>\n<p class=\"aw-1gybjub aw-1p7kakr kEtdKx cEmitX yle__article__paragraph\">\u2013 Michael Carrick on palannut. Entinen kapteenimme toimii p\u00e4\u00e4valmentajanamme loppukauden 2025\u201326 ajan, United tiedotti.<\/p>\n<p class=\"aw-1gybjub aw-1p7kakr kEtdKx cEmitX yle__article__paragraph\">Carrickin apuna toimii Englannin maajoukkueen entinen kakkosvalmentaja <strong class=\"aw-ak79eh KyCXm yle__article__strong\">Steve Holland<\/strong>, ja h\u00e4nen valmennustiimiins\u00e4 kuuluvat my\u00f6s <strong class=\"aw-ak79eh KyCXm yle__article__strong\">Jonathan Woodgate<\/strong>, <strong class=\"aw-ak79eh KyCXm yle__article__strong\">Jonny Evans<\/strong> ja <strong class=\"aw-ak79eh KyCXm yle__article__strong\">Travis Binnion<\/strong>.<\/p>\n<p class=\"aw-1gybjub aw-1p7kakr kEtdKx cEmitX yle__article__paragraph\">Entinen Unitedin keskikentt\u00e4pelaaja Carrick, 44, toimi joukkueen v\u00e4liaikaisena p\u00e4\u00e4valmentajana kolmen ottelun ajan <strong class=\"aw-ak79eh KyCXm yle__article__strong\">Ole Gunnar Solskj\u00e4rin<\/strong> potkujen j\u00e4lkeen vuonna 2021.<\/p>\n<p class=\"aw-1gybjub aw-1p7kakr kEtdKx cEmitX yle__article__paragraph\">Carrick palaa Old Traffordin vaihtopenkille lauantaina Valioliigan paikallisottelussa Manchester City\u00e4 vastaan.<\/p>\n<p class=\"aw-1gybjub aw-1p7kakr kEtdKx cEmitX yle__article__paragraph\">United antoi <strong class=\"aw-ak79eh KyCXm yle__article__strong\">Ruben Amorimille<\/strong> potkut 5. tammikuuta 14 kuukauden pestin j\u00e4lkeen. <strong class=\"aw-ak79eh KyCXm yle__article__strong\">Darren Fletcher<\/strong> toimi v\u00e4liaikaisena p\u00e4\u00e4valmentajana kahdessa ottelussa.<\/p>\n<p class=\"aw-1gybjub aw-1p7kakr kEtdKx cEmitX yle__article__paragraph\">Norjalainen Solskj\u00e4r, joka on sek\u00e4 pelannut ett\u00e4 valmentanut Unitedia, keskusteli my\u00f6s seuran kanssa avoimesta p\u00e4\u00e4valmentajan paikasta.<\/p>\n<p class=\"aw-1gybjub aw-1p7kakr kEtdKx cEmitX yle__article__paragraph\">Carrick kuitenkin valittiin, koska h\u00e4n on Solskj\u00e4ria enemm\u00e4n k\u00e4yt\u00e4nn\u00f6nl\u00e4heinen valmentaja.<\/p>\n<p class=\"aw-1gybjub aw-1p7kakr kEtdKx cEmitX yle__article__paragraph\">Fletcher, joka johti Unitedia Burnleyt\u00e4 ja Brightonia vastaan heti Amorimin l\u00e4hd\u00f6n j\u00e4lkeen, palaa alle 18-vuotiaiden joukkueen valmennukseen.<\/p>\n<p class=\"aw-1gybjub aw-1p7kakr kEtdKx cEmitX yle__article__paragraph\">United pit\u00e4\u00e4 h\u00e4nt\u00e4 jatkossakin t\u00e4rke\u00e4n\u00e4 osana valmennustiimi\u00e4, mutta molemmat osapuolet katsoivat, ett\u00e4 paluu U18-joukkueen luo on paras vaihtoehto h\u00e4nen kehityksens\u00e4 kannalta.<\/p>\n","protected":false},"excerpt":{"rendered":"Michael Carrick aikoo todenn\u00e4k\u00f6isesti pelata 4-2-3-1-muodostelmalla, mik\u00e4 on poikkeus Ruben Amorimin k\u00e4ytt\u00e4m\u00e4st\u00e4 kolmen topparin puolustuslinjasta. Avaa kuvien katselu&hellip;\n","protected":false},"author":2,"featured_media":141589,"comment_status":"","ping_status":"","sticky":false,"template":"","format":"standard","meta":{"footnotes":""},"categories":[158],"tags":[531,33,31,30,43,23199,2654,4288,24375,159,32,160],"class_list":{"0":"post-141588","1":"post","2":"type-post","3":"status-publish","4":"format-standard","5":"has-post-thumbnail","7":"category-urheilu","8":"tag-englannin-valioliiga","9":"tag-fi","10":"tag-finland","11":"tag-finnish","12":"tag-jalkapallo","13":"tag-jalkapallomanageri","14":"tag-jalkapallovalmentaja","15":"tag-manchester-united-fc","16":"tag-michael-carrick","17":"tag-sports","18":"tag-suomi","19":"tag-urheilu"},"share_on_mastodon":{"url":"https:\/\/pubeurope.com\/@fi\/115890408923278021","error":""},"_links":{"self":[{"href":"https:\/\/www.europesays.com\/fi\/wp-json\/wp\/v2\/posts\/141588","targetHints":{"allow":["GET"]}}],"collection":[{"href":"https:\/\/www.europesays.com\/fi\/wp-json\/wp\/v2\/posts"}],"about":[{"href":"https:\/\/www.europesays.com\/fi\/wp-json\/wp\/v2\/types\/post"}],"author":[{"embeddable":true,"href":"https:\/\/www.europesays.com\/fi\/wp-json\/wp\/v2\/users\/2"}],"replies":[{"embeddable":true,"href":"https:\/\/www.europesays.com\/fi\/wp-json\/wp\/v2\/comments?post=141588"}],"version-history":[{"count":0,"href":"https:\/\/www.europesays.com\/fi\/wp-json\/wp\/v2\/posts\/141588\/revisions"}],"wp:featuredmedia":[{"embeddable":true,"href":"https:\/\/www.europesays.com\/fi\/wp-json\/wp\/v2\/media\/141589"}],"wp:attachment":[{"href":"https:\/\/www.europesays.com\/fi\/wp-json\/wp\/v2\/media?parent=141588"}],"wp:term":[{"taxonomy":"category","embeddable":true,"href":"https:\/\/www.europesays.com\/fi\/wp-json\/wp\/v2\/categories?post=141588"},{"taxonomy":"post_tag","embeddable":true,"href":"https:\/\/www.europesays.com\/fi\/wp-json\/wp\/v2\/tags?post=141588"}],"curies":[{"name":"wp","href":"https:\/\/api.w.org\/{rel}","templated":true}]}}