{"id":141590,"date":"2026-01-13T23:34:09","date_gmt":"2026-01-13T23:34:09","guid":{"rendered":"https:\/\/www.europesays.com\/fi\/141590\/"},"modified":"2026-01-13T23:34:09","modified_gmt":"2026-01-13T23:34:09","slug":"kevaan-euroviisujen-liput-myyty-loppuun-ennatysajassa","status":"publish","type":"post","link":"https:\/\/www.europesays.com\/fi\/141590\/","title":{"rendered":"Kev\u00e4\u00e4n Euroviisujen liput myyty loppuun enn\u00e4tysajassa"},"content":{"rendered":"<p><strong class=\"typography-bold\">Tulevan kev\u00e4\u00e4n Euroviisujen liput on myyty loppuun enn\u00e4tysajassa, <\/strong><a class=\"underline\" data-testid=\"external-link\" href=\"https:\/\/www.ebu.ch\/news\/2026\/01\/tickets-for-70th-eurovision-song-contest-sell-out-in-record-time\" rel=\"noopener noreferrer nofollow\" data-sentry-component=\"ExternalLink\" data-sentry-source-file=\"ExternalLink.tsx\" target=\"_blank\"><strong class=\"typography-bold\">kertoo<\/strong><\/a><strong class=\"typography-bold\"> Euroopan yleisradiounioni EBU.<\/strong><\/p>\n<p>Kaikki Euroviisujen myynniss\u00e4 olevat liput myytiin loppuun tunnissa.\u00a0<\/p>\n<p>Viisufinaalin liput myytiin loppuun jopa 14 minuutissa, ja semifinaalien liput loppuivat 20 minuutissa. Lis\u00e4ksi yleis\u00f6 voi ostaa lippuja esitysten kenraaliharjoituksiin.<\/p>\n<p>J\u00e4rjestyksess\u00e4\u00e4n 70. Euroviisut j\u00e4rjestet\u00e4\u00e4n t\u00e4n\u00e4 vuonna It\u00e4vallan Wieniss\u00e4. Kaksi semifinaalia k\u00e4yd\u00e4\u00e4n 12. ja 14. toukokuuta, ja finaali kisataan 16. toukokuuta.<\/p>\n<p>Suomi esiintyy Euroviisujen ensimm\u00e4isess\u00e4 semifinaalissa. Suomen viisuedustaja valitaan helmikuun lopulla Uuden musiikin kilpailussa (UMK), jonka ehdokkaat julkistetaan keskiviikkona.<\/p>\n<p>Euroviisuissa on kuohunut viime aikoina, sill\u00e4 Israelin osallistuminen on her\u00e4tt\u00e4nyt t\u00e4ll\u00e4kin kertaa kiistely\u00e4. Espanja, Hollanti, Irlanti, Slovenia ja Islanti ovat ilmoittaneet boikotoivansa viisuja Israelin osallistumisen takia.<\/p>\n<p><strong class=\"typography-bold\">Lue my\u00f6s:<\/strong><a class=\"cursor-pointer underline\" data-testid=\"internal-link\" role=\"link\" data-sentry-element=\"Link\" data-sentry-component=\"InternalLink\" data-sentry-source-file=\"InternalLink.tsx\" href=\"https:\/\/www.mtvuutiset.fi\/artikkeli\/suomi-ja-israel-esiintyvat-euroviisujen-ensimmaisessa-semifinaalissa\/9281428\" rel=\"nofollow noopener\" target=\"_blank\"><\/a><\/p>\n","protected":false},"excerpt":{"rendered":"Tulevan kev\u00e4\u00e4n Euroviisujen liput on myyty loppuun enn\u00e4tysajassa, kertoo Euroopan yleisradiounioni EBU. Kaikki Euroviisujen myynniss\u00e4 olevat liput myytiin&hellip;\n","protected":false},"author":2,"featured_media":141591,"comment_status":"","ping_status":"","sticky":false,"template":"","format":"standard","meta":{"footnotes":""},"categories":[130],"tags":[137,33,31,30,32,109],"class_list":{"0":"post-141590","1":"post","2":"type-post","3":"status-publish","4":"format-standard","5":"has-post-thumbnail","7":"category-viihde","8":"tag-entertainment","9":"tag-fi","10":"tag-finland","11":"tag-finnish","12":"tag-suomi","13":"tag-viihde"},"share_on_mastodon":{"url":"https:\/\/pubeurope.com\/@fi\/115890412753893230","error":""},"_links":{"self":[{"href":"https:\/\/www.europesays.com\/fi\/wp-json\/wp\/v2\/posts\/141590","targetHints":{"allow":["GET"]}}],"collection":[{"href":"https:\/\/www.europesays.com\/fi\/wp-json\/wp\/v2\/posts"}],"about":[{"href":"https:\/\/www.europesays.com\/fi\/wp-json\/wp\/v2\/types\/post"}],"author":[{"embeddable":true,"href":"https:\/\/www.europesays.com\/fi\/wp-json\/wp\/v2\/users\/2"}],"replies":[{"embeddable":true,"href":"https:\/\/www.europesays.com\/fi\/wp-json\/wp\/v2\/comments?post=141590"}],"version-history":[{"count":0,"href":"https:\/\/www.europesays.com\/fi\/wp-json\/wp\/v2\/posts\/141590\/revisions"}],"wp:featuredmedia":[{"embeddable":true,"href":"https:\/\/www.europesays.com\/fi\/wp-json\/wp\/v2\/media\/141591"}],"wp:attachment":[{"href":"https:\/\/www.europesays.com\/fi\/wp-json\/wp\/v2\/media?parent=141590"}],"wp:term":[{"taxonomy":"category","embeddable":true,"href":"https:\/\/www.europesays.com\/fi\/wp-json\/wp\/v2\/categories?post=141590"},{"taxonomy":"post_tag","embeddable":true,"href":"https:\/\/www.europesays.com\/fi\/wp-json\/wp\/v2\/tags?post=141590"}],"curies":[{"name":"wp","href":"https:\/\/api.w.org\/{rel}","templated":true}]}}