{"id":141592,"date":"2026-01-13T23:37:07","date_gmt":"2026-01-13T23:37:07","guid":{"rendered":"https:\/\/www.europesays.com\/fi\/141592\/"},"modified":"2026-01-13T23:37:07","modified_gmt":"2026-01-13T23:37:07","slug":"kommentti-hirvea-jono-paljasti-jotain-ihmisista-iltalehti","status":"publish","type":"post","link":"https:\/\/www.europesays.com\/fi\/141592\/","title":{"rendered":"Kommentti: Hirve\u00e4 jono paljasti jotain ihmisist\u00e4 &#8211; Iltalehti"},"content":{"rendered":"<ol>\n<li><a href=\"https:\/\/news.google.com\/rss\/articles\/CBMie0FVX3lxTE9HWmdjUkxPQ0RPRzFPWGZlQ1AxOWJ3TDl6ZWJNYzJCYVhnM0N2ZkdzSXNydjY4a3dYdzNubVRtcS1YSlZsbDIyYzJwVS1wc3Bla01WT2JIRUU5d1lPVUQxWmlwWTZFTFNWbzUtZl9manBVTzZDcGMzS3JDSQ?oc=5\" target=\"_blank\" rel=\"nofollow noopener\">Kommentti: Hirve\u00e4 jono paljasti jotain ihmisist\u00e4<\/a>&nbsp;&nbsp;Iltalehti<\/li>\n<li><a href=\"https:\/\/news.google.com\/rss\/articles\/CBMiXkFVX3lxTE16LTUweERnN1V4M3BTLUVfemR1UjdUVVcwOWdQUC0zVVFfUHJ6NHJrZ2x1dlQ4azdpUEtLamFEbERjaXg5aDRQQWIxT3l5WngxTzFoWlBHY1VuczZYQnc?oc=5\" target=\"_blank\" rel=\"nofollow noopener\">\u201dJoku ihme ruuvi\u201d \u2013 Kadonneita postipaketteja jonottaneet n\u00e4ytt\u00e4v\u00e4t HS:lle, mit\u00e4 sis\u00e4lt\u00e4 paljastui<\/a>&nbsp;&nbsp;HS.fi<\/li>\n<li><a href=\"https:\/\/news.google.com\/rss\/articles\/CBMie0FVX3lxTE5LLUJpZklUNkJXVnJ6Q24xbThBa3A2UFp5WmY1MTl5MU8wd05ubmhpSFItMjZvbUxkX005OFNqRGViUE9LRzl5aldHMHNWbjFyMVNCdDhlcnFidFA4YVFnT0dlVlpHTFJPYTVMZDhqMGR1OXRmbEhmUnNMWQ?oc=5\" target=\"_blank\" rel=\"nofollow noopener\">Hirve\u00e4 jono Helsingiss\u00e4: Nyt selvisi, mit\u00e4 mysteeripaketeista voi saada<\/a>&nbsp;&nbsp;Iltalehti<\/li>\n<li><a href=\"https:\/\/news.google.com\/rss\/articles\/CBMiZEFVX3lxTE14Y1lzSGNzVHJ3MzdpRDBzYUFXdTk5ZU4zUTRyTUx4ZnU1UnItdERPakFyZVFjRG8tTW9McU1XSkpPRW5kN2JyRC01YUY1VDUtQjhlRFpUSUwwYm9QcGp2TDVfV3U?oc=5\" target=\"_blank\" rel=\"nofollow noopener\">Kauppakeskuksessa valtava jono \u2013 \u201dWin-win-tilanne\u201d<\/a>&nbsp;&nbsp;Ilta-Sanomat<\/li>\n<li><a href=\"https:\/\/news.google.com\/rss\/articles\/CBMivwFBVV95cUxQNnZOYURwWm5FU1NtY3h0VFJ1bUVQOGE3TXQwSmJqTTFWR2hVcnloTC1sdlp5S0NCbUV6cEVyVk9zVV81cngzbHBYRG1UbHQxa09sSmRFY0ZBQ0xzbFJuSHFOUVdId1ozclhmbklMUUU3dnZtazhmRUtndEd1STQ1a3haMHk3aUdGTHFVMlRra3JwUnprUFFZTTFmUFVJM3Y0RzlqbUR1QmwxTGNGb08yRTZiTFo3dE9yemkxUVhQaw?oc=5\" target=\"_blank\" rel=\"nofollow noopener\">N\u00e4it\u00e4 jonotettiin Helsingiss\u00e4! MTV avasi mysteeripaketin \u2013 mit\u00e4 paljastui sis\u00e4lt\u00e4?<\/a>&nbsp;&nbsp;mtvuutiset.fi<\/li>\n<\/ol>\n","protected":false},"excerpt":{"rendered":"Kommentti: Hirve\u00e4 jono paljasti jotain ihmisist\u00e4&nbsp;&nbsp;Iltalehti \u201dJoku ihme ruuvi\u201d \u2013 Kadonneita postipaketteja jonottaneet n\u00e4ytt\u00e4v\u00e4t HS:lle, mit\u00e4 sis\u00e4lt\u00e4 paljastui&nbsp;&nbsp;HS.fi&hellip;\n","protected":false},"author":2,"featured_media":141593,"comment_status":"","ping_status":"","sticky":false,"template":"","format":"standard","meta":{"footnotes":""},"categories":[76],"tags":[35,79,77,33,31,30,898,19029,6232,486,32,78,5989],"class_list":{"0":"post-141592","1":"post","2":"type-post","3":"status-publish","4":"format-standard","5":"has-post-thumbnail","7":"category-talous","8":"tag-24h","9":"tag-business","10":"tag-economy","11":"tag-fi","12":"tag-finland","13":"tag-finnish","14":"tag-kulutustavarat","15":"tag-ostosten-tekeminen","16":"tag-postimyynti-ja-verkkokauppa","17":"tag-sahkoinen-kauppa","18":"tag-suomi","19":"tag-talous","20":"tag-verkkoliiketoiminta"},"share_on_mastodon":{"url":"https:\/\/pubeurope.com\/@fi\/115890424700159964","error":""},"_links":{"self":[{"href":"https:\/\/www.europesays.com\/fi\/wp-json\/wp\/v2\/posts\/141592","targetHints":{"allow":["GET"]}}],"collection":[{"href":"https:\/\/www.europesays.com\/fi\/wp-json\/wp\/v2\/posts"}],"about":[{"href":"https:\/\/www.europesays.com\/fi\/wp-json\/wp\/v2\/types\/post"}],"author":[{"embeddable":true,"href":"https:\/\/www.europesays.com\/fi\/wp-json\/wp\/v2\/users\/2"}],"replies":[{"embeddable":true,"href":"https:\/\/www.europesays.com\/fi\/wp-json\/wp\/v2\/comments?post=141592"}],"version-history":[{"count":0,"href":"https:\/\/www.europesays.com\/fi\/wp-json\/wp\/v2\/posts\/141592\/revisions"}],"wp:featuredmedia":[{"embeddable":true,"href":"https:\/\/www.europesays.com\/fi\/wp-json\/wp\/v2\/media\/141593"}],"wp:attachment":[{"href":"https:\/\/www.europesays.com\/fi\/wp-json\/wp\/v2\/media?parent=141592"}],"wp:term":[{"taxonomy":"category","embeddable":true,"href":"https:\/\/www.europesays.com\/fi\/wp-json\/wp\/v2\/categories?post=141592"},{"taxonomy":"post_tag","embeddable":true,"href":"https:\/\/www.europesays.com\/fi\/wp-json\/wp\/v2\/tags?post=141592"}],"curies":[{"name":"wp","href":"https:\/\/api.w.org\/{rel}","templated":true}]}}