{"id":141594,"date":"2026-01-13T23:38:10","date_gmt":"2026-01-13T23:38:10","guid":{"rendered":"https:\/\/www.europesays.com\/fi\/141594\/"},"modified":"2026-01-13T23:38:10","modified_gmt":"2026-01-13T23:38:10","slug":"paakirjoitus-pohjoisessa-syntyi-hengenvaarallinen-liitto","status":"publish","type":"post","link":"https:\/\/www.europesays.com\/fi\/141594\/","title":{"rendered":"P\u00e4\u00e4kirjoitus: Pohjoisessa syntyi hengenvaarallinen liitto"},"content":{"rendered":"<p><a href=\"https:\/\/www.iltalehti.fi\/kirjoittajat\/Lauri Nurmi\" class=\"article-description-pov-author\" rel=\"nofollow noopener\" target=\"_blank\"><\/p>\n<p>Lauri Nurmi<\/p>\n<p><img decoding=\"async\" class=\"author-image\" src=\"https:\/\/www.europesays.com\/fi\/wp-content\/uploads\/2025\/08\/e9df21b46739beed0e229b0441a067c8fa0795d56540e7dd5ed3dbce70b6f2ef.png\" alt=\"\"\/><\/a><\/p>\n<p>S\u00e4leniss\u00e4 vahvistui, ett\u00e4 Ven\u00e4j\u00e4 ja Kiina ovat liittoutuneet arktisilla alueilla. Suomen on viisasta nikkaroida ruotsalaisille Nato-sotilaille kunnon majoitustilat, Iltalehden Lauri Nurmi kirjoittaa.<\/p>\n<p>Eilen klo 21:37<\/p>\n<p><img decoding=\"async\" class=\"image image-show image-preview\" src=\"https:\/\/www.europesays.com\/fi\/wp-content\/uploads\/2026\/01\/60f4bb8eab2b326d21e7cf2a0e92b68a3bbb76746159e471c7fa225c1cdd17f9.jpg\" alt=\"\"\/><img decoding=\"async\" class=\"image image-show\" src=\"https:\/\/www.europesays.com\/fi\/wp-content\/uploads\/2026\/01\/1768347490_619_60f4bb8eab2b326d21e7cf2a0e92b68a3bbb76746159e471c7fa225c1cdd17f9.jpg\" alt=\"\"\/><\/p>\n<p>Ruotsin puolustusvoimien komentaja, kenraali Michael Claesson sampp. ettei Ven\u00e4j\u00e4st\u00e4 ole hy\u00f6kk\u00e4\u00e4m\u00e4\u00e4n Natoa vastaan. Evelina Carborn<\/p>\n<p class=\"paragraph\">S\u00e4lenin turvallisuuskonferenssi on ilmapuntari, joka kertoo jokaisen vuoden alussa, kuinka suuri uhka Ven\u00e4j\u00e4 on Ruotsille, Suomelle ja muille pohjoisille Nato-maille.<\/p>\n<p class=\"paragraph\">Sotilasjohtajat ovat ottaneet tavakseen kertoa Ruotsin tuntureilla inhorealistisia totuuksia.<\/p>\n<p class=\"paragraph\">Ensin hyv\u00e4t uutiset.<\/p>\n<p class=\"paragraph\">Ruotsin puolustusvoimien komentaja, kenraali <strong>Michael Claesson<\/strong> sanoo suoraan, ett\u00e4 Ven\u00e4j\u00e4st\u00e4 ei ole hy\u00f6kk\u00e4\u00e4m\u00e4\u00e4n puolustusliitto Natoa vastaan.<\/p>\n<p class=\"paragraph\">\u2013 Olen vakuuttunut, ett\u00e4 Ven\u00e4j\u00e4 tiet\u00e4\u00e4 h\u00e4vi\u00e4v\u00e4ns\u00e4, jos se l\u00e4htisi sotaan Naton kanssa, eik\u00e4 se siksi ole heid\u00e4n etujensa mukaista, Claesson <a href=\"https:\/\/www.iltalehti.fi\/politiikka\/d7eddbee-00bf-4329-9a7e-fdb73e842c0a\" rel=\"nofollow noopener\" target=\"_blank\">arvioi<\/a>.<\/p>\n<p class=\"paragraph\">Kenraalia kuunnellessa tekisi mieli tuudittautua siihen, ett\u00e4 vaara on ohi. Kunhan varustaudumme riitt\u00e4v\u00e4sti, se riitt\u00e4\u00e4 takaamaan rauhan Pohjolassa.<\/p>\n<p class=\"paragraph\">Sitten synkempiin tietoihin.<\/p>\n<p class=\"paragraph\">Ik\u00e4v\u00e4 kyll\u00e4 arktisilla alueilla on syntynyt uusi liittosuhde: Ven\u00e4j\u00e4 ja Kiina ovat k\u00e4yt\u00e4nn\u00f6ss\u00e4 liittoutuneet sotilaallisesti, eiv\u00e4tk\u00e4 maiden tavoitteet ole rauhanomaisia.<\/p>\n<p class=\"paragraph\">Naton Euroopan joukkojen komentaja <strong>Alexus G. Grynkewich<\/strong> <a href=\"https:\/\/www.iltalehti.fi\/politiikka\/f67e6c21-1b28-45a3-91e8-e93cb3a156e9\" rel=\"nofollow noopener\" target=\"_blank\">antoi<\/a> n\u00e4ytteen huumorintajustaan. H\u00e4n arveli, ett\u00e4 kiinalaisia ja ven\u00e4l\u00e4isi\u00e4 merentutkimusaluksia eiv\u00e4t taida kiinnostaa hylkeet eiv\u00e4tk\u00e4 j\u00e4\u00e4karhut.<\/p>\n<p class=\"paragraph\">Naton tiedustelutietojen mukaan ven\u00e4l\u00e4iset ja kiinalaiset suorittavat arktisilla merill\u00e4 syvyyskartoituksia ja selvitt\u00e4v\u00e4t, miten he pystyisiv\u00e4t peittoamaan Naton suorituskyvyt.<\/p>\n<p class=\"paragraph\">\u2013 Ven\u00e4l\u00e4iset ja kiinalaiset alukset suorittavat enemm\u00e4n ja enemm\u00e4n yhteispartiointia, Grynkewich varoitti.<\/p>\n<p class=\"paragraph\">Siviilialuksilta n\u00e4ytt\u00e4v\u00e4t laivat ovat Naton komentajan mukaan todellisuudessa sotilasaluksia.<\/p>\n<p class=\"paragraph\">Tyhmempikin ymm\u00e4rt\u00e4\u00e4, ett\u00e4 syvyyskartoituksia ei tehd\u00e4 kalastajien vuoksi. Siten etsit\u00e4\u00e4n sukellusveneille piilopaikkoja ja yritet\u00e4\u00e4n paikallistaa Nato-maiden vedenalaisia j\u00e4rjestelmi\u00e4.<\/p>\n<p class=\"paragraph\">Claesson vahvistaa, ett\u00e4 Ven\u00e4j\u00e4 on palannut pohjoisessa kylm\u00e4n sodan aikaiseen bastion-sotilasoppiinsa.<\/p>\n<p class=\"paragraph\">Jos ven\u00e4l\u00e4isten voimavarat ja resurssit riitt\u00e4isiv\u00e4t, he saattaisivat yritt\u00e4\u00e4 miehitt\u00e4\u00e4 Norjan Finnmarkin ja Suomen Lapin. Siten muodostuisi puskurivy\u00f6hyke Kuolan niemimaan ja Barentsinmeren ohjusjoukkojen ymp\u00e4rille.<\/p>\n<p class=\"paragraph\">Ven\u00e4j\u00e4 muuttaa prikaatinsa divisiooniksi.<\/p>\n<p class=\"paragraph\">\u2013 He palaavat siihen, mink\u00e4 osaavat parhaiten: vanhoihin rakenteisiinsa, jotka on optimoitu hy\u00f6kk\u00e4yssodank\u00e4ynnin man\u00f6\u00f6reveit\u00e4 varten, Claesson sanoo Iltalehdelle.<\/p>\n<p class=\"paragraph\">Ven\u00e4l\u00e4isist\u00e4 ei yksin olisi Suomelle, Ruotsille ja Norjalle uhkaa. Ven\u00e4j\u00e4 ei pystyisi saavuttamaan ilmaherruutta, kun sill\u00e4 olisi vastassaan pohjoismaisen kolmikon ilmavoimat: yli 200 modernia h\u00e4vitt\u00e4j\u00e4\u00e4 ja niihin tuhansia ohjuksia.<\/p>\n<p class=\"paragraph\">Uhkakuva muuttaa synkemm\u00e4ksi, jos Kiina tukee Ven\u00e4j\u00e4n bastion-ajattelua arktisilla alueilla.<\/p>\n<p class=\"paragraph\">Suomalaisten onneksi Nato-kenraalit eiv\u00e4t nuku Ruususen unta. Ruotsi sijoittaa Suomen Lappiin perustettuun Nato-joukkoon raskaasti aseistetun pataljoonan. Rauhan oloissakin Suomen turvana on noin 800 ruotsalaista maavoimien sotilasta.<\/p>\n<p class=\"paragraph\">Claesson vihjaa, ett\u00e4 Suomen FLF-joukkoon liittyy my\u00f6s norjalainen pataljoona.<\/p>\n<p class=\"paragraph\">Juhlapuheet ovat takanap\u00e4in. Vain teot puhuvat jatkossa puolestaan. Amerikkalaiskenraali Grynkewich kilist\u00e4\u00e4 varoituskelloa ja huomauttaa, ett\u00e4 uhka voi kasvaa eritt\u00e4in nopeasti.<\/p>\n<p class=\"paragraph\">Suomessa ep\u00e4iltiin mennein\u00e4 vuosikymmenin\u00e4 ruotsalaisten kyky\u00e4 tehd\u00e4 nopeita p\u00e4\u00e4t\u00f6ksi\u00e4. Ruotsin p\u00e4\u00e4ministeriksi noussee syksyll\u00e4 sosiaalidemokraattien <strong>Magdalena Andersson<\/strong>.<\/p>\n<p class=\"paragraph\">Jos demarit nousevat valtaan, he <a href=\"https:\/\/www.iltalehti.fi\/politiikka\/710d0029-5d93-4ab9-8fa8-542ebb3b623f\" rel=\"nofollow noopener\" target=\"_blank\">esitt\u00e4v\u00e4t<\/a> Suomen hallitukselle, ett\u00e4 ruotsalaissotilaiden l\u00e4sn\u00e4olosta Lapissa teht\u00e4isiin pysyv\u00e4\u00e4. Suomelta olisi tyhmyytt\u00e4 kielt\u00e4yty\u00e4 tarjouksesta.<\/p>\n<p class=\"paragraph\">Ven\u00e4l\u00e4iset kunnioittavat vain voimaa, joka on paikalla aidosti. Paperitiikerit eiv\u00e4t pid\u00e4ttele 2020-luvun diktaattoreita.<\/p>\n<p class=\"paragraph\">Asiassa on yksi ongelma: Rovaniemen ja Sodankyl\u00e4n kasarmeilta puuttuvat modernit majoitustilat Nato-sotilaille. Niit\u00e4 kannattaisi alkaa nikkaroida pikimmiten.<\/p>\n<p class=\"paragraph\">Rakkaiden naapurimaiden Nato-sotilaiden pysyv\u00e4 asettuminen Lappiin pirist\u00e4isi paikallistaloutta ja rohkaisisi ulkomaisia yrityksi\u00e4 investoimaan my\u00f6s Ven\u00e4j\u00e4n l\u00e4heisyyteen.<\/p>\n<p class=\"paragraph\">J\u00e4m\u00e4kkyys varmistaa sen, ett\u00e4 ven\u00e4l\u00e4iset ja kiinalaiset vierailevat Lapissa jatkossakin vain turisteina.<\/p>\n","protected":false},"excerpt":{"rendered":"Lauri Nurmi S\u00e4leniss\u00e4 vahvistui, ett\u00e4 Ven\u00e4j\u00e4 ja Kiina ovat liittoutuneet arktisilla alueilla. Suomen on viisasta nikkaroida ruotsalaisille Nato-sotilaille&hellip;\n","protected":false},"author":2,"featured_media":141595,"comment_status":"","ping_status":"","sticky":false,"template":"","format":"standard","meta":{"footnotes":""},"categories":[14],"tags":[35,802,22,23,26,27,33,31,30,17,24,25,803,28,29,15,18,21,878,2535,32,19,20,2534,56,16,59,60,61],"class_list":{"0":"post-141594","1":"post","2":"type-post","3":"status-publish","4":"format-standard","5":"has-post-thumbnail","7":"category-ulkomaat","8":"tag-24h","9":"tag-armeijat-ja-aseelliset-joukot","10":"tag-breaking-news","11":"tag-breakingnews","12":"tag-featured-news","13":"tag-featurednews","14":"tag-fi","15":"tag-finland","16":"tag-finnish","17":"tag-headlines","18":"tag-latest-news","19":"tag-latestnews","20":"tag-levottomuudet-ja-sodat","21":"tag-main-news","22":"tag-mainnews","23":"tag-news","24":"tag-otsikot","25":"tag-paauutiset","26":"tag-puolustus-ja-rajavalvonta-maanpuolustus","27":"tag-puolustuspolitiikka","28":"tag-suomi","29":"tag-top-stories","30":"tag-topstories","31":"tag-turvallisuuspolitiikka","32":"tag-ulkomaat","33":"tag-uutiset","34":"tag-world","35":"tag-world-news","36":"tag-worldnews"},"share_on_mastodon":{"url":"https:\/\/pubeurope.com\/@fi\/115890428551662692","error":""},"_links":{"self":[{"href":"https:\/\/www.europesays.com\/fi\/wp-json\/wp\/v2\/posts\/141594","targetHints":{"allow":["GET"]}}],"collection":[{"href":"https:\/\/www.europesays.com\/fi\/wp-json\/wp\/v2\/posts"}],"about":[{"href":"https:\/\/www.europesays.com\/fi\/wp-json\/wp\/v2\/types\/post"}],"author":[{"embeddable":true,"href":"https:\/\/www.europesays.com\/fi\/wp-json\/wp\/v2\/users\/2"}],"replies":[{"embeddable":true,"href":"https:\/\/www.europesays.com\/fi\/wp-json\/wp\/v2\/comments?post=141594"}],"version-history":[{"count":0,"href":"https:\/\/www.europesays.com\/fi\/wp-json\/wp\/v2\/posts\/141594\/revisions"}],"wp:featuredmedia":[{"embeddable":true,"href":"https:\/\/www.europesays.com\/fi\/wp-json\/wp\/v2\/media\/141595"}],"wp:attachment":[{"href":"https:\/\/www.europesays.com\/fi\/wp-json\/wp\/v2\/media?parent=141594"}],"wp:term":[{"taxonomy":"category","embeddable":true,"href":"https:\/\/www.europesays.com\/fi\/wp-json\/wp\/v2\/categories?post=141594"},{"taxonomy":"post_tag","embeddable":true,"href":"https:\/\/www.europesays.com\/fi\/wp-json\/wp\/v2\/tags?post=141594"}],"curies":[{"name":"wp","href":"https:\/\/api.w.org\/{rel}","templated":true}]}}