{"id":141596,"date":"2026-01-13T23:39:13","date_gmt":"2026-01-13T23:39:13","guid":{"rendered":"https:\/\/www.europesays.com\/fi\/141596\/"},"modified":"2026-01-13T23:39:13","modified_gmt":"2026-01-13T23:39:13","slug":"isansa-menettaneet-lapset-ovat-kohdanneet-hautausmaalla-porissa-usein-surullisen-nayn-isoaiti-tarttui-toimeen","status":"publish","type":"post","link":"https:\/\/www.europesays.com\/fi\/141596\/","title":{"rendered":"Is\u00e4ns\u00e4 menett\u00e4neet lapset ovat kohdanneet hautausmaalla Porissa usein surullisen n\u00e4yn \u2013 iso\u00e4iti tarttui toimeen"},"content":{"rendered":"<p>Tamara Saarisen vuosi sitten haudatun pojan hautakukat ja -kynttil\u00e4t ovat kadonneet usein K\u00e4pp\u00e4r\u00e4n hautaus\u00admaalta.<\/p>\n<p>13.1. 21:30<\/p>\n<p class=\"article-body mb-nof-24 px-nof-16\">Pori<\/p>\n<p class=\"article-body mb-nof-24 px-nof-16\">Tuorein tapaus on t\u00e4lt\u00e4 vuodelta: <a class=\"font-bold underline-offset-[0.12em] [text-decoration:var(--person-link-text-decoration)] ![text-decoration-color:var(--person-link-text-decoration-color)]\" href=\"https:\/\/www.satakunnankansa.fi\/haku\/?query=Tamara%20Saarisen\" rel=\"nofollow noopener\" target=\"_blank\">Tamara Saarisen<\/a> pojan haudalta K\u00e4pp\u00e4r\u00e4n hautaus\u00admaalta katosi iso pitk\u00e4 lyhty, jonka sis\u00e4ll\u00e4 oli s\u00e4hk\u00f6\u00adkynttil\u00e4sarja.<\/p>\n<p class=\"article-body mb-nof-24 px-nof-16\">Vainajan pojalta oli sininen kynttil\u00e4 ja tytt\u00e4relt\u00e4 punainen, lis\u00e4ksi oli muita pienempi\u00e4.<\/p>\n<p class=\"article-body mb-nof-24 px-nof-16\">\u201dNoin viikko sitten haudalla k\u00e4ydess\u00e4mme huomasimme, ett\u00e4 kaikki on viety\u201d, Saarinen kertoo.<\/p>\n","protected":false},"excerpt":{"rendered":"Tamara Saarisen vuosi sitten haudatun pojan hautakukat ja -kynttil\u00e4t ovat kadonneet usein K\u00e4pp\u00e4r\u00e4n hautaus\u00admaalta. 13.1. 21:30 Pori Tuorein&hellip;\n","protected":false},"author":2,"featured_media":141597,"comment_status":"","ping_status":"","sticky":false,"template":"","format":"standard","meta":{"footnotes":""},"categories":[12],"tags":[22,23,26,27,33,31,30,17,24,25,28,29,15,18,21,80,32,19,20,16],"class_list":{"0":"post-141596","1":"post","2":"type-post","3":"status-publish","4":"format-standard","5":"has-post-thumbnail","7":"category-suomi","8":"tag-breaking-news","9":"tag-breakingnews","10":"tag-featured-news","11":"tag-featurednews","12":"tag-fi","13":"tag-finland","14":"tag-finnish","15":"tag-headlines","16":"tag-latest-news","17":"tag-latestnews","18":"tag-main-news","19":"tag-mainnews","20":"tag-news","21":"tag-otsikot","22":"tag-paauutiset","23":"tag-satakunnan-kansa","24":"tag-suomi","25":"tag-top-stories","26":"tag-topstories","27":"tag-uutiset"},"share_on_mastodon":{"url":"https:\/\/pubeurope.com\/@fi\/115890432467299217","error":""},"_links":{"self":[{"href":"https:\/\/www.europesays.com\/fi\/wp-json\/wp\/v2\/posts\/141596","targetHints":{"allow":["GET"]}}],"collection":[{"href":"https:\/\/www.europesays.com\/fi\/wp-json\/wp\/v2\/posts"}],"about":[{"href":"https:\/\/www.europesays.com\/fi\/wp-json\/wp\/v2\/types\/post"}],"author":[{"embeddable":true,"href":"https:\/\/www.europesays.com\/fi\/wp-json\/wp\/v2\/users\/2"}],"replies":[{"embeddable":true,"href":"https:\/\/www.europesays.com\/fi\/wp-json\/wp\/v2\/comments?post=141596"}],"version-history":[{"count":0,"href":"https:\/\/www.europesays.com\/fi\/wp-json\/wp\/v2\/posts\/141596\/revisions"}],"wp:featuredmedia":[{"embeddable":true,"href":"https:\/\/www.europesays.com\/fi\/wp-json\/wp\/v2\/media\/141597"}],"wp:attachment":[{"href":"https:\/\/www.europesays.com\/fi\/wp-json\/wp\/v2\/media?parent=141596"}],"wp:term":[{"taxonomy":"category","embeddable":true,"href":"https:\/\/www.europesays.com\/fi\/wp-json\/wp\/v2\/categories?post=141596"},{"taxonomy":"post_tag","embeddable":true,"href":"https:\/\/www.europesays.com\/fi\/wp-json\/wp\/v2\/tags?post=141596"}],"curies":[{"name":"wp","href":"https:\/\/api.w.org\/{rel}","templated":true}]}}