{"id":141598,"date":"2026-01-13T23:40:08","date_gmt":"2026-01-13T23:40:08","guid":{"rendered":"https:\/\/www.europesays.com\/fi\/141598\/"},"modified":"2026-01-13T23:40:08","modified_gmt":"2026-01-13T23:40:08","slug":"hammentava-alku-lukon-ja-pelicansin-liigaottelussa-maalintekijan-loukkaantuminen-saikaytti-urheilua-lyhyesti","status":"publish","type":"post","link":"https:\/\/www.europesays.com\/fi\/141598\/","title":{"rendered":"H\u00e4mment\u00e4v\u00e4 alku Lukon ja Pelicansin liiga\u00adottelussa \u2013 maalin\u00adtekij\u00e4n loukkaantuminen s\u00e4ik\u00e4ytti | Urheilua lyhyesti"},"content":{"rendered":"<p class=\"aw-1gybjub aw-5vja16 kEtdKx kmuxyA yle__article__paragraph\">Pelicans nousi tasoihin Raumalla, mutta Lukko-kapteeni Eric Gelinas ratkaisi ottelun jatkoajalla.<\/p>\n<p><img decoding=\"async\" alt=\"Lukkos Eric Gelinas p\u00e5 bytesb\u00e4nken. Han tittar ut \u00f6ver planen.\" src=\"https:\/\/www.europesays.com\/fi\/wp-content\/uploads\/2026\/01\/39-158076169669d7533da9.jpeg\" class=\"aw-1l9m598 hKVVvP\"\/><\/p>\n<p>Avaa kuvien katselu<\/p>\n<p>Lukon Eric Gelinas ratkaisi ottelun jatkoajalla. Arkistokuva. Kuva: All Over Press<\/p>\n<p class=\"aw-1gybjub aw-1p7kakr kEtdKx cEmitX yle__article__paragraph\">Lukko ja Pelicans j\u00e4rjestiv\u00e4t tiistaina liigakierroksen ainoaan otteluun viihdett\u00e4 heti Raumalla pelatun koitoksen avauser\u00e4ss\u00e4. Kaikki ottelun nelj\u00e4 ensimm\u00e4ist\u00e4 maalia kohti lauottua laukausta upposivat maaliin koti- ja vierasmaaleilla torjuneiden <strong class=\"aw-ak79eh KyCXm yle__article__strong\">Daniel Salosen<\/strong> ja <strong class=\"aw-ak79eh KyCXm yle__article__strong\">Patrik Bartosakin<\/strong> ohitse.<\/p>\n<p class=\"aw-1gybjub aw-1p7kakr kEtdKx cEmitX yle__article__paragraph\">Lopulta Lukko voitti jatkoajalle venyneen ottelun 4\u20133.<\/p>\n<p class=\"aw-1gybjub aw-1p7kakr kEtdKx cEmitX yle__article__paragraph\">Pelicans osui ensimm\u00e4isess\u00e4 er\u00e4ss\u00e4 jo avausminuutilla, mutta Lukko kuritti er\u00e4n aikana Bartosakia kolmella maalilla. T\u0161ekkivahti kirjautti er\u00e4\u00e4n lopulta vain nelj\u00e4 torjuntaa.<\/p>\n<p class=\"aw-1gybjub aw-1p7kakr kEtdKx cEmitX yle__article__paragraph\">Lukko hallitsi peli\u00e4 alussa, mutta p\u00e4\u00e4sti otteen kirpoamaan. Lukon paketti meni sekaisin koko hallin hiljent\u00e4neess\u00e4 loukkaantumistilanteessa.<\/p>\n<p class=\"aw-1gybjub aw-1p7kakr kEtdKx cEmitX yle__article__paragraph\">Lukolle 2\u20131-maalin tehnyt hy\u00f6kk\u00e4\u00e4j\u00e4 <strong class=\"aw-ak79eh KyCXm yle__article__strong\">Alex Beaucage<\/strong> sai kovan iskun p\u00e4\u00e4h\u00e4ns\u00e4, kun h\u00e4nt\u00e4 kovassa vauhdissa taklannut <strong class=\"aw-ak79eh KyCXm yle__article__strong\">Miro V\u00e4\u00e4n\u00e4nen<\/strong> kaatui l\u00e4hes koko painollaan kanadalaisen p\u00e4\u00e4n p\u00e4\u00e4lle taklauksen j\u00e4lkeen.<\/p>\n<p class=\"aw-1gybjub aw-1p7kakr kEtdKx cEmitX yle__article__paragraph\">Tilannetta ei tulkittu tahalliseksi.<\/p>\n<p class=\"aw-1gybjub aw-1p7kakr kEtdKx cEmitX yle__article__paragraph\">Beaucage j\u00e4i makaamaan j\u00e4\u00e4n pintaan pitk\u00e4ksi aikaa, kunnes h\u00e4net talutettiin ontuen pukukoppiin.<\/p>\n<p><img decoding=\"async\" alt=\"Alex Beaucage loukkaantui Pelicans-ottelussa.\" src=\"https:\/\/www.europesays.com\/fi\/wp-content\/uploads\/2026\/01\/39-158076269669de4eeb29.jpeg\" loading=\"lazy\" class=\"aw-1l9m598 hKVVvP\"\/><\/p>\n<p>Avaa kuvien katselu<\/p>\n<p>Alex Beaucage makasi pitk\u00e4\u00e4n j\u00e4\u00e4ss\u00e4 ja halli hiljeni. Lopulta h\u00e4n poistui omin jaloin pukukoppiin.  Kuva: Elmeri Elo \/ All Over Press<\/p>\n<p class=\"aw-1gybjub aw-1p7kakr kEtdKx cEmitX yle__article__paragraph\">Tehohy\u00f6kk\u00e4\u00e4j\u00e4n j\u00e4tetty\u00e4 ottelun kesken Lukon tuloksenteko tyss\u00e4si, ja lahtelaiset nousivat hiljalleen takaisin otteluun.<\/p>\n<p class=\"aw-1gybjub aw-1p7kakr kEtdKx cEmitX yle__article__paragraph\"><strong class=\"aw-ak79eh KyCXm yle__article__strong\">Einari Luhanka<\/strong> ja <strong class=\"aw-ak79eh KyCXm yle__article__strong\">Daniel Nieminen<\/strong> toivat ottelun tasoihin toisen ja kolmannen er\u00e4n osumillaan, mik\u00e4 her\u00e4tti Lukon j\u00e4lleen horroksestaan.<\/p>\n<p class=\"aw-1gybjub aw-1p7kakr kEtdKx cEmitX yle__article__paragraph\">Raumalaiset rummuttivat p\u00e4\u00e4t\u00f6ser\u00e4ss\u00e4 Bartosakin maalia 13 laukauksella, mutta lis\u00e4maaleja ei n\u00e4hty. Edess\u00e4 oli jatkoaika.<\/p>\n<p class=\"aw-1gybjub aw-1p7kakr kEtdKx cEmitX yle__article__paragraph\">Lukko-kapteeni <strong class=\"aw-ak79eh KyCXm yle__article__strong\">Eric Gelinas<\/strong> jatkoi joukkueensa vahvaa tuloskuntoa iskem\u00e4ll\u00e4 ottelun voittomaalin ajassa 61.24. Puolustaja Gelinas l\u00f6i <strong class=\"aw-ak79eh KyCXm yle__article__strong\">Antoine Morandin<\/strong> laukauksesta kimmonneen irtokiekon maaliin takatolpalta, ja Lukko ker\u00e4si lis\u00e4pisteen itselleen.<\/p>\n<p class=\"aw-1gybjub aw-1p7kakr kEtdKx cEmitX yle__article__paragraph\">Lukko on pelannut varsinaisen peliajan j\u00e4lkeen kuudesti kauden aikana ja h\u00e4vinnyt jatkoajalla vain kerran.<\/p>\n<p class=\"aw-1gybjub aw-1p7kakr kEtdKx cEmitX yle__article__paragraph\">Sarjataulukko l\u00f6ytyy <a class=\"aw-iao6s4 iHOxEa yle__article__link\" href=\"https:\/\/yle.fi\/aihe\/tekstitv?P=222\" role=\"link\" rel=\"nofollow noopener\" target=\"_blank\">t\u00e4st\u00e4 linkist\u00e4<\/a> (teksti-tv).<\/p>\n","protected":false},"excerpt":{"rendered":"Pelicans nousi tasoihin Raumalla, mutta Lukko-kapteeni Eric Gelinas ratkaisi ottelun jatkoajalla. Avaa kuvien katselu Lukon Eric Gelinas ratkaisi&hellip;\n","protected":false},"author":2,"featured_media":141599,"comment_status":"","ping_status":"","sticky":false,"template":"","format":"standard","meta":{"footnotes":""},"categories":[5],"tags":[22,23,26,27,33,31,30,17,1143,24,25,28,29,15,18,21,9083,10200,2973,32,19,20,16],"class_list":{"0":"post-141598","1":"post","2":"type-post","3":"status-publish","4":"format-standard","5":"has-post-thumbnail","7":"category-otsikot","8":"tag-breaking-news","9":"tag-breakingnews","10":"tag-featured-news","11":"tag-featurednews","12":"tag-fi","13":"tag-finland","14":"tag-finnish","15":"tag-headlines","16":"tag-jaakiekko","17":"tag-latest-news","18":"tag-latestnews","19":"tag-main-news","20":"tag-mainnews","21":"tag-news","22":"tag-otsikot","23":"tag-paauutiset","24":"tag-pelicans-jaakiekon-miesten-liiga","25":"tag-rauman-lukko","26":"tag-sm-liiga","27":"tag-suomi","28":"tag-top-stories","29":"tag-topstories","30":"tag-uutiset"},"share_on_mastodon":{"url":"https:\/\/pubeurope.com\/@fi\/115890436386309454","error":""},"_links":{"self":[{"href":"https:\/\/www.europesays.com\/fi\/wp-json\/wp\/v2\/posts\/141598","targetHints":{"allow":["GET"]}}],"collection":[{"href":"https:\/\/www.europesays.com\/fi\/wp-json\/wp\/v2\/posts"}],"about":[{"href":"https:\/\/www.europesays.com\/fi\/wp-json\/wp\/v2\/types\/post"}],"author":[{"embeddable":true,"href":"https:\/\/www.europesays.com\/fi\/wp-json\/wp\/v2\/users\/2"}],"replies":[{"embeddable":true,"href":"https:\/\/www.europesays.com\/fi\/wp-json\/wp\/v2\/comments?post=141598"}],"version-history":[{"count":0,"href":"https:\/\/www.europesays.com\/fi\/wp-json\/wp\/v2\/posts\/141598\/revisions"}],"wp:featuredmedia":[{"embeddable":true,"href":"https:\/\/www.europesays.com\/fi\/wp-json\/wp\/v2\/media\/141599"}],"wp:attachment":[{"href":"https:\/\/www.europesays.com\/fi\/wp-json\/wp\/v2\/media?parent=141598"}],"wp:term":[{"taxonomy":"category","embeddable":true,"href":"https:\/\/www.europesays.com\/fi\/wp-json\/wp\/v2\/categories?post=141598"},{"taxonomy":"post_tag","embeddable":true,"href":"https:\/\/www.europesays.com\/fi\/wp-json\/wp\/v2\/tags?post=141598"}],"curies":[{"name":"wp","href":"https:\/\/api.w.org\/{rel}","templated":true}]}}