{"id":141600,"date":"2026-01-13T23:52:09","date_gmt":"2026-01-13T23:52:09","guid":{"rendered":"https:\/\/www.europesays.com\/fi\/141600\/"},"modified":"2026-01-13T23:52:09","modified_gmt":"2026-01-13T23:52:09","slug":"biisonimafian-janne-kaperi-42-on-nyt-poikavauvan-isa-han-vaikuttaa-aika-lunkilta-tyypilta-paikalliset","status":"publish","type":"post","link":"https:\/\/www.europesays.com\/fi\/141600\/","title":{"rendered":"Biisonimafian Janne Kaperi, 42, on nyt poikavauvan is\u00e4 \u2013 &#8221;H\u00e4n vaikuttaa aika lunkilta tyypilt\u00e4&#8221; | Paikalliset"},"content":{"rendered":"<p>Janne Kaperi asuu Punkaharjulla vaimonsa, poikansa ja Lystin, 7-vuotiaan dalmatialaisen kanssa.<\/p>\n<p>Biisonimafiasta tuttu punkaharjulainen <strong>Janne Kaperi<\/strong>, 42, kaipasi el\u00e4m\u00e4\u00e4ns\u00e4 uutta pitk\u00e4aikaista projektia, ja nyt se on h\u00e4nell\u00e4 k\u00e4siss\u00e4\u00e4n: Peikkopoika, joka sai kasteessa nimekseen<strong> Eliel Alvar Kaperi<\/strong>.<\/p>\n<p>Janne Kaperi perusti yrityksen <strong>Kai &#8221;Kaitsu&#8221; Rinkisen<\/strong> kanssa vuonna 2006, ja stunt- ja komediaryhm\u00e4 Biisonimafian suurena projektina oli saada tehty\u00e4 elokuva, joka esitett\u00e4isiin elokuvateatterissa. Lopulta 16 vuoden uurastuksen j\u00e4lkeen haave toteutuikin, ja seuraavaa projektia miettiess\u00e4\u00e4n Kaperi pohti, mik\u00e4 olisi niin mielek\u00e4st\u00e4, ett\u00e4 sen kanssa voisi varautua viett\u00e4m\u00e4\u00e4n ainakin seuraavat 16 vuotta. Vastaus oli selke\u00e4.<\/p>\n<p>\u2013\u2009T\u00e4mm\u00f6isen kaverin kanssa aika menee kuin siivill\u00e4. ja puuhaa varmaan riitt\u00e4\u00e4.<\/p>\n<p>\t\t<a class=\"diks-gallery__link\" href=\"https:\/\/i.media.fi\/incoming\/q9dze6\/11205055.jpg\/alternates\/FREE_1440\/11205055.jpg\" data-thumbnail=\"\" data-sub-html=\"7-vuotias dalmatialainen Lysti on joutunut valvomaan vauvan kanssa, mutta on p\u00e4\u00e4ssyt v\u00e4lill\u00e4 my\u00f6s hoitoon lep\u00e4\u00e4m\u00e4\u00e4n. Veera Salminen\" aria-label=\"Katso isompi kuva\" rel=\"nofollow noopener\" target=\"_blank\"><br \/>\n\t\t\t\t<img class=\"diks-figure__image\" src=\"https:\/\/www.europesays.com\/fi\/wp-content\/uploads\/2026\/01\/11205055.jpg\" loading=\"lazy\" decoding=\"sync\" alt=\"\"\/><\/p>\n<p>\t\t\t<\/a><br \/>\n\t\t\t\t\t7-vuotias dalmatialainen Lysti on joutunut valvomaan vauvan kanssa, mutta on p\u00e4\u00e4ssyt v\u00e4lill\u00e4 my\u00f6s hoitoon lep\u00e4\u00e4m\u00e4\u00e4n. Veera Salminen<\/p>\n","protected":false},"excerpt":{"rendered":"Janne Kaperi asuu Punkaharjulla vaimonsa, poikansa ja Lystin, 7-vuotiaan dalmatialaisen kanssa. Biisonimafiasta tuttu punkaharjulainen Janne Kaperi, 42, kaipasi&hellip;\n","protected":false},"author":2,"featured_media":141601,"comment_status":"","ping_status":"","sticky":false,"template":"","format":"standard","meta":{"footnotes":""},"categories":[136],"tags":[407,137,33,31,30,12149,408,99,100,4596,98,32,1461,109],"class_list":{"0":"post-141600","1":"post","2":"type-post","3":"status-publish","4":"format-standard","5":"has-post-thumbnail","7":"category-julkkikset","8":"tag-celebrities","9":"tag-entertainment","10":"tag-fi","11":"tag-finland","12":"tag-finnish","13":"tag-haaveissa-vauva","14":"tag-julkkikset","15":"tag-lapset","16":"tag-lapset-ja-nuoret","17":"tag-nukkuminen","18":"tag-perhe","19":"tag-suomi","20":"tag-vauva","21":"tag-viihde"},"share_on_mastodon":{"url":"https:\/\/pubeurope.com\/@fi\/115890483564192708","error":""},"_links":{"self":[{"href":"https:\/\/www.europesays.com\/fi\/wp-json\/wp\/v2\/posts\/141600","targetHints":{"allow":["GET"]}}],"collection":[{"href":"https:\/\/www.europesays.com\/fi\/wp-json\/wp\/v2\/posts"}],"about":[{"href":"https:\/\/www.europesays.com\/fi\/wp-json\/wp\/v2\/types\/post"}],"author":[{"embeddable":true,"href":"https:\/\/www.europesays.com\/fi\/wp-json\/wp\/v2\/users\/2"}],"replies":[{"embeddable":true,"href":"https:\/\/www.europesays.com\/fi\/wp-json\/wp\/v2\/comments?post=141600"}],"version-history":[{"count":0,"href":"https:\/\/www.europesays.com\/fi\/wp-json\/wp\/v2\/posts\/141600\/revisions"}],"wp:featuredmedia":[{"embeddable":true,"href":"https:\/\/www.europesays.com\/fi\/wp-json\/wp\/v2\/media\/141601"}],"wp:attachment":[{"href":"https:\/\/www.europesays.com\/fi\/wp-json\/wp\/v2\/media?parent=141600"}],"wp:term":[{"taxonomy":"category","embeddable":true,"href":"https:\/\/www.europesays.com\/fi\/wp-json\/wp\/v2\/categories?post=141600"},{"taxonomy":"post_tag","embeddable":true,"href":"https:\/\/www.europesays.com\/fi\/wp-json\/wp\/v2\/tags?post=141600"}],"curies":[{"name":"wp","href":"https:\/\/api.w.org\/{rel}","templated":true}]}}