{"id":141604,"date":"2026-01-14T00:00:12","date_gmt":"2026-01-14T00:00:12","guid":{"rendered":"https:\/\/www.europesays.com\/fi\/141604\/"},"modified":"2026-01-14T00:00:12","modified_gmt":"2026-01-14T00:00:12","slug":"vankilassa-lusiva-sean-diddy-combs-myi-yksityiskoneensa","status":"publish","type":"post","link":"https:\/\/www.europesays.com\/fi\/141604\/","title":{"rendered":"Vankilassa lusiva Sean &#8221;Diddy&#8221; Combs myi yksityiskoneensa"},"content":{"rendered":"<p>            All Over Press\n        <\/p>\n<p class=\"subtitle \">Telkien takana lusiva Diddy on joutunut luopumaan rippeist\u00e4 entisest\u00e4 el\u00e4m\u00e4st\u00e4\u00e4n.<\/p>\n<p class=\"article-content article-content-width !bg-background\">R\u00e4pp\u00e4ri , 56,\u00a0tuomittiin lokakuun alussa nelj\u00e4ksi vuodeksi ja kahdeksi kuukaudeksi vankeuteen.<\/p>\n<p class=\"font-weight-bold m-font-weight-bold article-content article-content-width !bg-background\">Katso video: Diddy tunnistamattomana vankilassa<\/p>\n<p class=\"article-content article-content-width !bg-background\">H\u00e4net m\u00e4\u00e4r\u00e4ttiin my\u00f6s maksamaan 500\u202f000 dollaria sakkoa sek\u00e4 osallistumaan hoito\u2011 ja kuntoutusohjelmiin mielenterveys\u2011 ja p\u00e4ihdeongelmiensa vuoksi. Diddy\u00e4 syytettiin esimerkiksi ihmiskaupasta ja kiristyksest\u00e4, mutta lopulta h\u00e4net tuomittiin syylliseksi prostituutioon liittyvist\u00e4 syytekohdista.<\/p>\n<p class=\"article-content article-content-width !bg-background\">Ennen tuomion julistamista Combs pyysi anteeksi entisilt\u00e4 tytt\u00f6yst\u00e4vilt\u00e4\u00e4n, yst\u00e4vilt\u00e4\u00e4n ja perheelt\u00e4\u00e4n, kutsuen k\u00e4yt\u00f6st\u00e4\u00e4n inhottavaksi, h\u00e4pe\u00e4lliseksi ja sairaaksi. H\u00e4n sanoi, ett\u00e4 h\u00e4nen lapsensa ansaitsevat parempaa ja ett\u00e4 h\u00e4n oli ep\u00e4onnistunut \u00e4itins\u00e4 poikana.<\/p>\n<p>        <a itemprop=\"url\" href=\"https:\/\/www.seiska.fi\/ulkomaat\/shokkikuvat-julki-telkien-takana-lusivaa-sean-diddy-combsia-ei-enaa-tunnista\/2003425\" rel=\"nofollow noopener\" target=\"_blank\"><\/p>\n<p>\nR\u00f6t\u00f6sr\u00e4pp\u00e4ri telkien takana\n<\/p>\n<p class=\"section-date\">\n        <strong class=\"article-section\" data-section=\"ulkomaat\"><br \/>\n            ulkomaat<br \/>\n        <\/strong><br \/>\n        3.12.2025 20:00\n    <\/p>\n<p>Shokkikuvat julki! Telkien takana lusivaa Sean &#8221;Diddy&#8221; Combsia ei en\u00e4\u00e4 tunnista\n    <\/p>\n<p itemprop=\"description\" class=\"subtitle \">\n    Sean Combs tuomittiin lokakuun alussa nelj\u00e4ksi vuodeksi ja kahdeksi kuukaudeksi vankeuteen.\n<\/p>\n<p>        <\/a><\/p>\n<p>Miljoonakaupat<\/p>\n<p class=\"article-content article-content-width !bg-background\">Diddy on viime kuukaudet lusinut vankilassa ja tottunut uudenlaiseen arkeen. Joulukuussa yhdysvaltalaismedia TMZ julkaisi salaa kuvattuja videop\u00e4tki\u00e4, joissa Combs n\u00e4kyy ty\u00f6skentelem\u00e4ss\u00e4 kaltereiden takana. Videoilla musiikkimoguli p\u00e4\u00e4tt\u00e4\u00e4 ty\u00f6p\u00e4iv\u00e4\u00e4ns\u00e4 Fort Dixin kappelissa sijaitsevassa kirjastossa. <\/p>\n<p class=\"article-content article-content-width !bg-background\">Nyt <a href=\"https:\/\/people.com\/sean-diddy-combs-sells-his-matte-black-private-jet-six-months-after-federal-sex-crimes-convictions-11884151\" target=\"_blank\" rel=\"nofollow noopener\">People<\/a> paljastaa, ett\u00e4 r\u00e4pp\u00e4ri on tehnyt suuria valintoja yksityisel\u00e4m\u00e4ss\u00e4\u00e4n ennen vankilaan astumista ja luopunut t\u00e4rke\u00e4st\u00e4 kulkupelist\u00e4\u00e4n. H\u00e4n on myynyt mattamustan Gulfstream G550 -yksityiskoneensa. Kaupat ovat tapahtuneet jo lokakuussa.<\/p>\n<p class=\"article-content article-content-width !bg-background\">Yksityisilmailuyhti\u00f6 Silver Air Private Jetsin edustaja, joka aiemmin hallinnoi kyseisen koneen tilauslentoja, kertoo Peoplelle, etteiv\u00e4t he en\u00e4\u00e4 hallinnoi konetta. Heid\u00e4n yhteisty\u00f6ns\u00e4 p\u00e4\u00e4ttyi lokakuussa 2025 omistajanvaihdoksen my\u00f6t\u00e4.<\/p>\n<p>        <a itemprop=\"url\" href=\"https:\/\/www.seiska.fi\/ulkomaat\/sean-diddy-combsin-vankilatuomio-varmistui-nain-rappari-reagoi\/1951603\" rel=\"nofollow noopener\" target=\"_blank\"><\/p>\n<p>\nSean &#8221;Diddy&#8221; Combs\n<\/p>\n<p class=\"section-date\">\n        <strong class=\"article-section\" data-section=\"ulkomaat\"><br \/>\n            ulkomaat<br \/>\n        <\/strong><br \/>\n        4.10.2025 13:33\n    <\/p>\n<p>Sean &#8221;Diddy&#8221; Combsin vankilatuomio varmistui &#8211; n\u00e4in r\u00e4pp\u00e4ri reagoi\n    <\/p>\n<p itemprop=\"description\" class=\"subtitle \">\n    R\u00e4pp\u00e4rille m\u00e4\u00e4r\u00e4ttiin my\u00f6s p\u00e4ihde &#8211; ja mielenterveyshoitoa.\n<\/p>\n<p>        <\/a><\/p>\n<p class=\"article-content article-content-width !bg-background\">Yhdysvaltain ilmailuviranomaisen rekisterit vahvistavat, ett\u00e4 Gulfstream G550, joka kuului aiemmin Combsin yhti\u00f6lle LoveAir LLC:lle, oli aiemmin rekister\u00f6ity tunnuksella N1969C. Kyseinen tunnus ei en\u00e4\u00e4 kuulu koneelle. Uusi tunnus on T7-OKS, mik\u00e4 tarkoittaa, ett\u00e4 kone on nyt rekister\u00f6ity San Marinoon.<\/p>\n<p class=\"article-content article-content-width !bg-background\">Koneen myyntihintaa ei ole julkistettu, mutta vastaavat mallit maksavat 15\u201330 miljoonaa dollaria.<\/p>\n<p>                <img decoding=\"async\" src=\"https:\/\/www.europesays.com\/fi\/wp-content\/uploads\/2026\/01\/2044992.webp.jpeg\" width=\"576\" height=\"672\" alt=\"Joulukuussa julki tulivat uudet videot vankilassa lusivasta Diddyst\u00e4. Harmaahapsista r\u00e4pp\u00e4ri\u00e4 ei ole en\u00e4\u00e4 tunnistaa.\" loading=\"lazy\" \/>            <\/p>\n<p>\n            Joulukuussa julki tulivat uudet videot vankilassa lusivasta Diddyst\u00e4. Harmaahapsista r\u00e4pp\u00e4ri\u00e4 ei ole en\u00e4\u00e4 tunnistaa.<br \/>\n            All Over Press\n        <\/p>\n<p>Ei paikkaa kodin vertaista<\/p>\n<p class=\"article-content article-content-width !bg-background\">Vuonna 2015 rakennettu suihkukone on mattamusta ulkopuolelta ja beigen s\u00e4vyinen sis\u00e4lt\u00e4. Koneessa on tilaa 14 matkustajalle.<\/p>\n<p class=\"article-content article-content-width !bg-background\">Combs kuvattiin usein nousemassa r\u00e4\u00e4t\u00e4l\u00f6ityyn mattamustaan koneeseensa kuukausina ennen pid\u00e4tyst\u00e4\u00e4n.<\/p>\n<p class=\"article-content article-content-width !bg-background\">Maaliskuussa 2024 h\u00e4nen yksityiskoneensa lensi Kaliforniasta Antigualle samaan aikaan, kun liittovaltion viranomaiset tekiv\u00e4t ratsioita h\u00e4nen koteihinsa Los Angelesissa ja Miamissa.<\/p>\n<p>        <a itemprop=\"url\" href=\"https:\/\/www.seiska.fi\/ulkomaat\/justin-bieber-rikkoi-vihdoin-hiljaisuuden-kommentoi-diddy-huhuja\/1704280\" rel=\"nofollow noopener\" target=\"_blank\"><\/p>\n<p>\nRikkoi hiljaisuuden Diddyst\u00e4\n<\/p>\n<p class=\"section-date\">\n        <strong class=\"article-section\" data-section=\"ulkomaat\"><br \/>\n            ulkomaat<br \/>\n        <\/strong><br \/>\n        16.5.2025 11:39\n    <\/p>\n<p>Justin Bieber rikkoi vihdoin hiljaisuuden \u2013 kommentoi Diddy-huhuja\n    <\/p>\n<p itemprop=\"description\" class=\"subtitle \">\n    Viime vuonna sosiaalisessa mediassa levisi vanha video, joka aiheutti huhumyllyn siit\u00e4, ett\u00e4 Justin Bieber olisi yksi seksuaalisista hyv\u00e4ksik\u00e4yt\u00f6ist\u00e4 syytetyn r\u00e4pp\u00e4ri Sean &#8221;Diddy&#8221; Combsin uhreista.\n<\/p>\n<p>        <\/a><\/p>\n<p class=\"article-content article-content-width !bg-background\">Muutamaa kuukautta my\u00f6hemmin Combs julkaisi Instagram-tarinoissaan videon, jossa h\u00e4n nousi yksityiskoneeseensa.<\/p>\n<p class=\"article-content article-content-width !bg-background\">Videolla Combs kuvasi itse\u00e4\u00e4n k\u00e4velem\u00e4ss\u00e4 kohti konetta ja tervehtim\u00e4ss\u00e4 henkil\u00f6kuntaa. Portaiden juurella n\u00e4kyi kustomoitu Combs Air -matto.<\/p>\n<p class=\"article-content article-content-width !bg-background\"> \u2013 Ei paikkaa kodin vertaista, h\u00e4n sanoi videon lopussa.<\/p>\n<p>                <img decoding=\"async\" src=\"https:\/\/www.europesays.com\/fi\/wp-content\/uploads\/2026\/01\/2044995.webp.jpeg\" width=\"576\" height=\"322\" alt=\"Diddy on kotiutunut vankilaan ja luopunut entisen el\u00e4m\u00e4n rippeist\u00e4\u00e4n, kuten rakkaasta yksityiskoneestaan.\" loading=\"lazy\" \/>            <\/p>\n<p>\n            Diddy on kotiutunut vankilaan ja luopunut entisen el\u00e4m\u00e4n rippeist\u00e4\u00e4n, kuten rakkaasta yksityiskoneestaan.<br \/>\n            All Over Press\n        <\/p>\n","protected":false},"excerpt":{"rendered":"All Over Press Telkien takana lusiva Diddy on joutunut luopumaan rippeist\u00e4 entisest\u00e4 el\u00e4m\u00e4st\u00e4\u00e4n. R\u00e4pp\u00e4ri , 56,\u00a0tuomittiin lokakuun alussa&hellip;\n","protected":false},"author":2,"featured_media":141605,"comment_status":"","ping_status":"","sticky":false,"template":"","format":"standard","meta":{"footnotes":""},"categories":[130],"tags":[137,33,31,30,8983,212,1240,38,12973,12974,32,19459,1189,109,24376],"class_list":{"0":"post-141604","1":"post","2":"type-post","3":"status-publish","4":"format-standard","5":"has-post-thumbnail","7":"category-viihde","8":"tag-entertainment","9":"tag-fi","10":"tag-finland","11":"tag-finnish","12":"tag-lentokone","13":"tag-lifestyle","14":"tag-raha","15":"tag-rikos","16":"tag-sean-combs","17":"tag-sean-diddy-combs","18":"tag-suomi","19":"tag-vankeustuomio","20":"tag-vankila","21":"tag-viihde","22":"tag-yksityiskone"},"share_on_mastodon":{"url":"https:\/\/pubeurope.com\/@fi\/115890515015777062","error":""},"_links":{"self":[{"href":"https:\/\/www.europesays.com\/fi\/wp-json\/wp\/v2\/posts\/141604","targetHints":{"allow":["GET"]}}],"collection":[{"href":"https:\/\/www.europesays.com\/fi\/wp-json\/wp\/v2\/posts"}],"about":[{"href":"https:\/\/www.europesays.com\/fi\/wp-json\/wp\/v2\/types\/post"}],"author":[{"embeddable":true,"href":"https:\/\/www.europesays.com\/fi\/wp-json\/wp\/v2\/users\/2"}],"replies":[{"embeddable":true,"href":"https:\/\/www.europesays.com\/fi\/wp-json\/wp\/v2\/comments?post=141604"}],"version-history":[{"count":0,"href":"https:\/\/www.europesays.com\/fi\/wp-json\/wp\/v2\/posts\/141604\/revisions"}],"wp:featuredmedia":[{"embeddable":true,"href":"https:\/\/www.europesays.com\/fi\/wp-json\/wp\/v2\/media\/141605"}],"wp:attachment":[{"href":"https:\/\/www.europesays.com\/fi\/wp-json\/wp\/v2\/media?parent=141604"}],"wp:term":[{"taxonomy":"category","embeddable":true,"href":"https:\/\/www.europesays.com\/fi\/wp-json\/wp\/v2\/categories?post=141604"},{"taxonomy":"post_tag","embeddable":true,"href":"https:\/\/www.europesays.com\/fi\/wp-json\/wp\/v2\/tags?post=141604"}],"curies":[{"name":"wp","href":"https:\/\/api.w.org\/{rel}","templated":true}]}}