{"id":141607,"date":"2026-01-14T00:04:17","date_gmt":"2026-01-14T00:04:17","guid":{"rendered":"https:\/\/www.europesays.com\/fi\/141607\/"},"modified":"2026-01-14T00:04:17","modified_gmt":"2026-01-14T00:04:17","slug":"lapsia-kuolee-yha-vakivaltaisuuksissa-gazassa","status":"publish","type":"post","link":"https:\/\/www.europesays.com\/fi\/141607\/","title":{"rendered":"Lapsia kuolee yh\u00e4 v\u00e4kivaltaisuuksissa Gazassa"},"content":{"rendered":"<p><strong class=\"typography-bold\">Tulitauko ei ole lopettanut lasten v\u00e4kivaltaisia kuolemia Gazassa.<\/strong><\/p>\n<p>Gazan kaistalla on kuollut ainakin sata lasta ilmaiskuissa ja v\u00e4kivaltaisuuksissa sen j\u00e4lkeen, kun alueella solmittiin tulitauko. Asiasta kertoo YK:n lastenj\u00e4rjest\u00f6 Unicef.<\/p>\n<p>Unicefin tiedottaja<strong class=\"typography-bold\"> James Elder<\/strong> sanoo, ett\u00e4 l\u00e4hes p\u00e4ivitt\u00e4in yksi lapsi on kuollut Gazassa tulitauon alettua. Elderin mukaan lapsia on kuollut esimerkiksi ilmaiskuissa, lennokki-iskuissa ja panssarivaunujen tulituksessa.<\/p>\n<p>Elder sanoi, ett\u00e4 lapset el\u00e4v\u00e4t Gazassa pelossa ja henkisi\u00e4 vammoja ei ole voitu hoitaa. H\u00e4n huomautti, ett\u00e4 henkisten vammojen hoitaminen on vaikeampaa, mit\u00e4 kauemmin nykyinen tilanne jatkuu.<\/p>\n<p>YK:n tietojen mukaan l\u00e4hes 80 prosenttia Gazan rakennuskannasta on tuhoutunut tai vaurioitunut Israelin ilma- ja maahy\u00f6kk\u00e4yksiss\u00e4.<\/p>\n<p>Israel ja \u00e4\u00e4rij\u00e4rjest\u00f6 Hamas solmivat lokakuun alussa aselevon Gazaan.<\/p>\n<p><strong class=\"typography-bold\">Lue my\u00f6s: <\/strong><a class=\"cursor-pointer underline\" data-testid=\"internal-link\" role=\"link\" data-sentry-element=\"Link\" data-sentry-component=\"InternalLink\" data-sentry-source-file=\"InternalLink.tsx\" href=\"https:\/\/www.mtvuutiset.fi\/artikkeli\/sairaala-gazassa-sulki-lahes-kaikki-toimintonsa-polttoainepulassa\/9274984\" rel=\"nofollow noopener\" target=\"_blank\"><strong class=\"typography-bold\">Sairaala Gazassa sulki l\u00e4hes kaikki toimintonsa polttoainepulan vuoksi<\/strong><\/a><a class=\"cursor-pointer underline\" data-testid=\"internal-link\" role=\"link\" data-sentry-element=\"Link\" data-sentry-component=\"InternalLink\" data-sentry-source-file=\"InternalLink.tsx\" href=\"https:\/\/www.mtvuutiset.fi\/artikkeli\/yk-israel-jatkaa-laitonta-toimintaansa-ennatystahdilla\/9269984\" rel=\"nofollow noopener\" target=\"_blank\"><strong class=\"typography-bold\">YK: Israel jatkaa laitonta toimintaa enn\u00e4tystahdilla<\/strong><\/a><a class=\"cursor-pointer underline\" data-testid=\"internal-link\" role=\"link\" data-sentry-element=\"Link\" data-sentry-component=\"InternalLink\" data-sentry-source-file=\"InternalLink.tsx\" href=\"https:\/\/www.mtvuutiset.fi\/artikkeli\/israelin-puolustusministeri-israel-ei-vetaydy-taysin-gazasta-vaan-perustaa-sinne-uusia-siirtokuntia\/9274474\" rel=\"nofollow noopener\" target=\"_blank\"><strong class=\"typography-bold\">Israelin puolustusministeri: Israel ei koskaan t\u00e4ysin vet\u00e4ydy Gazasta, perustaa sinne my\u00f6s uusia siirtokuntia<\/strong><\/a><\/p>\n","protected":false},"excerpt":{"rendered":"Tulitauko ei ole lopettanut lasten v\u00e4kivaltaisia kuolemia Gazassa. Gazan kaistalla on kuollut ainakin sata lasta ilmaiskuissa ja v\u00e4kivaltaisuuksissa&hellip;\n","protected":false},"author":2,"featured_media":141608,"comment_status":"","ping_status":"","sticky":false,"template":"","format":"standard","meta":{"footnotes":""},"categories":[14],"tags":[22,23,26,27,33,31,30,17,24,25,28,29,15,18,21,32,19,20,56,16,59,60,61],"class_list":{"0":"post-141607","1":"post","2":"type-post","3":"status-publish","4":"format-standard","5":"has-post-thumbnail","7":"category-ulkomaat","8":"tag-breaking-news","9":"tag-breakingnews","10":"tag-featured-news","11":"tag-featurednews","12":"tag-fi","13":"tag-finland","14":"tag-finnish","15":"tag-headlines","16":"tag-latest-news","17":"tag-latestnews","18":"tag-main-news","19":"tag-mainnews","20":"tag-news","21":"tag-otsikot","22":"tag-paauutiset","23":"tag-suomi","24":"tag-top-stories","25":"tag-topstories","26":"tag-ulkomaat","27":"tag-uutiset","28":"tag-world","29":"tag-world-news","30":"tag-worldnews"},"share_on_mastodon":{"url":"https:\/\/pubeurope.com\/@fi\/115890530704894075","error":""},"_links":{"self":[{"href":"https:\/\/www.europesays.com\/fi\/wp-json\/wp\/v2\/posts\/141607","targetHints":{"allow":["GET"]}}],"collection":[{"href":"https:\/\/www.europesays.com\/fi\/wp-json\/wp\/v2\/posts"}],"about":[{"href":"https:\/\/www.europesays.com\/fi\/wp-json\/wp\/v2\/types\/post"}],"author":[{"embeddable":true,"href":"https:\/\/www.europesays.com\/fi\/wp-json\/wp\/v2\/users\/2"}],"replies":[{"embeddable":true,"href":"https:\/\/www.europesays.com\/fi\/wp-json\/wp\/v2\/comments?post=141607"}],"version-history":[{"count":0,"href":"https:\/\/www.europesays.com\/fi\/wp-json\/wp\/v2\/posts\/141607\/revisions"}],"wp:featuredmedia":[{"embeddable":true,"href":"https:\/\/www.europesays.com\/fi\/wp-json\/wp\/v2\/media\/141608"}],"wp:attachment":[{"href":"https:\/\/www.europesays.com\/fi\/wp-json\/wp\/v2\/media?parent=141607"}],"wp:term":[{"taxonomy":"category","embeddable":true,"href":"https:\/\/www.europesays.com\/fi\/wp-json\/wp\/v2\/categories?post=141607"},{"taxonomy":"post_tag","embeddable":true,"href":"https:\/\/www.europesays.com\/fi\/wp-json\/wp\/v2\/tags?post=141607"}],"curies":[{"name":"wp","href":"https:\/\/api.w.org\/{rel}","templated":true}]}}