{"id":141609,"date":"2026-01-14T00:05:09","date_gmt":"2026-01-14T00:05:09","guid":{"rendered":"https:\/\/www.europesays.com\/fi\/141609\/"},"modified":"2026-01-14T00:05:09","modified_gmt":"2026-01-14T00:05:09","slug":"ihmisten-terveystietoja-paatyi-muistitikulla-kirpputorille","status":"publish","type":"post","link":"https:\/\/www.europesays.com\/fi\/141609\/","title":{"rendered":"Ihmisten terveystietoja p\u00e4\u00e4tyi muistitikulla kirpputorille"},"content":{"rendered":"<p>Hyvinvointialueella ei ole tietoa, kuka on k\u00e4sitellyt muistitikkua tai miten se on joutunut kirpputorille.<\/p>\n<p><img decoding=\"async\" class=\"image image-show image-preview\" src=\"https:\/\/www.europesays.com\/fi\/wp-content\/uploads\/2026\/01\/f760c96884c47cd0bcb9032bd52911893e047e6d3331be7f1b6592835dc7f796.jpg\" alt=\"\"\/><img decoding=\"async\" class=\"image image-show\" src=\"https:\/\/www.europesays.com\/fi\/wp-content\/uploads\/2026\/01\/1768349109_28_f760c96884c47cd0bcb9032bd52911893e047e6d3331be7f1b6592835dc7f796.jpg\" alt=\"\"\/><\/p>\n<p>Kuva ei liity tapaukseen. Kuvituskuva. Marianne Zitting<\/p>\n<p class=\"paragraph\">Ihmisten terveystietoja korona-ajalta p\u00e4\u00e4tyi muistitikulla kirpputorille Pirkanmaalla, uutisoi <a href=\"https:\/\/www.suomenmaa.fi\/uutiset\/ihmisten-terveystietoja-paatyi-muistitikulla-kirpputorille-pirkanmaalla\/\" rel=\"noopener nofollow\" target=\"_blank\">STT<\/a>.<\/p>\n<p class=\"paragraph\">Muistitikulla oli yli 250 Akaan ja Urjalan yhteistoiminta-alueella korona-aikana tehty\u00e4 eristys- ja karanteenip\u00e4\u00e4t\u00f6st\u00e4 vuosilta 2020\u20132021. My\u00f6s Pirkanmaan hyvinvointialue (Pirha) <a href=\"https:\/\/www.pirha.fi\/w\/kirpputorilta-loytynyt-muistitikku-aiheutti-tietoturvaloukkauksen-akaassa-ja-urjalassa-?redirect=%2F\" rel=\"noopener nofollow\" target=\"_blank\">tiedotti<\/a> asiasta tiistaina.<\/p>\n<p class=\"paragraph\">Muistitikun l\u00f6ysi terveydenhuollon ammattilainen kirpputorilla myynniss\u00e4 olleesta tietokonelaukusta. Pirkanmaan hyvinvointialueella ei ole tietoa, kuka on k\u00e4sitellyt muistitikkua tai miten se on joutunut kirpputorille.<\/p>\n<p class=\"paragraph\">\u2013 Olemme tapahtuneesta eritt\u00e4in pahoillamme. Suhtaudumme asiakas- ja potilastietojen k\u00e4sittelyn virheisiin eritt\u00e4in vakavasti ja selvit\u00e4mme ne aina. Hyvinvointialueella on ohjeet potilastietojen turvalliseen k\u00e4ytt\u00f6\u00f6n, jotta t\u00e4llaisia tilanteita ei tapahtuisi, sanoo vastaava johtajaylil\u00e4\u00e4k\u00e4ri <strong>Sirpa Rainesalo<\/strong> Pirhan tiedotteen mukaan.<\/p>\n<p class=\"paragraph\">Tietoturvaloukkauksen kohteena olleille asiakkaille l\u00e4hetet\u00e4\u00e4n henkil\u00f6kohtainen kirje ja ohjeet, Pirhan tiedotteessa kerrotaan.<\/p>\n<p class=\"paragraph\">Hyvinvointialue on tehnyt jo tietoturvaloukkauksesta ilmoituksen tietosuojavaltuutetulle ja aikoo tehd\u00e4 asiasta my\u00f6s rikosilmoituksen.<\/p>\n","protected":false},"excerpt":{"rendered":"Hyvinvointialueella ei ole tietoa, kuka on k\u00e4sitellyt muistitikkua tai miten se on joutunut kirpputorille. Kuva ei liity tapaukseen.&hellip;\n","protected":false},"author":2,"featured_media":141610,"comment_status":"","ping_status":"","sticky":false,"template":"","format":"standard","meta":{"footnotes":""},"categories":[12],"tags":[35,22,23,26,27,33,31,30,17,53,24,25,28,29,15,18,21,32,502,167,149,19,20,546,16],"class_list":{"0":"post-141609","1":"post","2":"type-post","3":"status-publish","4":"format-standard","5":"has-post-thumbnail","7":"category-suomi","8":"tag-24h","9":"tag-breaking-news","10":"tag-breakingnews","11":"tag-featured-news","12":"tag-featurednews","13":"tag-fi","14":"tag-finland","15":"tag-finnish","16":"tag-headlines","17":"tag-laki-oikeus-ja-rikos","18":"tag-latest-news","19":"tag-latestnews","20":"tag-main-news","21":"tag-mainnews","22":"tag-news","23":"tag-otsikot","24":"tag-paauutiset","25":"tag-suomi","26":"tag-terveydenhoito","27":"tag-terveys","28":"tag-tietojenkasittely-ja-informaatioteknologia","29":"tag-top-stories","30":"tag-topstories","31":"tag-turvallisuus","32":"tag-uutiset"},"share_on_mastodon":{"url":"","error":""},"_links":{"self":[{"href":"https:\/\/www.europesays.com\/fi\/wp-json\/wp\/v2\/posts\/141609","targetHints":{"allow":["GET"]}}],"collection":[{"href":"https:\/\/www.europesays.com\/fi\/wp-json\/wp\/v2\/posts"}],"about":[{"href":"https:\/\/www.europesays.com\/fi\/wp-json\/wp\/v2\/types\/post"}],"author":[{"embeddable":true,"href":"https:\/\/www.europesays.com\/fi\/wp-json\/wp\/v2\/users\/2"}],"replies":[{"embeddable":true,"href":"https:\/\/www.europesays.com\/fi\/wp-json\/wp\/v2\/comments?post=141609"}],"version-history":[{"count":0,"href":"https:\/\/www.europesays.com\/fi\/wp-json\/wp\/v2\/posts\/141609\/revisions"}],"wp:featuredmedia":[{"embeddable":true,"href":"https:\/\/www.europesays.com\/fi\/wp-json\/wp\/v2\/media\/141610"}],"wp:attachment":[{"href":"https:\/\/www.europesays.com\/fi\/wp-json\/wp\/v2\/media?parent=141609"}],"wp:term":[{"taxonomy":"category","embeddable":true,"href":"https:\/\/www.europesays.com\/fi\/wp-json\/wp\/v2\/categories?post=141609"},{"taxonomy":"post_tag","embeddable":true,"href":"https:\/\/www.europesays.com\/fi\/wp-json\/wp\/v2\/tags?post=141609"}],"curies":[{"name":"wp","href":"https:\/\/api.w.org\/{rel}","templated":true}]}}