{"id":141611,"date":"2026-01-14T00:06:15","date_gmt":"2026-01-14T00:06:15","guid":{"rendered":"https:\/\/www.europesays.com\/fi\/141611\/"},"modified":"2026-01-14T00:06:15","modified_gmt":"2026-01-14T00:06:15","slug":"halytys-helsinki-vantaalla-paikalle-15-pelastuslaitoksen-yksikkoa","status":"publish","type":"post","link":"https:\/\/www.europesays.com\/fi\/141611\/","title":{"rendered":"H\u00e4lytys Helsinki-Vantaalla \u2013 Paikalle 15 pelastuslaitoksen yksikk\u00f6\u00e4"},"content":{"rendered":"<p>Paikalle h\u00e4lytettiin useita pelastuslaitoksen yksik\u00f6it\u00e4.<\/p>\n<p><img decoding=\"async\" class=\"image image-show image-preview\" src=\"https:\/\/www.europesays.com\/fi\/wp-content\/uploads\/2026\/01\/e61056197907a5385c36396d720f601f9863c7e81c586730c5e738bc2c1a774f.jpg\" alt=\"\"\/><img decoding=\"async\" class=\"image image-show\" src=\"https:\/\/www.europesays.com\/fi\/wp-content\/uploads\/2026\/01\/1768349172_431_e61056197907a5385c36396d720f601f9863c7e81c586730c5e738bc2c1a774f.jpg\" alt=\"\"\/><\/p>\n<p>Pelastuslaitos sai tiistai-iltana h\u00e4lytyksen suuresta ilmaliikenneonnettomuudesta Helsinki-Vantaalla.  MATTI MATIKAINEN<\/p>\n<p><a href=\"https:\/\/www.iltalehti.fi\/kirjoittajat\/Sampo Lepist\u00f6\" rel=\"nofollow noopener\" target=\"_blank\"><img decoding=\"async\" class=\"author-image-img\" alt=\"Tekij\u00e4n kuva\" src=\"https:\/\/www.europesays.com\/fi\/wp-content\/uploads\/2025\/10\/6ec836488adc095e5d418e8c0bee83a76d2d21fc49bc3561e5efeb2bddc28797.png\"\/><\/a><a href=\"https:\/\/www.iltalehti.fi\/kirjoittajat\/Henni Rantam\u00e4ki\" rel=\"nofollow noopener\" target=\"_blank\"><img decoding=\"async\" class=\"author-image-img\" alt=\"Tekij\u00e4n kuva\" src=\"https:\/\/www.europesays.com\/fi\/wp-content\/uploads\/2025\/10\/7ebfc7cba12e155b3f8257d34b56bd4f0a5e74c82fb93ff4a053b474fb96ab8b.png\"\/><\/a><\/p>\n<p>Eilen klo 22:01 (p\u00e4ivitetty t\u00e4n\u00e4\u00e4n klo 0:46)<\/p>\n<p class=\"paragraph\">Pelastuslaitos sai tiistaina kello 21.56 h\u00e4lytyksen suuresta ilmaliikenneonnettomuudesta Helsinki-Vantaan lentoasemalla.<\/p>\n<p class=\"paragraph\">Paikalle h\u00e4lytettiin 15 pelastuslaitoksen yksikk\u00f6\u00e4.<\/p>\n<p class=\"paragraph\">Keski-Uudenmaan pelastuslaitos tiedotti kello 22.40, ett\u00e4 Helsinki-Vantaalla ei tapahtunut onnettomuutta tai tulipaloa. Pelastuslaitos teki paikan p\u00e4\u00e4lle tarkistusteht\u00e4v\u00e4n eik\u00e4 tilanne vaatinut toimenpiteit\u00e4.<\/p>\n<p class=\"paragraph\">\u2013 Siell\u00e4 on jonkinasteinen kipin\u00e4suihku n\u00e4hty tulevan renkaasta, tai jarrusta ennemminkin, p\u00e4ivyst\u00e4v\u00e4 palomestari <strong>Tomi Airaksinen<\/strong> kertoo Iltalehdelle.<\/p>\n<p class=\"paragraph\">Airaksisen k\u00e4sityksen mukaan kipin\u00f6innin havaitsivat kent\u00e4ll\u00e4 olleet kunnossapidon ty\u00f6ntekij\u00e4t. He ilmoittivat havainnostaan lennonjohtoon.<\/p>\n<p class=\"paragraph\">Airaksisen mukaan merkkej\u00e4 palosta ei ollut, kun pelastuslaitos tarkasti tilanteen. H\u00e4n arvioi, ett\u00e4 jarrussa on palanut mahdollisesti rasvaa.<\/p>\n<p class=\"paragraph\">Finnairin viestint\u00e4johtaja <strong>P\u00e4ivyt Tallqvist<\/strong> kertoo Iltalehdelle, ett\u00e4 Finnairin lento AY916 Oslosta Helsinkiin laskeutui tiistai-iltana kent\u00e4lle normaalisti. Finnairin k\u00e4sityksen mukaan koneen laskutelineiden alueella havaittiin liekkej\u00e4, kun matkustajat poistuivat koneesta.<\/p>\n<p class=\"paragraph\">\u2013 Pelastuslaitos k\u00e4vi paikalla varmistamassa tilanteen, Tallqvist kertoo.<\/p>\n<p class=\"paragraph\">Matkustajat p\u00e4\u00e4siv\u00e4t poistumaan koneesta normaalisti, eik\u00e4 tilanteesta Tallqvistin mukaan aiheutunut henkil\u00f6vahinkoja.<\/p>\n","protected":false},"excerpt":{"rendered":"Paikalle h\u00e4lytettiin useita pelastuslaitoksen yksik\u00f6it\u00e4. Pelastuslaitos sai tiistai-iltana h\u00e4lytyksen suuresta ilmaliikenneonnettomuudesta Helsinki-Vantaalla. MATTI MATIKAINEN Eilen klo 22:01 (p\u00e4ivitetty&hellip;\n","protected":false},"author":2,"featured_media":141612,"comment_status":"","ping_status":"","sticky":false,"template":"","format":"standard","meta":{"footnotes":""},"categories":[5],"tags":[35,22,23,26,27,33,31,30,17,24,25,121,28,29,15,18,21,122,54,103,32,19,20,546,16],"class_list":{"0":"post-141611","1":"post","2":"type-post","3":"status-publish","4":"format-standard","5":"has-post-thumbnail","7":"category-otsikot","8":"tag-24h","9":"tag-breaking-news","10":"tag-breakingnews","11":"tag-featured-news","12":"tag-featurednews","13":"tag-fi","14":"tag-finland","15":"tag-finnish","16":"tag-headlines","17":"tag-latest-news","18":"tag-latestnews","19":"tag-liikenne-ja-kuljetus","20":"tag-main-news","21":"tag-mainnews","22":"tag-news","23":"tag-otsikot","24":"tag-paauutiset","25":"tag-pelastaminen","26":"tag-pelastuspalvelut","27":"tag-sosiaalikysymykset","28":"tag-suomi","29":"tag-top-stories","30":"tag-topstories","31":"tag-turvallisuus","32":"tag-uutiset"},"share_on_mastodon":{"url":"https:\/\/pubeurope.com\/@fi\/115890538664777658","error":""},"_links":{"self":[{"href":"https:\/\/www.europesays.com\/fi\/wp-json\/wp\/v2\/posts\/141611","targetHints":{"allow":["GET"]}}],"collection":[{"href":"https:\/\/www.europesays.com\/fi\/wp-json\/wp\/v2\/posts"}],"about":[{"href":"https:\/\/www.europesays.com\/fi\/wp-json\/wp\/v2\/types\/post"}],"author":[{"embeddable":true,"href":"https:\/\/www.europesays.com\/fi\/wp-json\/wp\/v2\/users\/2"}],"replies":[{"embeddable":true,"href":"https:\/\/www.europesays.com\/fi\/wp-json\/wp\/v2\/comments?post=141611"}],"version-history":[{"count":0,"href":"https:\/\/www.europesays.com\/fi\/wp-json\/wp\/v2\/posts\/141611\/revisions"}],"wp:featuredmedia":[{"embeddable":true,"href":"https:\/\/www.europesays.com\/fi\/wp-json\/wp\/v2\/media\/141612"}],"wp:attachment":[{"href":"https:\/\/www.europesays.com\/fi\/wp-json\/wp\/v2\/media?parent=141611"}],"wp:term":[{"taxonomy":"category","embeddable":true,"href":"https:\/\/www.europesays.com\/fi\/wp-json\/wp\/v2\/categories?post=141611"},{"taxonomy":"post_tag","embeddable":true,"href":"https:\/\/www.europesays.com\/fi\/wp-json\/wp\/v2\/tags?post=141611"}],"curies":[{"name":"wp","href":"https:\/\/api.w.org\/{rel}","templated":true}]}}