{"id":141613,"date":"2026-01-14T00:18:10","date_gmt":"2026-01-14T00:18:10","guid":{"rendered":"https:\/\/www.europesays.com\/fi\/141613\/"},"modified":"2026-01-14T00:18:10","modified_gmt":"2026-01-14T00:18:10","slug":"sean-pennin-kaytos-poyristytti-gaalassa","status":"publish","type":"post","link":"https:\/\/www.europesays.com\/fi\/141613\/","title":{"rendered":"Sean Pennin k\u00e4yt\u00f6s p\u00f6yristytti gaalassa"},"content":{"rendered":"<p><strong class=\"typography-bold\">Sean Penn poltti savukkeen Golden Globe -gaalassa.\u00a0<\/strong><\/p>\n<p>Yhdysvalloissa vietettiin varhain maanantaina Suomen aikaa <a class=\"cursor-pointer underline\" data-testid=\"internal-link\" role=\"link\" data-sentry-element=\"Link\" data-sentry-component=\"InternalLink\" data-sentry-source-file=\"InternalLink.tsx\" href=\"https:\/\/www.mtvuutiset.fi\/aihe\/golden-globe\/2890298\" rel=\"nofollow noopener\" target=\"_blank\">Golden Globe<\/a> -gaalaa, jossa palkittiin menneen vuoden parhaimpia elokuvia ja television merkkitapauksia.\u00a0<\/p>\n<p>One Battle After Another -elokuvasta ehdolla ollut <a class=\"cursor-pointer underline\" data-testid=\"internal-link\" role=\"link\" data-sentry-element=\"Link\" data-sentry-component=\"InternalLink\" data-sentry-source-file=\"InternalLink.tsx\" href=\"https:\/\/www.mtvuutiset.fi\/aihe\/sean-penn\/2839684\" rel=\"nofollow noopener\" target=\"_blank\"><strong class=\"typography-bold\">Sean Penn<\/strong><\/a> sai k\u00e4yt\u00f6ksell\u00e4\u00e4n somen kuohahtamaan. <a class=\"underline\" data-testid=\"external-link\" href=\"https:\/\/people.com\/sean-penn-spotted-smoking-at-golden-globes-2026-11883460\" rel=\"noopener noreferrer nofollow\" data-sentry-component=\"ExternalLink\" data-sentry-source-file=\"ExternalLink.tsx\" target=\"_blank\">People<\/a>-lehti kertoo toimittaja <strong class=\"typography-bold\">Ben Fritzin<\/strong> julkaisseen <a class=\"underline\" data-testid=\"external-link\" href=\"https:\/\/twitter.com\/benfritz\/status\/2010557872237867408?s=20\" rel=\"noopener noreferrer nofollow\" data-sentry-component=\"ExternalLink\" data-sentry-source-file=\"ExternalLink.tsx\" target=\"_blank\">X<\/a>-tilill\u00e4\u00e4n otoksen, jossa Penn n\u00e4ytt\u00e4\u00e4 polttavan savuketta kesken gaalan illallisp\u00f6yt\u00e4ns\u00e4 \u00e4\u00e4ress\u00e4.\u00a0<\/p>\n<p>\u2013\u00a0T\u00e4m\u00e4 ei voi olla laillista, h\u00e4n kirjoittaa julkaisunsa yhteydess\u00e4.\u00a0<\/p>\n<p>Jos julkaisu ei n\u00e4y, voit katsoa sen <a class=\"underline\" data-testid=\"external-link\" href=\"https:\/\/x.com\/benfritz\/status\/2010557872237867408?s=20\" rel=\"noopener noreferrer nofollow\" data-sentry-component=\"ExternalLink\" data-sentry-source-file=\"ExternalLink.tsx\"><\/a><\/p>\n<p><script async src=\"https:\/\/platform.twitter.com\/widgets.js\" charset=\"utf-8\"><\/script><\/p>\n","protected":false},"excerpt":{"rendered":"Sean Penn poltti savukkeen Golden Globe -gaalassa.\u00a0 Yhdysvalloissa vietettiin varhain maanantaina Suomen aikaa Golden Globe -gaalaa, jossa palkittiin&hellip;\n","protected":false},"author":2,"featured_media":141614,"comment_status":"","ping_status":"","sticky":false,"template":"","format":"standard","meta":{"footnotes":""},"categories":[136],"tags":[407,137,33,31,30,408,32,109],"class_list":{"0":"post-141613","1":"post","2":"type-post","3":"status-publish","4":"format-standard","5":"has-post-thumbnail","7":"category-julkkikset","8":"tag-celebrities","9":"tag-entertainment","10":"tag-fi","11":"tag-finland","12":"tag-finnish","13":"tag-julkkikset","14":"tag-suomi","15":"tag-viihde"},"share_on_mastodon":{"url":"https:\/\/pubeurope.com\/@fi\/115890585739415471","error":""},"_links":{"self":[{"href":"https:\/\/www.europesays.com\/fi\/wp-json\/wp\/v2\/posts\/141613","targetHints":{"allow":["GET"]}}],"collection":[{"href":"https:\/\/www.europesays.com\/fi\/wp-json\/wp\/v2\/posts"}],"about":[{"href":"https:\/\/www.europesays.com\/fi\/wp-json\/wp\/v2\/types\/post"}],"author":[{"embeddable":true,"href":"https:\/\/www.europesays.com\/fi\/wp-json\/wp\/v2\/users\/2"}],"replies":[{"embeddable":true,"href":"https:\/\/www.europesays.com\/fi\/wp-json\/wp\/v2\/comments?post=141613"}],"version-history":[{"count":0,"href":"https:\/\/www.europesays.com\/fi\/wp-json\/wp\/v2\/posts\/141613\/revisions"}],"wp:featuredmedia":[{"embeddable":true,"href":"https:\/\/www.europesays.com\/fi\/wp-json\/wp\/v2\/media\/141614"}],"wp:attachment":[{"href":"https:\/\/www.europesays.com\/fi\/wp-json\/wp\/v2\/media?parent=141613"}],"wp:term":[{"taxonomy":"category","embeddable":true,"href":"https:\/\/www.europesays.com\/fi\/wp-json\/wp\/v2\/categories?post=141613"},{"taxonomy":"post_tag","embeddable":true,"href":"https:\/\/www.europesays.com\/fi\/wp-json\/wp\/v2\/tags?post=141613"}],"curies":[{"name":"wp","href":"https:\/\/api.w.org\/{rel}","templated":true}]}}