{"id":141619,"date":"2026-01-14T00:29:14","date_gmt":"2026-01-14T00:29:14","guid":{"rendered":"https:\/\/www.europesays.com\/fi\/141619\/"},"modified":"2026-01-14T00:29:14","modified_gmt":"2026-01-14T00:29:14","slug":"aluehallitus-hyvaksyi-muutokset-omaishoidon-tuen-palkkioon-ja-perhehoidon-palkkioon","status":"publish","type":"post","link":"https:\/\/www.europesays.com\/fi\/141619\/","title":{"rendered":"Aluehallitus hyv\u00e4ksyi muutokset omaishoidon tuen palkkioon ja perhehoidon palkkioon"},"content":{"rendered":"<p><strong><\/p>\n<p>Aluehallitus nimesi my\u00f6s edustajansa vaikuttamistoimielimiin.<\/p>\n<p><\/strong><\/p>\n<p>Maanantaina koolla ollut aluehallitus p\u00e4\u00e4tti pyynn\u00f6st\u00e4 antaa ennakkokantansa H\u00e4meenlinnan Erityisasuntos\u00e4\u00e4ti\u00f6lle sen myyntiin liittyv\u00e4st\u00e4 valmistelusta. Aluehallituksen mukaan s\u00e4\u00e4ti\u00f6n ei kannata edist\u00e4\u00e4 mahdolliseen omaisuuden tai toiminnan myyntiin liittyv\u00e4\u00e4 valmisteluaan ennen kuin hyvinvointialueen sosiaalihuollon ja vammaispalvelujen asumispalvelujen j\u00e4rjest\u00e4mistapoja koskeva tarkastelu valmistuu maaliskuun 2026 loppuun menness\u00e4. S\u00e4\u00e4ti\u00f6n pyynt\u00f6 liittyy hyvinvointialueen omistajaohjaukseen ja s\u00e4\u00e4ti\u00f6n taloustilanteeseen. Aiheesta on kerrottu tarkemmin t\u00e4ss\u00e4 tiedotteessa: <a href=\"https:\/\/omahame.fi\/w\/aluehallitus-kasittelee-erityisasuntosaatiota-koskevaa-ennakkokantaa\" rel=\"nofollow noopener\" target=\"_blank\">Aluehallitus k\u00e4sittelee H\u00e4meenlinnan Erityisasuntos\u00e4\u00e4ti\u00f6t\u00e4 koskevaa ennakkokantaa<\/a><\/p>\n<p>Lis\u00e4ksi aluehallitus hyv\u00e4ksyi muutokset ik\u00e4ihmisten perhehoidon palkkioihin. Ne sis\u00e4lt\u00e4v\u00e4t indeksikorotukset sek\u00e4 kiert\u00e4v\u00e4n perhehoidon palkkioiden perusteisiin liittyv\u00e4n muutoksen. Palkkiot tulevat voimaan uusien toimeksiantosopimusten osalta 1.1.2026 alkaen. Olemassa olevat sopimukset on teht\u00e4v\u00e4 uudelleen, ennen kuin muutokset astuvat voimaan.<\/p>\n<p>Aluehallitus k\u00e4sitteli my\u00f6s korotusta omaishoidon tuen hoitopalkkion v\u00e4himm\u00e4ism\u00e4\u00e4r\u00e4\u00e4n. Sen korottamista hallituksen esityksen mukaiseen m\u00e4\u00e4r\u00e4\u00e4n esitet\u00e4\u00e4n aluevaltuustolle. Aluehallitus hyv\u00e4ksyi t\u00e4ydennykset omaishoidon tuen my\u00f6nt\u00e4misen perusteisiin 65 vuotta t\u00e4ytt\u00e4neit\u00e4 koskien 1.2.2026 alkaen.<\/p>\n<p>Aluehallitus my\u00f6s valitsi edustajansa hyvinvointialueen vaikuttamistoimielimiin. Kunnat ovat nimenneet omat edustajansa vanhus- ja vammaisneuvostoihin sek\u00e4 nuorisovaltuustoon. Aluehallituksen edustajiksi nimettiin vanhusneuvostoon <strong>Sari Kykyri <\/strong>(ps.), <strong>Kylli Kylli\u00e4inen<\/strong> (sd.) ja <strong>Hannele Saari<\/strong> (kd.). Vammaisneuvostossa aluehallitusta edustavat<strong> Salla Fagerstr\u00f6m<\/strong> (sd.), <strong>Satu Heinonen<\/strong> (vihr.) ja <strong>Eija Aittola<\/strong> (kok.). Nuorisovaltuustoon puolestaan valittiin <strong>Sari Salminen<\/strong> (kesk.), <strong>Ville Mustonen<\/strong> (kok.) ja <strong>Satu Viksten<\/strong> (vas.). Lis\u00e4ksi aluehallitus hyv\u00e4ksyi vanhus- ja vammaisneuvostojen toimintas\u00e4\u00e4nn\u00f6t. Nuorisovaltuuston toimintas\u00e4\u00e4nt\u00f6 tuodaan aluehallitukselle erikseen hyv\u00e4ksytt\u00e4v\u00e4ksi my\u00f6hemmin.<\/p>\n<p>Aluehallitus hyv\u00e4ksyi alle 23-vuotiaiden lyhytpsykoterapian palvelusetelis\u00e4\u00e4nt\u00f6kirjan. Se koskee terapiatakuun piiriin kuuluvaa lyhytpsykoterapiaa. Toukokuussa 2025 voimaan tulleen terapiatakuun mukaan alle 23-vuotiaiden lasten ja nuorten tulee p\u00e4\u00e4st\u00e4 tiettyihin mielenterveyspalveluihin kuukauden kuluessa siit\u00e4, kun t\u00e4llaisen palvelun tarve on todettu.<\/p>\n<p>Talouden t\u00e4m\u00e4n vuoden k\u00e4ytt\u00f6suunnitelman aluehallitus palautti hyvinvointialuejohtajan esityksest\u00e4 uudelleen valmisteluun. J\u00e4senen nime\u00e4misen Ty\u00f6valmennuss\u00e4\u00e4ti\u00f6 Luotsi sr:n hallitukseen aluehallitus j\u00e4tti p\u00f6yd\u00e4lle. Muut asiat aluehallitus hyv\u00e4ksyi esityslistan mukaisesti. Seuraava kokous on 19. tammikuuta.<\/p>\n<p><a href=\"https:\/\/kantahameenhva.oncloudos.com\/cgi\/DREQUEST.PHP?page=meeting&amp;id=2026157\" rel=\"nofollow noopener\" target=\"_blank\">Aluehallituksen 12.1.2026 kokouksen esityslista<\/a><\/p>\n","protected":false},"excerpt":{"rendered":"Aluehallitus nimesi my\u00f6s edustajansa vaikuttamistoimielimiin. Maanantaina koolla ollut aluehallitus p\u00e4\u00e4tti pyynn\u00f6st\u00e4 antaa ennakkokantansa H\u00e4meenlinnan Erityisasuntos\u00e4\u00e4ti\u00f6lle sen myyntiin liittyv\u00e4st\u00e4&hellip;\n","protected":false},"author":2,"featured_media":141620,"comment_status":"","ping_status":"","sticky":false,"template":"","format":"standard","meta":{"footnotes":""},"categories":[76],"tags":[79,77,33,31,30,32,78],"class_list":{"0":"post-141619","1":"post","2":"type-post","3":"status-publish","4":"format-standard","5":"has-post-thumbnail","7":"category-talous","8":"tag-business","9":"tag-economy","10":"tag-fi","11":"tag-finland","12":"tag-finnish","13":"tag-suomi","14":"tag-talous"},"share_on_mastodon":{"url":"https:\/\/pubeurope.com\/@fi\/115890629164634878","error":""},"_links":{"self":[{"href":"https:\/\/www.europesays.com\/fi\/wp-json\/wp\/v2\/posts\/141619","targetHints":{"allow":["GET"]}}],"collection":[{"href":"https:\/\/www.europesays.com\/fi\/wp-json\/wp\/v2\/posts"}],"about":[{"href":"https:\/\/www.europesays.com\/fi\/wp-json\/wp\/v2\/types\/post"}],"author":[{"embeddable":true,"href":"https:\/\/www.europesays.com\/fi\/wp-json\/wp\/v2\/users\/2"}],"replies":[{"embeddable":true,"href":"https:\/\/www.europesays.com\/fi\/wp-json\/wp\/v2\/comments?post=141619"}],"version-history":[{"count":0,"href":"https:\/\/www.europesays.com\/fi\/wp-json\/wp\/v2\/posts\/141619\/revisions"}],"wp:featuredmedia":[{"embeddable":true,"href":"https:\/\/www.europesays.com\/fi\/wp-json\/wp\/v2\/media\/141620"}],"wp:attachment":[{"href":"https:\/\/www.europesays.com\/fi\/wp-json\/wp\/v2\/media?parent=141619"}],"wp:term":[{"taxonomy":"category","embeddable":true,"href":"https:\/\/www.europesays.com\/fi\/wp-json\/wp\/v2\/categories?post=141619"},{"taxonomy":"post_tag","embeddable":true,"href":"https:\/\/www.europesays.com\/fi\/wp-json\/wp\/v2\/tags?post=141619"}],"curies":[{"name":"wp","href":"https:\/\/api.w.org\/{rel}","templated":true}]}}