{"id":141627,"date":"2026-01-14T00:44:14","date_gmt":"2026-01-14T00:44:14","guid":{"rendered":"https:\/\/www.europesays.com\/fi\/141627\/"},"modified":"2026-01-14T00:44:14","modified_gmt":"2026-01-14T00:44:14","slug":"matt-damon-ja-ben-affleck-pitivat-vuonna-1998-niin-huonon-oscar-puheen-etta-se-havettaa-parivaljakkoa-edelleen","status":"publish","type":"post","link":"https:\/\/www.europesays.com\/fi\/141627\/","title":{"rendered":"Matt Damon ja Ben Affleck pitiv\u00e4t vuonna 1998 niin huonon Oscar-puheen, ett\u00e4 se h\u00e4vett\u00e4\u00e4 parivaljakkoa edelleen"},"content":{"rendered":"<p>Matt Damon ja Ben Affleck voittivat ensimm\u00e4iset Oscarinsa vuonna 1998.<\/p>\n<p>Yst\u00e4vykset <a href=\"https:\/\/muropaketti.com\/avainsana\/matt-damon\/\" rel=\"nofollow noopener\" target=\"_blank\">Matt Damon<\/a> ja<a href=\"https:\/\/muropaketti.com\/avainsana\/ben-affleck\/\" rel=\"nofollow noopener\" target=\"_blank\"> Ben Affleck<\/a> olivat 1990-luvulla nuoria elokuvantekij\u00f6it\u00e4, jotka k\u00e4sikirjoittivat yhdess\u00e4 elokuvan nimelt\u00e4 Good Will Hunting. He p\u00e4\u00e4tyiv\u00e4t voittamaan elokuvallaan alkuper\u00e4isen k\u00e4sikirjoituksen Oscar-palkinnon vuonna 1998, ja muistavat \u201chuonon\u201d kiitospuheensa yh\u00e4 edelleen, uutisoi <a href=\"https:\/\/ew.com\/ben-affleck-matt-damon-still-embarrassed-by-good-will-hunting-acceptance-speech-11884084\" target=\"_blank\" rel=\"noreferrer noopener nofollow\">Entertainment Weekly<\/a>.<\/p>\n<p>\u201cVoi luoja. Tunnen oloni niin\u2026 oikeasti, kiitin Bostonin kaupunkia kolme kertaa. Oliko ihan tarpeellista\u201d, Affleck muistelee.<\/p>\n<p>Kaksikko kertoo, etteiv\u00e4t he olleet valmistautuneet kiitospuhetta varten mill\u00e4\u00e4n tavalla \u2013 ja se todellakin n\u00e4kyy.<\/p>\n<p>Katso Damonin ja Affleckin Oscar-puhe t\u00e4st\u00e4 videosta:<\/p>\n<p>Good Will Hunting kertoo nuoresta koulun huoltomiehest\u00e4, joka paljastuu neroksi. Elokuvan ohjasi Gus Van Sant. Damon esitti siin\u00e4 p\u00e4\u00e4osaa yhdess\u00e4 Robin Williamsin kanssa. Muissa rooleissa n\u00e4htiin muun muassa Stellan Skarsg\u00e5rd, Casey Affleck, Cole Hauser sek\u00e4 Ben Affleck.<\/p>\n<p>K\u00e4sikirjoitus-Oscarin lis\u00e4ksi Williams palkittiin miessivuosan Oscarilla.<\/p>\n<p>T\u00e4ll\u00e4 viikolla Damon ja Affleck n\u00e4hd\u00e4\u00e4n j\u00e4lleen yhdess\u00e4, sill\u00e4 he esitt\u00e4v\u00e4t p\u00e4\u00e4osia Joe Carnahanin ohjaamassa rikoselokuvassa The Rip. Elokuva julkaistaan Netflixiss\u00e4 16. tammikuuta.<\/p>\n","protected":false},"excerpt":{"rendered":"Matt Damon ja Ben Affleck voittivat ensimm\u00e4iset Oscarinsa vuonna 1998. Yst\u00e4vykset Matt Damon ja Ben Affleck olivat 1990-luvulla&hellip;\n","protected":false},"author":2,"featured_media":141628,"comment_status":"","ping_status":"","sticky":false,"template":"","format":"standard","meta":{"footnotes":""},"categories":[136],"tags":[9244,407,137,33,31,30,24377,408,4102,9362,32,109],"class_list":{"0":"post-141627","1":"post","2":"type-post","3":"status-publish","4":"format-standard","5":"has-post-thumbnail","7":"category-julkkikset","8":"tag-ben-affleck","9":"tag-celebrities","10":"tag-entertainment","11":"tag-fi","12":"tag-finland","13":"tag-finnish","14":"tag-good-will-hunting","15":"tag-julkkikset","16":"tag-matt-damon","17":"tag-oscarit","18":"tag-suomi","19":"tag-viihde"},"share_on_mastodon":{"url":"https:\/\/pubeurope.com\/@fi\/115890687998132853","error":""},"_links":{"self":[{"href":"https:\/\/www.europesays.com\/fi\/wp-json\/wp\/v2\/posts\/141627","targetHints":{"allow":["GET"]}}],"collection":[{"href":"https:\/\/www.europesays.com\/fi\/wp-json\/wp\/v2\/posts"}],"about":[{"href":"https:\/\/www.europesays.com\/fi\/wp-json\/wp\/v2\/types\/post"}],"author":[{"embeddable":true,"href":"https:\/\/www.europesays.com\/fi\/wp-json\/wp\/v2\/users\/2"}],"replies":[{"embeddable":true,"href":"https:\/\/www.europesays.com\/fi\/wp-json\/wp\/v2\/comments?post=141627"}],"version-history":[{"count":0,"href":"https:\/\/www.europesays.com\/fi\/wp-json\/wp\/v2\/posts\/141627\/revisions"}],"wp:featuredmedia":[{"embeddable":true,"href":"https:\/\/www.europesays.com\/fi\/wp-json\/wp\/v2\/media\/141628"}],"wp:attachment":[{"href":"https:\/\/www.europesays.com\/fi\/wp-json\/wp\/v2\/media?parent=141627"}],"wp:term":[{"taxonomy":"category","embeddable":true,"href":"https:\/\/www.europesays.com\/fi\/wp-json\/wp\/v2\/categories?post=141627"},{"taxonomy":"post_tag","embeddable":true,"href":"https:\/\/www.europesays.com\/fi\/wp-json\/wp\/v2\/tags?post=141627"}],"curies":[{"name":"wp","href":"https:\/\/api.w.org\/{rel}","templated":true}]}}