{"id":141635,"date":"2026-01-14T00:56:19","date_gmt":"2026-01-14T00:56:19","guid":{"rendered":"https:\/\/www.europesays.com\/fi\/141635\/"},"modified":"2026-01-14T00:56:19","modified_gmt":"2026-01-14T00:56:19","slug":"israelin-arvostelu-ei-tarkoita-iranin-tukemista","status":"publish","type":"post","link":"https:\/\/www.europesays.com\/fi\/141635\/","title":{"rendered":"Israelin arvostelu ei tarkoita Iranin tukemista"},"content":{"rendered":"<p>P\u00e4\u00e4kirjoitus|Liberaali vastustaa yht\u00e4 hyvin Iranin islamilaista pakkovaltaa, Israelin sotapolitiikkaa kuin \u00e4\u00e4rioikeistoakin.<\/p>\n<p>13.1. 17:30<\/p>\n<p class=\"article-body mb-nof-24 px-nof-16\">Suomesta on vaikeaa l\u00f6yt\u00e4\u00e4 Iranin islamilaisen diktatuurin tukijoita, mutta haku on p\u00e4\u00e4ll\u00e4. Kristillisdemokraattisen edus\u00adkuntaryhm\u00e4n puheenjohtaja Peter \u00d6stman <a class=\"underline underline-offset-[0.12em] [text-decoration-thickness:var(--generic-link-underline-thickness)] [text-decoration-color:var(--generic-link-underline-color)] [text-decoration-skip-ink:var(--generic-link-underline-skip-ink)] break-words\" href=\"https:\/\/www.hs.fi\/politiikka\/art-2000011744320.html\" rel=\"nofollow noopener\" target=\"_blank\">moitti<\/a> \u201dviher\u00advasemmistoa\u201d Iranin tilanteesta vaikenemisesta. Vihreiden europarlamentaarikko Ville Niinist\u00f6 puolestaan v\u00e4itti \u201dperinnelaitavasemmiston\u201d vaikenevan Iranista, koska Yhdysvaltojen vastustaminen menee sille kaiken muun edelle.<\/p>\n<p class=\"article-body mb-nof-24 px-nof-16\">Sosiaalisessa mediassa on k\u00e4ynniss\u00e4 kampanja, jossa median v\u00e4itet\u00e4\u00e4n vaienneen Iranista. Samat tahot ovat aiemmin syytt\u00e4neet mediaa Hamasin tukemisesta.<\/p>\n<p class=\"article-body mb-nof-24 px-nof-16\">J\u00e4rjett\u00f6mi\u00e4 v\u00e4itteit\u00e4 on turha l\u00e4hte\u00e4 oikomaan, sill\u00e4 median toiminta on julkista, joten jokainen voi itse k\u00e4yd\u00e4 lukemassa Hamasia tai Irania k\u00e4sittelev\u00e4t jutut esimerkiksi Helsingin Sanomien arkistosta. Kiinnostavampaa on pohtia, mist\u00e4 t\u00e4m\u00e4 kampanja kumpuaa. Se n\u00e4ytt\u00e4\u00e4 levinneen Suomeen ulkomailta, jossa Israelia tukevat radikaalioikeistolaiset v\u00e4itt\u00e4v\u00e4t vasemmiston tai liberaalien olevan muslimien asialla. Suomeen tuotuna ajatus on ilmeinen olkiukko, sill\u00e4 arvostelijat eiv\u00e4t ole pystyneet tarjoamaan uskottavia todisteita v\u00e4itteidens\u00e4 tueksi.<\/p>\n<p class=\"article-body mb-nof-24 px-nof-16\">Iran-keskustelu on hyv\u00e4 esimerkki sosiaalisen median tyhmistymisest\u00e4. Jos kaikkea l\u00e4hestyt\u00e4\u00e4n pintatason polarisaation kautta, esimerkiksi Israeliin kohdistuva kritiikki tarkoittaa automaattisesti Iranin tukemista.<\/p>\n<p class=\"article-body mb-nof-24 px-nof-16\">Tosiasiassa siin\u00e4 perinteisen liberaalissa ajatustavassa, jota esimerkiksi t\u00e4m\u00e4 sanomalehti edustaa, suhtaudutaan torjuen kaikkeen demokratiaa ja perusoikeuksia polkevaan totalitaariseen tai autoritaariseen toimintaan \u2013 on sitten kyseess\u00e4 islamilainen fundamentalismi, Israelin sotapolitiikka, putinismi tai autoritaarinen trumpilaisuus. Siin\u00e4 ajattelussa oikeistolainen \u00e4\u00e4riajattelu ja vasemmistolainen \u00e4\u00e4riajattelu eiv\u00e4t ole toistensa vastustajia vaan samaa tavaraa eri pulloissa. Konservatiiviset \u00e4\u00e4rikristityt ajavat muuten Yhdysvaltoihin hyvinkin Iranin kaltaista teokratiaa.<\/p>\n<p class=\"article-body mb-nof-24 px-nof-16\">Liberaalista ajattelusta kiinnostuneet voivat tarttua vaikka klassikkokirjaan Avoin yhteiskunta ja sen viholliset, jonka tekij\u00e4 Karl Popper tiivisti hyvin eriv\u00e4risten \u00e4\u00e4riaatteiden vaarat: \u201dNe, jotka lupaavat meille maanp\u00e4\u00e4llisen paratiisin, eiv\u00e4t ole koskaan luoneet mit\u00e4\u00e4n muuta kuin helvetin.\u201d<\/p>\n","protected":false},"excerpt":{"rendered":"P\u00e4\u00e4kirjoitus|Liberaali vastustaa yht\u00e4 hyvin Iranin islamilaista pakkovaltaa, Israelin sotapolitiikkaa kuin \u00e4\u00e4rioikeistoakin. 13.1. 17:30 Suomesta on vaikeaa l\u00f6yt\u00e4\u00e4 Iranin&hellip;\n","protected":false},"author":2,"featured_media":10671,"comment_status":"","ping_status":"","sticky":false,"template":"","format":"standard","meta":{"footnotes":""},"categories":[14],"tags":[22,23,26,27,33,31,30,17,46,24,25,28,29,15,18,21,32,19,20,56,16,59,60,61],"class_list":{"0":"post-141635","1":"post","2":"type-post","3":"status-publish","4":"format-standard","5":"has-post-thumbnail","7":"category-ulkomaat","8":"tag-breaking-news","9":"tag-breakingnews","10":"tag-featured-news","11":"tag-featurednews","12":"tag-fi","13":"tag-finland","14":"tag-finnish","15":"tag-headlines","16":"tag-helsingin-sanomat","17":"tag-latest-news","18":"tag-latestnews","19":"tag-main-news","20":"tag-mainnews","21":"tag-news","22":"tag-otsikot","23":"tag-paauutiset","24":"tag-suomi","25":"tag-top-stories","26":"tag-topstories","27":"tag-ulkomaat","28":"tag-uutiset","29":"tag-world","30":"tag-world-news","31":"tag-worldnews"},"share_on_mastodon":{"url":"https:\/\/pubeurope.com\/@fi\/115890735227928529","error":""},"_links":{"self":[{"href":"https:\/\/www.europesays.com\/fi\/wp-json\/wp\/v2\/posts\/141635","targetHints":{"allow":["GET"]}}],"collection":[{"href":"https:\/\/www.europesays.com\/fi\/wp-json\/wp\/v2\/posts"}],"about":[{"href":"https:\/\/www.europesays.com\/fi\/wp-json\/wp\/v2\/types\/post"}],"author":[{"embeddable":true,"href":"https:\/\/www.europesays.com\/fi\/wp-json\/wp\/v2\/users\/2"}],"replies":[{"embeddable":true,"href":"https:\/\/www.europesays.com\/fi\/wp-json\/wp\/v2\/comments?post=141635"}],"version-history":[{"count":0,"href":"https:\/\/www.europesays.com\/fi\/wp-json\/wp\/v2\/posts\/141635\/revisions"}],"wp:featuredmedia":[{"embeddable":true,"href":"https:\/\/www.europesays.com\/fi\/wp-json\/wp\/v2\/media\/10671"}],"wp:attachment":[{"href":"https:\/\/www.europesays.com\/fi\/wp-json\/wp\/v2\/media?parent=141635"}],"wp:term":[{"taxonomy":"category","embeddable":true,"href":"https:\/\/www.europesays.com\/fi\/wp-json\/wp\/v2\/categories?post=141635"},{"taxonomy":"post_tag","embeddable":true,"href":"https:\/\/www.europesays.com\/fi\/wp-json\/wp\/v2\/tags?post=141635"}],"curies":[{"name":"wp","href":"https:\/\/api.w.org\/{rel}","templated":true}]}}