{"id":141636,"date":"2026-01-14T00:57:13","date_gmt":"2026-01-14T00:57:13","guid":{"rendered":"https:\/\/www.europesays.com\/fi\/141636\/"},"modified":"2026-01-14T00:57:13","modified_gmt":"2026-01-14T00:57:13","slug":"trumpin-arvostelussa-suomi-on-ruotsin-selan-takana","status":"publish","type":"post","link":"https:\/\/www.europesays.com\/fi\/141636\/","title":{"rendered":"Trumpin arvostelussa Suomi on Ruotsin sel\u00e4n takana"},"content":{"rendered":"<p>P\u00e4\u00e4kirjoitus|Suomen johdossa suomettuvat nyt suhteessa Yhdysvaltoihin juuri ne, jotka eiv\u00e4t takavuosina peitelleet piikkej\u00e4\u00e4n edelt\u00e4jiens\u00e4 Ven\u00e4j\u00e4-tasapainoilusta.<\/p>\n<p class=\"article-body mb-nof-24 px-nof-16\">Vaikka maailma olisi matkalla kohti katastrofia, Ruotsin poliitikoilla on taito luoda mukavaa tunnelmaa. Siksi p\u00e4\u00e4ministeri Ulf Kristersson ja puolustusministeri P\u00e5l Jonson kertoivat monta niin sanotusti hyv\u00e4\u00e4 uutista S\u00e4lenin turvallisuuskonferenssissa, joka j\u00e4rjestet\u00e4\u00e4n vuosittain hiihtokeskuksen lumisissa maisemissa.<\/p>\n<p class=\"article-body mb-nof-24 px-nof-16\">Ruotsi aikoo k\u00e4ytt\u00e4\u00e4 kasvavista puolustusmenoistaan l\u00e4hes 1,5 miljardia euroa vahvistaakseen ilmapuolustusta, joka ulotetaan suojaamaan asutuskeskusten kriittist\u00e4 infrastruktuuria ja ihmisi\u00e4. Ilmapuolustuksen rakentaminen on kallista ja vaikeaa, eik\u00e4 Suomessa ole n\u00e4ill\u00e4 n\u00e4kymin varaa vastaavaan. Suomella on sent\u00e4\u00e4n erinomaiset v\u00e4est\u00f6nsuojat.<\/p>\n<p class=\"article-body mb-nof-24 px-nof-16\">Ruotsi hankkii my\u00f6s maavoimilleen lis\u00e4\u00e4 kalustoa. Osansa kaupoista saa Suomi. Rautaa on helpompi hankkia kuin sotilaita, joita Ruotsin on vaikea saada riitt\u00e4v\u00e4sti ilman yleist\u00e4 asevelvollisuutta.<\/p>\n<p class=\"article-body mb-nof-24 px-nof-16\">Demarijohtaja Magdalena Andersson halusi osansa huomiosta ja esitti Gotlantiin monikansallisia Nato-joukkoja. Idea on kiinnostava, vaikka puolustusministeri Jonson ei siihen suoralta k\u00e4delt\u00e4 tarttunut. Huomiota tarjottiin my\u00f6s Ruotsin johtamille Suomeen sijoitetuille FLF-joukoille, jotka ovat jo aloittaneet yhteisen harjoittelunsa. Mukana ovat Pohjoismaat, Britannia, Ranska ja Italia.<\/p>\n<p class=\"article-body mb-nof-24 px-nof-16\">Silti kokouksen pohjavire oli hyyt\u00e4v\u00e4. Siit\u00e4 piti huolen uudeksi aurinkokuninkaaksi itsens\u00e4 julistanut Yhdysvaltojen presidentti Donald Trump. Pohjolan poliitikot eiv\u00e4t voi v\u00e4ist\u00e4\u00e4 sit\u00e4 tosiasiaa, ett\u00e4 Trump uhkaa t\u00e4ll\u00e4 hetkell\u00e4 Tanskaa ja Gr\u00f6nlantia sek\u00e4 lopulta my\u00f6s Naton koossa pysymist\u00e4.<\/p>\n<p class=\"article-body mb-nof-24 px-nof-16\">Trumpin Gr\u00f6nlanti-uhkailu on Pohjolassa megaluokan kriisi ja todellinen k\u00e4\u00e4nnekohta. Kriisiin ei v\u00e4ltt\u00e4m\u00e4tt\u00e4 ole lainkaan ratkaisua. Naton merkitykseen vetoaminen ei toimi, sill\u00e4 puolustusliitolla on Trumpille l\u00e4hinn\u00e4 v\u00e4linearvoa.<\/p>\n<p class=\"article-body mb-nof-24 px-nof-16\">Tanska saattaa joutua valitsemaan, luovuttaako se Gr\u00f6nlannin Yhdysvalloille suosiolla vai pist\u00e4\u00e4k\u00f6 muodon vuoksi vastaan ja hajottaa samalla Naton.<\/p>\n<p class=\"article-body mb-nof-24 px-nof-16\">S\u00e4leniss\u00e4 palattiin Saksassakin esille nostettuun ajatukseen siit\u00e4, ett\u00e4 Nato-maat l\u00e4hett\u00e4isiv\u00e4t Gr\u00f6nlantiin joukkoja. Se on edes vaatimaton yritys paljastaa Trumpin bluffi Gr\u00f6nlannin turvallisuushuolista: jos Gr\u00f6nlantia pit\u00e4\u00e4 Yhdysvaltojen mielest\u00e4 puolustaa vahvemmin, niin puolustetaan sitten.<\/p>\n<p class=\"article-body mb-nof-24 px-nof-16\">Suomen johtoa S\u00e4leniss\u00e4 edusti ulkoministeri Elina Valtonen (kok). Verrattuna ruotsalaispoliitikkojen pessimistisiin puheisiin Trumpista Valtonen valitsi sanansa pehme\u00e4sti: Yhdysvaltoihin voi luottaa, eik\u00e4 Suomella ole pienint\u00e4k\u00e4\u00e4n ep\u00e4ily\u00e4 siit\u00e4, etteik\u00f6 Yhdysvallat kunnioittaisi Naton viidett\u00e4 artiklaa.<\/p>\n<p class=\"article-body mb-nof-24 px-nof-16\">On yksi asia sanoa jotain ja toinen asia uskoa sanomaansa. Suomalaispoliitikot toistavat mantraansa Yhdysvalloista nyt sellaisissakin paikoissa, joissa sit\u00e4 ei tarvitsisi sanoa.<\/p>\n<blockquote class=\"p-[var(--citation-padding)] m-[var(--citation-margin)] border-y-[length:var(--citation-border-width)] border-y-[color:var(--citation-border-color)]\">\n<p>Vallassa piikit ovat pehmenneet.<\/p>\n<\/blockquote>\n<p class=\"article-body mb-nof-24 px-nof-16\">Ruotsi on Suomea avoimemmin kriittinen. Sit\u00e4 selitt\u00e4\u00e4 moni asia, samoin Suomen varovaisuutta. On huomionarvoista, ett\u00e4 Suomessa suhteessa Yhdysvaltoihin suomettuvat nyt nopeasti ne, jotka eiv\u00e4t takavuosina peitelleet piikkej\u00e4\u00e4n edelt\u00e4jiens\u00e4 Ven\u00e4j\u00e4-tasapainoilusta.<\/p>\n<p class=\"article-body mb-nof-24 px-nof-16\">P\u00e4\u00e4tt\u00e4jien varovaisuutta voi hyv\u00e4ll\u00e4 tahdolla ymm\u00e4rt\u00e4\u00e4. Suomessa on aina laskettu, mit\u00e4 kannattaa sanoa ja mit\u00e4 ei. Sanomista sanomisen vuoksi ei pidet\u00e4 arvossa. Se ei kuitenkaan tarkoita, ett\u00e4 p\u00e4\u00e4tt\u00e4ji\u00e4 pit\u00e4isi uskoa tai ett\u00e4 median pit\u00e4isi suojella kansalaisia totuudelta. Yhdysvaltojen politiikka avaa nyt hyvin pelottavia n\u00e4k\u00f6aloja Suomen ja koko Euroopan kannalta.<\/p>\n<p class=\"article-body mb-nof-24 px-nof-16\">Nato on jo heikentynyt, samoin muutkin kansainv\u00e4liset rakenteet. Sota Ukrainassa jatkuu j\u00e4\u00e4den eurooppalaisten huoleksi. Suomen oman puolustuskyvyn ja alueellisen yhteisty\u00f6n merkitys on entist\u00e4kin suurempi.<\/p>\n<p class=\"article-body mb-nof-24 px-nof-16\">N\u00e4ytt\u00e4\u00e4 silt\u00e4, ett\u00e4 Gr\u00f6nlanti pysyy Trumpin pakkomielteen\u00e4. Jos Suomen on valittava tuki Trumpille tai Tanskalle, valinta on Tanska. Se on t\u00e4ss\u00e4 uudessa maailmanj\u00e4rjestyksess\u00e4 suvereenin Suomen etu.<\/p>\n","protected":false},"excerpt":{"rendered":"P\u00e4\u00e4kirjoitus|Suomen johdossa suomettuvat nyt suhteessa Yhdysvaltoihin juuri ne, jotka eiv\u00e4t takavuosina peitelleet piikkej\u00e4\u00e4n edelt\u00e4jiens\u00e4 Ven\u00e4j\u00e4-tasapainoilusta. Vaikka maailma olisi&hellip;\n","protected":false},"author":2,"featured_media":3965,"comment_status":"","ping_status":"","sticky":false,"template":"","format":"standard","meta":{"footnotes":""},"categories":[12],"tags":[22,23,26,27,33,31,30,17,46,24,25,28,29,15,18,21,32,19,20,16],"class_list":{"0":"post-141636","1":"post","2":"type-post","3":"status-publish","4":"format-standard","5":"has-post-thumbnail","7":"category-suomi","8":"tag-breaking-news","9":"tag-breakingnews","10":"tag-featured-news","11":"tag-featurednews","12":"tag-fi","13":"tag-finland","14":"tag-finnish","15":"tag-headlines","16":"tag-helsingin-sanomat","17":"tag-latest-news","18":"tag-latestnews","19":"tag-main-news","20":"tag-mainnews","21":"tag-news","22":"tag-otsikot","23":"tag-paauutiset","24":"tag-suomi","25":"tag-top-stories","26":"tag-topstories","27":"tag-uutiset"},"share_on_mastodon":{"url":"https:\/\/pubeurope.com\/@fi\/115890739149901819","error":""},"_links":{"self":[{"href":"https:\/\/www.europesays.com\/fi\/wp-json\/wp\/v2\/posts\/141636","targetHints":{"allow":["GET"]}}],"collection":[{"href":"https:\/\/www.europesays.com\/fi\/wp-json\/wp\/v2\/posts"}],"about":[{"href":"https:\/\/www.europesays.com\/fi\/wp-json\/wp\/v2\/types\/post"}],"author":[{"embeddable":true,"href":"https:\/\/www.europesays.com\/fi\/wp-json\/wp\/v2\/users\/2"}],"replies":[{"embeddable":true,"href":"https:\/\/www.europesays.com\/fi\/wp-json\/wp\/v2\/comments?post=141636"}],"version-history":[{"count":0,"href":"https:\/\/www.europesays.com\/fi\/wp-json\/wp\/v2\/posts\/141636\/revisions"}],"wp:featuredmedia":[{"embeddable":true,"href":"https:\/\/www.europesays.com\/fi\/wp-json\/wp\/v2\/media\/3965"}],"wp:attachment":[{"href":"https:\/\/www.europesays.com\/fi\/wp-json\/wp\/v2\/media?parent=141636"}],"wp:term":[{"taxonomy":"category","embeddable":true,"href":"https:\/\/www.europesays.com\/fi\/wp-json\/wp\/v2\/categories?post=141636"},{"taxonomy":"post_tag","embeddable":true,"href":"https:\/\/www.europesays.com\/fi\/wp-json\/wp\/v2\/tags?post=141636"}],"curies":[{"name":"wp","href":"https:\/\/api.w.org\/{rel}","templated":true}]}}