{"id":141637,"date":"2026-01-14T00:58:12","date_gmt":"2026-01-14T00:58:12","guid":{"rendered":"https:\/\/www.europesays.com\/fi\/141637\/"},"modified":"2026-01-14T00:58:12","modified_gmt":"2026-01-14T00:58:12","slug":"noin-10-prosentin-vahennys-metsien-hakkuissa-saisi-suomen-saavuttamaan-kaikki-ilmastotavoitteet-kotimaa","status":"publish","type":"post","link":"https:\/\/www.europesays.com\/fi\/141637\/","title":{"rendered":"Noin 10 prosentin v\u00e4hennys metsien hakkuissa saisi Suomen saavuttamaan kaikki ilmasto\u00adtavoitteet | Kotimaa"},"content":{"rendered":"<ul class=\"aw-1jjocuh iJTSwP yle__article__list yle__article__list--ul\">\n<li class=\"aw-1j7gwms gNYKfi\">Ilmasto- ja luontopaneelit esitt\u00e4v\u00e4t, ett\u00e4 Suomen tulisi v\u00e4hent\u00e4\u00e4 hakkuita noin 60 miljoonaan kuutioon vuodessa.<\/li>\n<li class=\"aw-1j7gwms gNYKfi\">Se on edellytys Suomen ilmasto- ja luontotavoitteiden saavuttamiselle.<\/li>\n<li class=\"aw-1j7gwms gNYKfi\">Hakkuiden v\u00e4hent\u00e4minen vahvistaisi metsien hiilinielua.<\/li>\n<\/ul>\n<p class=\"aw-1gybjub aw-1p7kakr kEtdKx cEmitX yle__article__paragraph\">Metsien hakkuita pit\u00e4isi v\u00e4hent\u00e4\u00e4 noin kymmenen prosenttia nykyisest\u00e4, ett\u00e4 Suomen ilmasto- ja luontotavoitteet t\u00e4yttyisiv\u00e4t.<\/p>\n<p class=\"aw-1gybjub aw-1p7kakr kEtdKx cEmitX yle__article__paragraph\">Suomen llmastopaneeli ja luontopaneelin tuoreen raportin mukaan hakkuita voitaisiin tehd\u00e4 noin 60 miljoonaa kuutiota vuodessa. Viime vuosina mets\u00e4\u00e4 on hakattu keskim\u00e4\u00e4rin 73 miljoonaa kuutiometri\u00e4 vuodessa.<\/p>\n<p class=\"aw-1gybjub aw-1p7kakr kEtdKx cEmitX yle__article__paragraph\">Paneelien yhteisraportin mukaan ilmasto- ja luontotavoitteiden samanaikainen saavuttaminen ei ole mahdollista viime vuosien hakkuum\u00e4\u00e4r\u00e4ll\u00e4.<\/p>\n<p class=\"aw-1gybjub aw-1p7kakr kEtdKx cEmitX yle__article__paragraph\">Tavoitteet edellytt\u00e4isiv\u00e4t paitsi hakkuiden v\u00e4hent\u00e4mist\u00e4 my\u00f6s tiukasti suojeltujen metsien m\u00e4\u00e4r\u00e4n merkitt\u00e4v\u00e4\u00e4 kasvattamista.<\/p>\n<p class=\"aw-1gybjub aw-1p7kakr kEtdKx cEmitX yle__article__paragraph\">\u2013 Hakkuiden maltillistaminen l\u00e4helle kuudenkymmenen miljoonan kuutiometrin vuotuisia hakkuita mahdollistaa samanaikaisesti ilmastotavoitteiden saavuttamisen ja suojelupinta-alojen laajentamisen, sanoo luontopaneelin puheenjohtaja <strong class=\"aw-ak79eh KyCXm yle__article__strong\">Janne Kotiaho<\/strong>.<\/p>\n<p><img decoding=\"async\" alt=\"Mets\u00e4 Fibren sellutehdas sumuisena syysp\u00e4iv\u00e4n\u00e4.\" src=\"https:\/\/www.europesays.com\/fi\/wp-content\/uploads\/2026\/01\/39-155255369147f0657803.jpeg\" loading=\"lazy\" class=\"aw-1l9m598 hKVVvP\"\/><\/p>\n<p>Avaa kuvien katselu<\/p>\n<p>Mets\u00e4 Groupin sellutehdas Kemiss\u00e4 marraskuussa. Kuva: Antti Ullakko \/ Yle<\/p>\n<p class=\"aw-1gybjub aw-1p7kakr kEtdKx cEmitX yle__article__paragraph\">Metsien hiilinielut kehittyv\u00e4t sit\u00e4 suuremmiksi mit\u00e4 v\u00e4hemm\u00e4n mets\u00e4\u00e4 hakataan. Paneelit k\u00e4yttiv\u00e4t laskelmissaan 50 vuoden tarkastelujaksoa.<\/p>\n<p class=\"aw-1gybjub aw-1p7kakr kEtdKx cEmitX yle__article__paragraph\">My\u00f6s suojelupinta-alan laajentaminen ja luonnon monimuotoisuudelle t\u00e4rkeiden rakennepiirteiden \u2013 lahopuun, j\u00e4reiden puiden ja lehtipuun \u2013 lis\u00e4\u00e4minen talousmetsiss\u00e4 onnistuu helpommin, kun hakkuita on nykyist\u00e4 v\u00e4hemm\u00e4n.<\/p>\n<p class=\"aw-1gybjub aw-1p7kakr kEtdKx cEmitX yle__article__paragraph\">Mets\u00e4alan omat mets\u00e4nhoidon suositukset eiv\u00e4t riit\u00e4 turvaamaan luonnon monimuotoisuudelle t\u00e4rkeit\u00e4 rakennepiirteit\u00e4 talousmetsiss\u00e4, paneelit painottavat. Suosituksia koordinoi mets\u00e4talouspalvelu Tapio.<\/p>\n<p>Kolme hakkuuskenaariota: 60, 70 ja 80<\/p>\n<p class=\"aw-1gybjub aw-1p7kakr kEtdKx cEmitX yle__article__paragraph\">Paneelit laskivat kolme eri skenaariota, joissa hakattaisiin 60, 70 ja 80 miljoonaa kuutiota.<\/p>\n<p class=\"aw-1gybjub aw-1p7kakr kEtdKx cEmitX yle__article__paragraph\">Mets\u00e4alan omilla suosituksilla luonnon monimuotoisuus kehittyi talousmetsiss\u00e4 heikosti kaikilla tarkastelluilla hakkuum\u00e4\u00e4rill\u00e4, Suojeluun siirrett\u00e4vill\u00e4 alueilla kehitys taas oli huomattavan my\u00f6nteist\u00e4.<\/p>\n<p class=\"aw-1gybjub aw-1p7kakr kEtdKx cEmitX yle__article__paragraph\">Jos hakkuita ei v\u00e4hennet\u00e4 suojelun lis\u00e4\u00e4misen rinnalla, hakkuupaine talousk\u00e4ytt\u00f6\u00f6n j\u00e4\u00e4viss\u00e4 metsiss\u00e4 kasvaa ja heikent\u00e4\u00e4 luonnon monimuotoisuutta koko maassa.<\/p>\n<p class=\"aw-1gybjub aw-1p7kakr kEtdKx cEmitX yle__article__paragraph\"><strong class=\"aw-ak79eh KyCXm yle__article__strong\">Katso alta video, jossa mets\u00e4nomistaja Matti Arvio kertoo, miksei ole avohakannut mets\u00e4\u00e4ns\u00e4. Video on julkaistu syyskuussa 2025.<\/strong><\/p>\n<p class=\"aw-1gybjub aw-1p7kakr kEtdKx cEmitX yle__article__paragraph\">Tiedepaneelien suositus sopivaksi hakkuum\u00e4\u00e4r\u00e4ksi Suomen metsiss\u00e4 on 60 miljoonaa kuutiometri\u00e4 vuodessa. Se vastaa kotimaisten hakkuiden vuosittaista m\u00e4\u00e4r\u00e4\u00e4 1997\u20132012.<\/p>\n<p class=\"aw-1gybjub aw-1p7kakr kEtdKx cEmitX yle__article__paragraph\">T\u00e4m\u00e4n kokoiset hakkuut mahdollistavat Suomen ilmastotavoitteiden saavuttamisen ja suojelupinta-alojen laajentamisen. Suojelu tukee EU:n biodiversiteettistrategian ja ennallistamisasetuksen tavoitteita.<\/p>\n<p class=\"aw-1gybjub aw-1p7kakr kEtdKx cEmitX yle__article__paragraph\">Hakkuiden v\u00e4hent\u00e4minen mahdollistaisi my\u00f6s Suomen maank\u00e4ytt\u00f6sektorin vuoden 2030 EU-velvoitteen t\u00e4yttymisen ja kansallisen ilmastolain mukaisen vuoden 2035 hiilineutraaliustavoitten saavuttamisen.<\/p>\n<p class=\"aw-1gybjub aw-1p7kakr kEtdKx cEmitX yle__article__paragraph\">Jos muiden sektoreiden, esimerkiksi liikenteen ilmastotoimet etenev\u00e4t hyvin, hakkuut voisivat olla jopa hieman isommat kuin 60 miljoonaa kuutiota vuodessa.<\/p>\n<p class=\"aw-1gybjub aw-1p7kakr kEtdKx cEmitX yle__article__paragraph\">\u2013 Puhutaan suuruusluokaltaan noin 10 prosentin hakkuiden v\u00e4hent\u00e4mistarpeesta vuoteen 2035 menness\u00e4, sanoo Suomen ilmastopaneelin puheenjohtaja <strong class=\"aw-ak79eh KyCXm yle__article__strong\">Jyri Sepp\u00e4l\u00e4<\/strong>.<\/p>\n<p class=\"aw-1gybjub aw-1p7kakr kEtdKx cEmitX yle__article__paragraph\">Nykyisell\u00e4, noin 70 miljoonan kuutiometrin vuotuisella hakkuum\u00e4\u00e4r\u00e4ll\u00e4 metsien kokonaishiilitase pysyy puolestaan nettonieluna, mutta Suomen hiilineutraaliustavoitteesta 2035 j\u00e4\u00e4d\u00e4\u00e4n selv\u00e4sti. My\u00f6s vuoden 2030 EU-velvoite j\u00e4\u00e4 t\u00e4ytt\u00e4m\u00e4tt\u00e4.<\/p>\n<p class=\"aw-1gybjub aw-1p7kakr kEtdKx cEmitX yle__article__paragraph\">Korkeammat, 80 miljoonan kuutiometrin hakkuut taas est\u00e4isiv\u00e4t sovittujen ilmasto- ja luontotavoitteiden saavuttamisen. Suomi j\u00e4isi hyvin kauas ilmastotavoitteistaan, eik\u00e4 hakkuum\u00e4\u00e4r\u00e4 ole sovitettavissa yhteen suojelun lis\u00e4\u00e4misen ja luonnon monimuotoisuuden vahvistamisen kanssa.<\/p>\n<p class=\"aw-1gybjub aw-1p7kakr kEtdKx cEmitX yle__article__paragraph\">\u2013 Mets\u00e4t ovat avainasemassa ilmastonmuutoksen hillitsemisess\u00e4 ja luonnon monimuotoisuuden turvaamisessa. Hakkuiden maltillistaminen varmistaa, ett\u00e4 Suomi t\u00e4ytt\u00e4\u00e4 kansainv\u00e4liset velvoitteensa ja s\u00e4ilytt\u00e4\u00e4 mets\u00e4luonnon tarjoamat ekosysteemipalvelut my\u00f6s tulevien sukupolvien nautittavaksi, sanoo Suomen Luontopaneelin puheenjohtaja <strong class=\"aw-ak79eh KyCXm yle__article__strong\">Janne Kotiaho<\/strong>.<\/p>\n<p>Puunpolton v\u00e4hent\u00e4minen vapauttaisi teollisuudelle raaka-ainetta<\/p>\n<p class=\"aw-1gybjub aw-1p7kakr kEtdKx cEmitX yle__article__paragraph\">Paneelien mukaan hakkuiden maltillistaminen vaatii poliittista tahtoa ja p\u00e4\u00e4t\u00f6ksi\u00e4.<\/p>\n<p class=\"aw-1gybjub aw-1p7kakr kEtdKx cEmitX yle__article__paragraph\">EU:n p\u00e4\u00e4st\u00f6kaupan kaltainen mekanismi olisi kehitett\u00e4viss\u00e4 my\u00f6s metsien hakkuisiin hakkuiden m\u00e4\u00e4r\u00e4n rajoittamiseen.<\/p>\n<p class=\"aw-1gybjub aw-1p7kakr kEtdKx cEmitX yle__article__paragraph\">\u2013 Jos haitasta syntyy kustannus, haittoja pyrit\u00e4\u00e4n v\u00e4ltt\u00e4m\u00e4\u00e4n ja saadaan v\u00e4ltetty\u00e4 sen aiheuttamista, Kotiaho sanoo.<\/p>\n<p class=\"aw-1gybjub aw-1p7kakr kEtdKx cEmitX yle__article__paragraph\">Yksi keino hakkuiden v\u00e4hent\u00e4miseksi olisi vero, jolla ainespuun k\u00e4ytt\u00f6\u00e4 polttolaitoksissa v\u00e4hennett\u00e4isiin, ja s\u00e4\u00e4stynyt puu ohjattaisiin mets\u00e4teollisuuden tarpeisiin. Ainespuu on kaupalliset mitta- ja laatuvaatimukset t\u00e4ytt\u00e4v\u00e4\u00e4 puutavaraa.<\/p>\n<p class=\"aw-1gybjub aw-1p7kakr kEtdKx cEmitX yle__article__paragraph\">Noin viisi miljoonaa kuutiota vuodessa olisi paneelien mukaan v\u00e4hennett\u00e4viss\u00e4 puun polttamisesta energiantuotannossa kaukol\u00e4mm\u00f6ksi.<\/p>\n<p class=\"aw-1gybjub aw-1p7kakr kEtdKx cEmitX yle__article__paragraph\">Mets\u00e4teollisuuden omalla materiaalitehostumisella on Sepp\u00e4l\u00e4n mukaan my\u00f6s merkityst\u00e4.<\/p>\n<p class=\"aw-1gybjub aw-1p7kakr kEtdKx cEmitX yle__article__paragraph\">\u2013 Puusta pit\u00e4isi tehd\u00e4 enemm\u00e4n ja parempaa arvonlis\u00e4\u00e4, h\u00e4n sanoo.<\/p>\n<p class=\"aw-1gybjub aw-1p7kakr kEtdKx cEmitX yle__article__paragraph\">My\u00f6s mets\u00e4lain uudistaminen olisi paneelien mukaan tarpeen.<\/p>\n<p class=\"aw-1gybjub aw-1p7kakr kEtdKx cEmitX yle__article__paragraph\">\u2013 Sinne voisi kirjata monimuotoisuudelle t\u00e4rkeit\u00e4 asioita, Kotiaho sanoo.<\/p>\n<p class=\"aw-1gybjub aw-1p7kakr kEtdKx cEmitX yle__article__paragraph\">Kiertoaikojen pident\u00e4minen ja harvennusten lievent\u00e4minen parantaisivat my\u00f6s metsien hiilitasetta.<\/p>\n<p class=\"aw-1gybjub aw-1p7kakr kEtdKx cEmitX yle__article__paragraph\">Onko sinulla meille juttuvinkki? Voit l\u00e4hesty\u00e4 toimitusta luottamuksella.<\/p>\n","protected":false},"excerpt":{"rendered":"Ilmasto- ja luontopaneelit esitt\u00e4v\u00e4t, ett\u00e4 Suomen tulisi v\u00e4hent\u00e4\u00e4 hakkuita noin 60 miljoonaan kuutioon vuodessa. Se on edellytys Suomen&hellip;\n","protected":false},"author":2,"featured_media":141638,"comment_status":"","ping_status":"","sticky":false,"template":"","format":"standard","meta":{"footnotes":""},"categories":[5],"tags":[22,23,26,27,33,31,30,17,1096,1776,71,24,25,961,72,28,29,823,1963,2251,15,18,21,637,32,78,2226,119,19,20,16],"class_list":{"0":"post-141637","1":"post","2":"type-post","3":"status-publish","4":"format-standard","5":"has-post-thumbnail","7":"category-otsikot","8":"tag-breaking-news","9":"tag-breakingnews","10":"tag-featured-news","11":"tag-featurednews","12":"tag-fi","13":"tag-finland","14":"tag-finnish","15":"tag-headlines","16":"tag-ilmasto","17":"tag-ilmastonmuutos","18":"tag-kotimaa","19":"tag-latest-news","20":"tag-latestnews","21":"tag-luonnonsuojelu","22":"tag-luonto","23":"tag-main-news","24":"tag-mainnews","25":"tag-metsat","26":"tag-metsatalous","27":"tag-metsateollisuus","28":"tag-news","29":"tag-otsikot","30":"tag-paauutiset","31":"tag-politiikka","32":"tag-suomi","33":"tag-talous","34":"tag-talousmetsat","35":"tag-tiede","36":"tag-top-stories","37":"tag-topstories","38":"tag-uutiset"},"share_on_mastodon":{"url":"https:\/\/pubeurope.com\/@fi\/115890743055347807","error":""},"_links":{"self":[{"href":"https:\/\/www.europesays.com\/fi\/wp-json\/wp\/v2\/posts\/141637","targetHints":{"allow":["GET"]}}],"collection":[{"href":"https:\/\/www.europesays.com\/fi\/wp-json\/wp\/v2\/posts"}],"about":[{"href":"https:\/\/www.europesays.com\/fi\/wp-json\/wp\/v2\/types\/post"}],"author":[{"embeddable":true,"href":"https:\/\/www.europesays.com\/fi\/wp-json\/wp\/v2\/users\/2"}],"replies":[{"embeddable":true,"href":"https:\/\/www.europesays.com\/fi\/wp-json\/wp\/v2\/comments?post=141637"}],"version-history":[{"count":0,"href":"https:\/\/www.europesays.com\/fi\/wp-json\/wp\/v2\/posts\/141637\/revisions"}],"wp:featuredmedia":[{"embeddable":true,"href":"https:\/\/www.europesays.com\/fi\/wp-json\/wp\/v2\/media\/141638"}],"wp:attachment":[{"href":"https:\/\/www.europesays.com\/fi\/wp-json\/wp\/v2\/media?parent=141637"}],"wp:term":[{"taxonomy":"category","embeddable":true,"href":"https:\/\/www.europesays.com\/fi\/wp-json\/wp\/v2\/categories?post=141637"},{"taxonomy":"post_tag","embeddable":true,"href":"https:\/\/www.europesays.com\/fi\/wp-json\/wp\/v2\/tags?post=141637"}],"curies":[{"name":"wp","href":"https:\/\/api.w.org\/{rel}","templated":true}]}}