{"id":141639,"date":"2026-01-14T01:10:14","date_gmt":"2026-01-14T01:10:14","guid":{"rendered":"https:\/\/www.europesays.com\/fi\/141639\/"},"modified":"2026-01-14T01:10:14","modified_gmt":"2026-01-14T01:10:14","slug":"ylen-suosikkijuontaja-mika-parikka-vaikeuksissa-triplassa","status":"publish","type":"post","link":"https:\/\/www.europesays.com\/fi\/141639\/","title":{"rendered":"Ylen suosikkijuontaja Mika Parikka vaikeuksissa Triplassa"},"content":{"rendered":"<p>\n            20240813 HELSINKI. Selviytyj\u00e4t Suomi -ohjelman lehdist\u00f6tilaisuus. Mika Parikka. KUVA: ATTE KAJOVA<br \/>\n            ATTE KAJOVA\n        <\/p>\n<p class=\"subtitle \">Lukijan mukaan tunnelma oli rento, ja Mikalla vaikutti olevan oma tukijoukkonsa.<\/p>\n<p class=\"article-content article-content-width !bg-background\">Helsingin Pasilassa sijaitsevassa kauppakeskus Triplassa j\u00e4rjestettiin darts-hipat \u2013 virallisesti siis Suomen Cup.<\/p>\n<p class=\"article-content article-content-width !bg-background\">Jengi\u00e4 riitti \u2013 ja tunnelma oli upea.<\/p>\n<p class=\"article-content article-content-width !bg-background\">N\u00e4in kuvailee Seiskalle muuan paikalla ollut lukija.<\/p>\n<p class=\"article-content article-content-width !bg-background\">N\u00e4kip\u00e4 h\u00e4n my\u00f6s YleX:n aamusta tutun , joka edusti Kilari Darts -seuraansa.<\/p>\n<p class=\"article-content article-content-width !bg-background\">Seuraa, joka on oman somensa mukaan \u201dtaidoiltaan Suomen ep\u00e4tasaisin ja fiilikselt\u00e4\u00e4n tasaisin urheilujoukkue\u201d.<\/p>\n<p class=\"article-content article-content-width !bg-background\">\u2013 Mika oli oikein hyv\u00e4ntuulinen ja naputteli menem\u00e4\u00e4n.<\/p>\n<p>        <a itemprop=\"url\" href=\"https:\/\/www.seiska.fi\/katso\/uskoisitko-suosikkijuontajan-todellista-ikaa-joutui-pulaan-alkossa\/1848529\" rel=\"nofollow noopener\" target=\"_blank\"><\/p>\n<p>\nSuosikkijuontaja\n<\/p>\n<p class=\"section-date\">\n        <strong class=\"article-section\" data-section=\"katso\"><br \/>\n            katso<br \/>\n        <\/strong><br \/>\n        26.6.2025 16:15\n    <\/p>\n<p>Uskoisitko suosikkijuontajan todellista ik\u00e4\u00e4? Joutui pulaan Alkossa\n    <\/p>\n<p itemprop=\"description\" class=\"subtitle \">\n    Ylexin juontaja Mika Parikan ulkon\u00e4k\u00f6 on her\u00e4tt\u00e4nyt ihmetyst\u00e4 my\u00f6s ty\u00f6el\u00e4m\u00e4ss\u00e4.\n<\/p>\n<p>        <\/a><\/p>\n<p>                <img decoding=\"async\" src=\"https:\/\/www.europesays.com\/fi\/wp-content\/uploads\/2026\/01\/2042919.webp.jpeg\" width=\"576\" height=\"855\" alt=\"Mika oli hyv\u00e4ntuulinen, vaikka heittok\u00e4si on toiminut paremminkin.\" loading=\"lazy\" \/>            <\/p>\n<p>\n            Mika oli hyv\u00e4ntuulinen, vaikka heittok\u00e4si on toiminut paremminkin.<br \/>\n            Lukijan kuva\n        <\/p>\n<p>&#8221;Hyv\u00e4ll\u00e4 fiiliksell\u00e4!&#8221;<\/p>\n<p class=\"article-content article-content-width !bg-background\">Lukija kertoo kuulleensa parin tuttunsa harmitelleen, etteiv\u00e4t p\u00e4\u00e4sseet heitt\u00e4m\u00e4\u00e4n Mikaa vastaan.<\/p>\n<p class=\"article-content article-content-width !bg-background\">\u2013 J\u00e4i jotenkin k\u00e4sitys, ett\u00e4 moni muukin olisi halunnut kohdata Mikan.<\/p>\n<p class=\"article-content article-content-width !bg-background\">\u2013 Ainakin h\u00e4nen ymp\u00e4rilleen oli ker\u00e4\u00e4ntynyt paljon porukkaa katsomaan, kuinka heitto sujuu.<\/p>\n<p class=\"article-content article-content-width !bg-background\">Tunnelma oli rento, ja Mikalla vaikutti olevan oma tukijoukkonsa.<\/p>\n<p class=\"article-content article-content-width !bg-background\">\u2013 Hyv\u00e4ll\u00e4 fiiliksell\u00e4!<\/p>\n<p>        <a itemprop=\"url\" href=\"https:\/\/www.seiska.fi\/katso\/mika-parikan-selviytyjat-menestys-ihmetyttaa-katsojia-melko-epeli\/1549374\" rel=\"nofollow noopener\" target=\"_blank\"><\/p>\n<p class=\"section-date\">\n        <strong class=\"article-section\" data-section=\"katso\"><br \/>\n            katso<br \/>\n        <\/strong><br \/>\n        12.12.2024 07:15\n    <\/p>\n<p>Mika Parikan Selviytyj\u00e4t-menestys ihmetytt\u00e4\u00e4 katsojia: \u201dMelko epeli\u201d\n    <\/p>\n<p itemprop=\"description\" class=\"subtitle \">\n    Katsojat pohtivat, miten Mika Parikka on edelleen mukana Selviytyj\u00e4t Suomessa.\n<\/p>\n<p>        <\/a><\/p>\n<p>                <img decoding=\"async\" src=\"https:\/\/www.europesays.com\/fi\/wp-content\/uploads\/2026\/01\/2042921.webp.jpeg\" width=\"576\" height=\"792\" alt=\"Mikalla oli seuran asu p\u00e4\u00e4ll\u00e4 ja takana luki 'MIKKE PEE' eli Mika Parikan nimikirjaimia mukaillen.\" loading=\"lazy\" \/>            <\/p>\n<p>\n            Mikalla oli seuran asu p\u00e4\u00e4ll\u00e4 ja takana luki &#8221;MIKKE PEE&#8221; eli Mika Parikan nimikirjaimia mukaillen.<br \/>\n            Lukijan kuva\n        <\/p>\n<p>Tie loppui lyhyeen<\/p>\n<p class=\"article-content article-content-width !bg-background\">Pelkk\u00e4 hyv\u00e4 fiilis ei kuitenkaan riitt\u00e4nyt, sill\u00e4 sek\u00e4 pari- ett\u00e4 joukkuekilpailussa heitelleen Mikan matka tyss\u00e4si ekoihin otteluihin.<\/p>\n<p class=\"article-content article-content-width !bg-background\">Mika on puhunut radiossa antaumuksella rakkaasta harrastuksestaan, joka on siis harrastuksena pysym\u00e4ss\u00e4, sill\u00e4 ammattilaisuus ei liene t\u00e4ss\u00e4 kohtaa Mikan uraa realistinen asia.<\/p>\n<p class=\"article-content article-content-width !bg-background\">Lukija kertoo n\u00e4hneens\u00e4 kisoissa my\u00f6s Idols-voittaja , joka oli ilmeisesti kannustusjoukoissa, sill\u00e4 Arin nime\u00e4 ei l\u00f6ydy tuloksista.<\/p>\n<p>        <a itemprop=\"url\" href=\"https:\/\/www.seiska.fi\/kotimaa\/ylex-aamun-uudet-juontajat-julki\/273648\" rel=\"nofollow noopener\" target=\"_blank\"><\/p>\n<p class=\"section-date\">\n        <strong class=\"article-section\" data-section=\"kotimaa\"><br \/>\n            kotimaa<br \/>\n        <\/strong><br \/>\n        14.6.2022 09:44\n    <\/p>\n<p>YleX Aamun uudet juontajat julki!\n    <\/p>\n<p>        <\/a><\/p>\n<p>&#8221;T\u00e4mm\u00f6si\u00e4 tonttujakin kohtaan&#8221;<\/p>\n<p class=\"article-content article-content-width !bg-background\">Seiska tavoitti Mikan sunnuntaina, jolloin Triplassa kisattiin yksil\u00f6kisassa.<\/p>\n<p class=\"article-content article-content-width !bg-background\">\u2013 Ei mennyt hyvin t\u00e4n\u00e4\u00e4nk\u00e4\u00e4n, Mika naurahtaa.<\/p>\n<p class=\"article-content article-content-width !bg-background\">Kisa loppui sunnuntainakin ensimm\u00e4isen koitoksen j\u00e4lkeen Mikan osalta.<\/p>\n<p class=\"article-content article-content-width !bg-background\">Yht\u00e4 kaikki, Mikalla on vain hyv\u00e4\u00e4 sanottavaa lajista ja yhteis\u00f6st\u00e4.<\/p>\n<p class=\"article-content article-content-width !bg-background\">\u2013 Mutta hauskaa oli voitonkin edest\u00e4!<br \/>\nTikkav\u00e4ki on hemmetin mukavaa ja vastaanottavaista t\u00e4mm\u00f6si\u00e4 tonttujakin kohtaan.<\/p>\n","protected":false},"excerpt":{"rendered":"20240813 HELSINKI. Selviytyj\u00e4t Suomi -ohjelman lehdist\u00f6tilaisuus. Mika Parikka. KUVA: ATTE KAJOVA ATTE KAJOVA Lukijan mukaan tunnelma oli rento,&hellip;\n","protected":false},"author":2,"featured_media":141640,"comment_status":"","ping_status":"","sticky":false,"template":"","format":"standard","meta":{"footnotes":""},"categories":[136],"tags":[24381,407,137,33,31,30,104,408,24382,13182,32,24383,1700,109],"class_list":{"0":"post-141639","1":"post","2":"type-post","3":"status-publish","4":"format-standard","5":"has-post-thumbnail","7":"category-julkkikset","8":"tag-ari-koivunen","9":"tag-celebrities","10":"tag-entertainment","11":"tag-fi","12":"tag-finland","13":"tag-finnish","14":"tag-helsinki","15":"tag-julkkikset","16":"tag-mika-parikka","17":"tag-suomen-cup","18":"tag-suomi","19":"tag-triplan-kauppakeskus","20":"tag-urheilulaji","21":"tag-viihde"},"share_on_mastodon":{"url":"https:\/\/pubeurope.com\/@fi\/115890790250497474","error":""},"_links":{"self":[{"href":"https:\/\/www.europesays.com\/fi\/wp-json\/wp\/v2\/posts\/141639","targetHints":{"allow":["GET"]}}],"collection":[{"href":"https:\/\/www.europesays.com\/fi\/wp-json\/wp\/v2\/posts"}],"about":[{"href":"https:\/\/www.europesays.com\/fi\/wp-json\/wp\/v2\/types\/post"}],"author":[{"embeddable":true,"href":"https:\/\/www.europesays.com\/fi\/wp-json\/wp\/v2\/users\/2"}],"replies":[{"embeddable":true,"href":"https:\/\/www.europesays.com\/fi\/wp-json\/wp\/v2\/comments?post=141639"}],"version-history":[{"count":0,"href":"https:\/\/www.europesays.com\/fi\/wp-json\/wp\/v2\/posts\/141639\/revisions"}],"wp:featuredmedia":[{"embeddable":true,"href":"https:\/\/www.europesays.com\/fi\/wp-json\/wp\/v2\/media\/141640"}],"wp:attachment":[{"href":"https:\/\/www.europesays.com\/fi\/wp-json\/wp\/v2\/media?parent=141639"}],"wp:term":[{"taxonomy":"category","embeddable":true,"href":"https:\/\/www.europesays.com\/fi\/wp-json\/wp\/v2\/categories?post=141639"},{"taxonomy":"post_tag","embeddable":true,"href":"https:\/\/www.europesays.com\/fi\/wp-json\/wp\/v2\/tags?post=141639"}],"curies":[{"name":"wp","href":"https:\/\/api.w.org\/{rel}","templated":true}]}}