{"id":141641,"date":"2026-01-14T01:17:15","date_gmt":"2026-01-14T01:17:15","guid":{"rendered":"https:\/\/www.europesays.com\/fi\/141641\/"},"modified":"2026-01-14T01:17:15","modified_gmt":"2026-01-14T01:17:15","slug":"taitoluistelu-suomella-on-em-kisoissa-kaksi-mitaliehdokasta","status":"publish","type":"post","link":"https:\/\/www.europesays.com\/fi\/141641\/","title":{"rendered":"Taitoluistelu: Suomella on EM-kisoissa kaksi mitaliehdokasta"},"content":{"rendered":"<p>Taitoluistelu|Taitoluistelun EM-kilpailut k\u00e4ynnistyv\u00e4t keskiviikkona. Suomalaisodotukset ovat korkealla erityisesti j\u00e4\u00e4tanssissa.<\/p>\n<p>Lue tiivistelm\u00e4<\/p>\n<p class=\"article-body mb-nof-24 px-nof-16 sndp-summary-bullet-point-font\">Taitoluistelun EM-kilpailut alkavat keskiviikkona Britannian Sheffieldiss\u00e4.<\/p>\n<p class=\"article-body mb-nof-24 px-nof-16 sndp-summary-bullet-point-font\">Suomen mitaliehdokkaita ovat 17-vuotias yksinluistelija Iida Karhunen sek\u00e4 j\u00e4\u00e4tanssipari Juulia Turkkila ja Matthias Versluis.<\/p>\n<p class=\"article-body mb-nof-24 px-nof-16 sndp-summary-bullet-point-font\">Karhunen voitti joulukuun SM-kisoissa Suomen mestaruuden t\u00e4ydellisell\u00e4 vapaaohjelmalla.<\/p>\n<p class=\"article-body mb-nof-24 px-nof-16 sndp-summary-bullet-point-font\">J\u00e4\u00e4tanssissa Suomella on kolme paria mukana ensimm\u00e4ist\u00e4 kertaa 32 vuoteen.<\/p>\n<p class=\"article-body mb-nof-24 px-nof-16\">Taitoluistelun EM-kilpailut k\u00e4ynnistyv\u00e4t keskiviikkona Britannian Sheffieldiss\u00e4. Suomesta kisoihin matkaa yhteens\u00e4 kahdeksan luistelijaa, joista nelj\u00e4 on ensikertalaisia.<\/p>\n<p class=\"article-body mb-nof-24 px-nof-16\">Yksinluistelussa Suomea edustavat <a class=\"font-bold underline-offset-[0.12em] [text-decoration:var(--person-link-text-decoration)] ![text-decoration-color:var(--person-link-text-decoration-color)]\" href=\"https:\/\/www.hs.fi\/haku\/?query=Iida%20Karhunen\" rel=\"nofollow noopener\" target=\"_blank\">Iida Karhunen<\/a> ja <a class=\"font-bold underline-offset-[0.12em] [text-decoration:var(--person-link-text-decoration)] ![text-decoration-color:var(--person-link-text-decoration-color)]\" href=\"https:\/\/www.hs.fi\/haku\/?query=Matias%20Lindfors\" rel=\"nofollow noopener\" target=\"_blank\">Matias Lindfors<\/a>, sill\u00e4 Suomella on vain yksi maapaikka sek\u00e4 naisten ett\u00e4 miesten sarjoissa.<\/p>\n<p class=\"article-body mb-nof-24 px-nof-16\">17-vuotias Karhunen luistelee ensimm\u00e4ist\u00e4 kauttaan aikuisten sarjassa, mutta onnistuessaan huippulupaus voi taistella jopa mitalista.<\/p>\n<p class=\"article-body mb-nof-24 px-nof-16\">Suomalaisodotukset ovat korkealla erityisesti j\u00e4\u00e4tanssissa, jossa maapaikkoja on nyt kolme. Edellisen kerran suomalaiset ovat ylt\u00e4neet samaan vuonna 1994.<\/p>\n<p class=\"article-body mb-nof-24 px-nof-16\">Vuoden 2023 EM-pronssimitalistien <a class=\"font-bold underline-offset-[0.12em] [text-decoration:var(--person-link-text-decoration)] ![text-decoration-color:var(--person-link-text-decoration-color)]\" href=\"https:\/\/www.hs.fi\/haku\/?query=Juulia%20Turkkilan\" rel=\"nofollow noopener\" target=\"_blank\">Juulia Turkkilan<\/a> ja <a class=\"font-bold underline-offset-[0.12em] [text-decoration:var(--person-link-text-decoration)] ![text-decoration-color:var(--person-link-text-decoration-color)]\" href=\"https:\/\/www.hs.fi\/haku\/?query=Matthias%20Versluisin\" rel=\"nofollow noopener\" target=\"_blank\">Matthias Versluisin<\/a> sek\u00e4 huippupari <a class=\"font-bold underline-offset-[0.12em] [text-decoration:var(--person-link-text-decoration)] ![text-decoration-color:var(--person-link-text-decoration-color)]\" href=\"https:\/\/www.hs.fi\/haku\/?query=Yuka%20Oriharan\" rel=\"nofollow noopener\" target=\"_blank\">Yuka Oriharan<\/a> ja <a class=\"font-bold underline-offset-[0.12em] [text-decoration:var(--person-link-text-decoration)] ![text-decoration-color:var(--person-link-text-decoration-color)]\" href=\"https:\/\/www.hs.fi\/haku\/?query=Juho%20Pirisen\" rel=\"nofollow noopener\" target=\"_blank\">Juho Pirisen<\/a> lis\u00e4ksi Suomesta mukana ovat my\u00f6s<a class=\"font-bold underline-offset-[0.12em] [text-decoration:var(--person-link-text-decoration)] ![text-decoration-color:var(--person-link-text-decoration-color)]\" href=\"https:\/\/www.hs.fi\/haku\/?query=%20Daniela%20Ivanitskiy\" rel=\"nofollow noopener\" target=\"_blank\"> Daniela Ivanitskiy<\/a> ja <a class=\"font-bold underline-offset-[0.12em] [text-decoration:var(--person-link-text-decoration)] ![text-decoration-color:var(--person-link-text-decoration-color)]\" href=\"https:\/\/www.hs.fi\/haku\/?query=Matthew%20Sperry\" rel=\"nofollow noopener\" target=\"_blank\">Matthew Sperry<\/a>.<\/p>\n<p class=\"article-body mb-nof-24 px-nof-16\">Viime talven EM-j\u00e4ill\u00e4 Turkkila ja Versluis ylsiv\u00e4t nelj\u00e4nneksi j\u00e4\u00e4den mitalista alle pisteen p\u00e4\u00e4h\u00e4n. Orihara ja Pirinen olivat seitsem\u00e4nsi\u00e4.<\/p>\n<p class=\"article-body mb-nof-24 px-nof-16\">Karhusen lis\u00e4ksi juuri Turkkila ja Versluis kuuluvat Suomen menestystoivoihin Sheffieldiss\u00e4. He avasivat kuitenkin kisakautensa Versluisin loukkaantumisen vuoksi vasta joulukuun SM-kisoissa.<\/p>\n<p><img decoding=\"async\" src=\"https:\/\/www.europesays.com\/fi\/wp-content\/uploads\/2026\/01\/1768353433_172_468.jpg\" alt=\"Juulia Turkkila harjoitteli viime vuonna ajoittain yksin, kun h\u00e4nen parinsa Matthias Versluis k\u00e4rsi loukkaantumisesta.\" class=\"_Img_1rerz_1\" style=\"aspect-ratio:1.5\" loading=\"eager\"\/><\/p>\n<p class=\"article-picture-caption\">Juulia Turkkila harjoitteli viime vuonna ajoittain yksin, kun h\u00e4nen parinsa Matthias Versluis k\u00e4rsi loukkaantumisesta. Kuva:\u00a0Eeva Valtokari<\/p>\n<p class=\"article-body mb-nof-24 px-nof-16\">Ennen vuodenvaihdetta molemmat Suomen k\u00e4rkiparit esiintyiv\u00e4t Saksassa n\u00e4yt\u00f6skiertueella.<\/p>\n<p class=\"article-body mb-nof-24 px-nof-16\">Kolme esityst\u00e4 loppuunmyydyill\u00e4 areenoilla nostivat Turkkilan ja Versluisin itseluottamusta.<\/p>\n<p class=\"article-body mb-nof-24 px-nof-16\">\u201dHaettiin esiintymisrutiinia erityisesti rytmitanssia varten, siell\u00e4 p\u00e4\u00e4stiin toteuttamaan sit\u00e4 isomman yleis\u00f6n edess\u00e4\u201d, Turkkila kertoo lehdist\u00f6tilaisuudessa Helsinki-Vantaan lentoaseman l\u00e4heisess\u00e4 hotellissa.<\/p>\n<p class=\"article-body mb-nof-24 px-nof-16\">\u201dSen j\u00e4lkeen on ollut yksi kovempi, normaali treeniviikko. Ollaan ehdottomasti valmiita EM-kisoihin\u201d, h\u00e4n jatkaa.<\/p>\n<p class=\"article-body mb-nof-24 px-nof-16\">Kansainv\u00e4lisiss\u00e4 kilpailuissa pari ei ole esiintynyt viel\u00e4 lainkaan, joten suoritustaso on viel\u00e4 pieni kysymysmerkki. SM-kisoissa he voittivat kultaa.<\/p>\n<p class=\"article-body mb-nof-24 px-nof-16\">\u201dJos SM-kisoihin vertaa, niin on t\u00e4ss\u00e4 paljon varmempi ja paremmin valmistautunut olo. Toki se, ett\u00e4 syksy on j\u00e4\u00e4nyt v\u00e4list\u00e4, ei ole ihan optimaalista, mutta kaikki t\u00e4ss\u00e4 on tehty, mihin pystyt\u00e4\u00e4n\u201d, Versluis sanoo.<\/p>\n<p class=\"article-body mb-nof-24 px-nof-16\">\u201dJa varmuus on noussut treeneiss\u00e4, joten innolla l\u00e4hdet\u00e4\u00e4n.\u201d<\/p>\n<p><img decoding=\"async\" src=\"https:\/\/www.europesays.com\/fi\/wp-content\/uploads\/2026\/01\/1768353434_569_468.jpg\" alt=\"Juulia Turkkila ja Matthias Versluis ihastuttivat Lahdessa joulukuussa.\" class=\"_Img_1rerz_1\" style=\"aspect-ratio:1.5\" loading=\"eager\"\/><\/p>\n<p class=\"article-picture-caption\">Juulia Turkkila ja Matthias Versluis ihastuttivat Lahdessa joulukuussa. Kuva:\u00a0Petteri Tuohinen \/ HS<\/p>\n<p class=\"article-body mb-nof-24 px-nof-16\">Suomi menetti toisen maapaikkansa naisten yksinluisteluun viime vuoden EM-kisoissa Tallinnassa. Sen vuoksi naisten ainoasta kisalipusta k\u00e4ytiin armottoman tiukka taisto.<\/p>\n<p class=\"article-body mb-nof-24 px-nof-16\">Karhunen loisti SM-kisoissa Lahdessa ja vei kisapaikan viimeisell\u00e4 mahdollisella hetkell\u00e4 <a class=\"font-bold underline-offset-[0.12em] [text-decoration:var(--person-link-text-decoration)] ![text-decoration-color:var(--person-link-text-decoration-color)]\" href=\"https:\/\/www.hs.fi\/haku\/?query=Olivia%20Liskon\" rel=\"nofollow noopener\" target=\"_blank\">Olivia Liskon<\/a> k\u00e4sist\u00e4. H\u00e4n voitti Suomen mestaruuden h\u00e4mm\u00e4stytt\u00e4v\u00e4n hyv\u00e4n vapaaohjelmansa ansiosta.<\/p>\n<p class=\"article-body mb-nof-24 px-nof-16\">\u201dSe oli ihan t\u00e4ydellinen. Ei tuon paremmin voi periaatteessa tehd\u00e4, koska kaikki vaikeustasot ovat kohdallaan, kaikki hypyt ovat ehji\u00e4. Siell\u00e4 ei ollut pienint\u00e4k\u00e4\u00e4n virhett\u00e4\u201d, Ylen asiantuntija ja selostaja <a class=\"font-bold underline-offset-[0.12em] [text-decoration:var(--person-link-text-decoration)] ![text-decoration-color:var(--person-link-text-decoration-color)]\" href=\"https:\/\/www.hs.fi\/haku\/?query=Mika%20Saarelainen\" rel=\"nofollow noopener\" target=\"_blank\">Mika Saarelainen<\/a> hehkutti SM-kisojen j\u00e4lkeen.<\/p>\n<p class=\"article-body mb-nof-24 px-nof-16\">\u201dJos h\u00e4n tekee tuollaiset ohjelmat, niin h\u00e4n on EM-kisoissa mitaliehdokkaana. Eik\u00e4 mitenk\u00e4\u00e4n suomalaisin silmin katsottuna, vaan matematiikalla. Hyvin vahva mitaliehdokas.\u201d<\/p>\n<p class=\"article-body mb-nof-24 px-nof-16\">Kylm\u00e4p\u00e4inen nuori ei kilpaile ensimm\u00e4ist\u00e4 kertaa korkealla tasolla, vaikka Karhunen debytoi keskiviikkona aikuisten arvokisoissa.<\/p>\n<p class=\"article-body mb-nof-24 px-nof-16\">\u201dEi ainakaan viel\u00e4 j\u00e4nnit\u00e4. On tosi kivaa p\u00e4\u00e4st\u00e4 edustamaan Suomea\u201d, juniorihuippu toteaa.<\/p>\n<p><img decoding=\"async\" src=\"https:\/\/www.europesays.com\/fi\/wp-content\/uploads\/2026\/01\/1768353434_730_468.jpg\" alt=\"Iida Karhusen esitys SM-kisojen vapaaohjelmassa oli poikkeuksellinen.\" class=\"_Img_1rerz_1\" style=\"aspect-ratio:1.5\" loading=\"eager\"\/><\/p>\n<p class=\"article-picture-caption\">Iida Karhusen esitys SM-kisojen vapaaohjelmassa oli poikkeuksellinen. Kuva:\u00a0Petteri Tuohinen \/ HS<\/p>\n<p class=\"article-body mb-nof-24 px-nof-16\">Marraskuussa Karhunen oli kuudes huipputasoisessa Grand Prix -kilpailussa Helsingiss\u00e4.<\/p>\n<p class=\"article-body mb-nof-24 px-nof-16\">Viel\u00e4 silloin h\u00e4n kertoi j\u00e4nnitt\u00e4neens\u00e4 ennen lyhytohjelmaa, mutta t\u00e4r\u00e4ytti huippusuorituksen vapaaohjelmassa.<\/p>\n<p class=\"article-body mb-nof-24 px-nof-16\">\u201dUskon, ett\u00e4 se kokemus helpottaa. On paljon helpompaa l\u00e4hte\u00e4 EM-kisoihin, kun on jo harjoittelut sellaista tilannetta.\u201d<\/p>\n<p class=\"article-body mb-nof-24 px-nof-16\">Sheffieldiin vaatimaton Karhunen ei aseta itselleen isoja odotuksia.<\/p>\n<p class=\"article-body mb-nof-24 px-nof-16\">\u201dKeskityn ehjiin ja puhtaisiin suorituksiin, ettei olisi mit\u00e4\u00e4n isompia virheit\u00e4.\u201d<\/p>\n<p class=\"article-body mb-nof-24 px-nof-16\">\u201dHaluaisin tuoda Suomelle useamman paikan ensi vuoden EM-kisoihin. Muuten en ole asettanut mit\u00e4\u00e4n sijoitustavoitetta.\u201d<\/p>\n<p class=\"article-body mb-nof-24 px-nof-16\">Toisen maapaikan saavuttaakseen Karhusen olisi sijoituttava k\u00e4rkikymmenikk\u00f6\u00f6n.<\/p>\n<p><img decoding=\"async\" src=\"https:\/\/www.europesays.com\/fi\/wp-content\/uploads\/2026\/01\/1768353434_397_468.jpg\" alt=\"Iida Karhunen on ollut kovissa paikoissa aiemminkin.\" class=\"_Img_1rerz_1\" style=\"aspect-ratio:1.5\" loading=\"eager\"\/><\/p>\n<p class=\"article-picture-caption\">Iida Karhunen on ollut kovissa paikoissa aiemminkin. Kuva:\u00a0Eeva Valtokari<\/p>\n<p class=\"article-body mb-nof-24 px-nof-16\">Ensikertalaisiin kuuluu my\u00f6s Matias Lindfors. 18-vuotias luistelija on entisen EM-pronssimitalistin <a class=\"font-bold underline-offset-[0.12em] [text-decoration:var(--person-link-text-decoration)] ![text-decoration-color:var(--person-link-text-decoration-color)]\" href=\"https:\/\/www.hs.fi\/haku\/?query=Viveca%20Lindforsin\" rel=\"nofollow noopener\" target=\"_blank\">Viveca Lindforsin<\/a> pikkuveli.<\/p>\n<p class=\"article-body mb-nof-24 px-nof-16\">\u201dL\u00e4ht\u00f6kohtaisesti tavoitteena on p\u00e4\u00e4st\u00e4 vapaaohjelmaan. Niist\u00e4 paikoista tulee tosi kova kisa, mutta pystyn kyll\u00e4 siihen\u201d, Sheffieldiin matkaava Lindfors sanoo.<\/p>\n<p class=\"article-body mb-nof-24 px-nof-16\">\u201dVapaaohjelmassa haluaisin tehd\u00e4 sellaisen suorituksen, johon on itse tyytyv\u00e4inen.\u201d<\/p>\n<p>Fakta<\/p>\n<p>Taitoluistelun EM-kisat, Suomen joukkue:<\/p>\n<p class=\"article-body mb-nof-24 px-nof-16\">Naiset: Iida Karhunen<\/p>\n<p class=\"article-body mb-nof-24 px-nof-16\">Miehet: Matias Lindfors<\/p>\n<p class=\"article-body mb-nof-24 px-nof-16\">J\u00e4\u00e4tanssi: Juulia Turkkila ja Matthias Versluis, Yuka Orihara ja Juho Pirinen, Daniela Ivanitskiy ja Matthew Sperry<\/p>\n<p class=\"article-body mb-nof-24 px-nof-16\">J\u00e4\u00e4tanssissa seitsem\u00e4tt\u00e4 sijaa puolustavat Yuka Orihara ja Juho Pirinen eiv\u00e4t Karhusen tapaan lataa suuria odotuksia itselleen.<\/p>\n<p class=\"article-body mb-nof-24 px-nof-16\">\u201dMe olimme viime vuonna aika korkealla, emme ehk\u00e4 odottaneet niin korkeaa sijaa. Sit\u00e4 ennen olimme kymmenensi\u00e4. Puhuttiin, ett\u00e4 yritet\u00e4\u00e4n pysy\u00e4 kymmenen parhaan joukossa\u201d, Pirinen kertoo.<\/p>\n<p class=\"article-body mb-nof-24 px-nof-16\">\u201dOlin valmis siihen, ett\u00e4 sija putoaa alasp\u00e4in, koska j\u00e4\u00e4tanssijoiden taso oli niin paljon kovempi kuin aiemmin\u201d, Orihara kertoo.<\/p>\n<p class=\"article-body mb-nof-24 px-nof-16\">Pirinen toteaa, ett\u00e4 kilpailu on v\u00e4hint\u00e4\u00e4n yht\u00e4 tasokasta my\u00f6s t\u00e4n\u00e4 vuonna.<\/p>\n<p class=\"article-body mb-nof-24 px-nof-16\">\u201dYksi isompi virhe voi tarkoittaa sit\u00e4, ett\u00e4 olet ulkona.\u201d<\/p>\n<p class=\"article-body mb-nof-24 px-nof-16\">\u201dSe ei lis\u00e4\u00e4 painetta, mutta keskittymisen pit\u00e4\u00e4 pysy\u00e4 vahvana.\u201d<\/p>\n<p><img decoding=\"async\" src=\"https:\/\/www.europesays.com\/fi\/wp-content\/uploads\/2026\/01\/1768353435_150_468.jpg\" alt=\"Juho Pirinen (edess\u00e4) johdatti Suomen joukkueen lehdist\u00f6tilaisuudesta kohti l\u00e4ht\u00f6terminaalia.\" class=\"_Img_1rerz_1\" style=\"aspect-ratio:1.5\" loading=\"eager\"\/><\/p>\n<p class=\"article-picture-caption\">Juho Pirinen (edess\u00e4) johdatti Suomen joukkueen lehdist\u00f6tilaisuudesta kohti l\u00e4ht\u00f6terminaalia. Kuva:\u00a0Eeva Valtokari<\/p>\n<p class=\"article-body mb-nof-24 px-nof-16\">Lis\u00e4ksi suomalaisjapanilainen pari toivoo EM-kisojen tunnelman nousevan kattoon.<\/p>\n<p class=\"article-body mb-nof-24 px-nof-16\">\u201dOdotamme hyv\u00e4\u00e4 yleis\u00f6\u00e4, varsinkin j\u00e4\u00e4tanssiin. Britannialla on kaksi hyv\u00e4\u00e4 paria. Toivottavasti areenalle tulee paljon katsojia, tied\u00e4n ett\u00e4 britit osaavat pit\u00e4\u00e4 \u00e4\u00e4nt\u00e4\u201d, Pirinen sanoo.<\/p>\n<p class=\"article-body mb-nof-24 px-nof-16\">My\u00f6sk\u00e4\u00e4n Oriharan ja Pirisen valmistautuminen ei sujunut t\u00e4ysin suunnitelmien mukaan. Marras-joulukuulle mahtui jakso, jolloin pari ei vastoink\u00e4ymisten vuoksi harjoitellut yhdess\u00e4 k\u00e4yt\u00e4nn\u00f6ss\u00e4 lainkaan.<\/p>\n<p class=\"article-body mb-nof-24 px-nof-16\">Harjoitustauoista oli hieman yll\u00e4tt\u00e4en my\u00f6s apua.<\/p>\n<p class=\"article-body mb-nof-24 px-nof-16\">\u201dNormaalisti olen t\u00e4h\u00e4n aikaan vuodesta v\u00e4synyt ja aivan loppu jokaisen l\u00e4pimenon j\u00e4lkeen. T\u00e4n\u00e4 vuonna olen todella palautunut\u201d, Orihara kertoo.<\/p>\n<p class=\"article-body mb-nof-24 px-nof-16\">Pari tuntee olevansa iskukykyinen Sheffieldin EM-areenalla.<\/p>\n<p><img decoding=\"async\" src=\"https:\/\/www.europesays.com\/fi\/wp-content\/uploads\/2026\/01\/1768353435_664_468.jpg\" alt=\"Yuka Orihara on kotoisin Japanista, mutta muutti Suomeen tavoitellakseen unelmiaan j\u00e4\u00e4tanssissa.\" class=\"_Img_1rerz_1\" style=\"aspect-ratio:1.5\" loading=\"eager\"\/><\/p>\n<p class=\"article-picture-caption\">Yuka Orihara on kotoisin Japanista, mutta muutti Suomeen tavoitellakseen unelmiaan j\u00e4\u00e4tanssissa. Kuva:\u00a0Eeva Valtokari<\/p>\n<p class=\"article-body mb-nof-24 px-nof-16\">\u201dMe ehdimme harjoitella kunnolla vasta viime viikolla. Ennen sit\u00e4 ajattelimme, ett\u00e4 katsotaan. Mutta harjoitukset sujuivat todella hyvin,<\/p>\n<p class=\"article-body mb-nof-24 px-nof-16\">\u201dJa jollain ihmeell\u00e4 onnistuimmekin nostamaan tasoa. Olemme innoissamme\u201d, Orihara jatkaa.<\/p>\n<p class=\"article-body mb-nof-24 px-nof-16\">\u201dJa sataprosenttisen valmiita\u201d, Pirinen toteaa.<\/p>\n<p>Fakta<\/p>\n<p>Taitoluistelun EM-kisat, kisaohjelma:Keskiviikko 14.1.<\/p>\n<ul class=\"mb-nof-16 px-nof-16 article-unordered-list unordered-list\">\n<li class=\"unordered-list-item\">\n<p class=\"article-body\">15.00\u201318.00: Pariluistelun lyhytohjelma<\/p>\n<\/li>\n<li class=\"unordered-list-item\">\n<p class=\"article-body\">19.00\u20130.00: Naisten lyhytohjelma (Iida Karhunen)<\/p>\n<\/li>\n<\/ul>\n<p>Torstai 15.1.<\/p>\n<ul class=\"mb-nof-16 px-nof-16 article-unordered-list unordered-list\">\n<li class=\"unordered-list-item\">\n<p class=\"article-body\">15.00\u201320.00: Miesten lyhytohjelma (Matias Lindfors)<\/p>\n<\/li>\n<li class=\"unordered-list-item\">\n<p class=\"article-body\">21.00\u20130.00: Parien vapaaohjelma<\/p>\n<\/li>\n<\/ul>\n<p>Perjantai 16.1.<\/p>\n<ul class=\"mb-nof-16 px-nof-16 article-unordered-list unordered-list\">\n<li class=\"unordered-list-item\">\n<p class=\"article-body\">14.00\u201319.00: J\u00e4\u00e4tanssin rytmitanssi (Turkkila\u2013Versluis, Orihara\u2013Pirinen, Ivanitskiy\u2013Sperry)<\/p>\n<\/li>\n<li class=\"unordered-list-item\">\n<p class=\"article-body\">20.00\u20130.00: Naisten vapaaohjelma (Iida Karhunen?)<\/p>\n<\/li>\n<\/ul>\n<p>Lauantai 17.1.<\/p>\n<ul class=\"mb-nof-16 px-nof-16 article-unordered-list unordered-list\">\n<li class=\"unordered-list-item\">\n<p class=\"article-body\">15.00\u201319.00: Miesten vapaaohjelma (Matias Lindfors?)<\/p>\n<\/li>\n<li class=\"unordered-list-item\">\n<p class=\"article-body\">20.30\u20130.00: J\u00e4\u00e4tanssin vapaatanssi (Turkkila\u2013Versluis, Orihara\u2013Pirinen, Ivanitskiy\u2013Sperry?)<\/p>\n<\/li>\n<\/ul>\n<p>Sunnuntai 18.1.<\/p>\n<ul class=\"mb-nof-16 px-nof-16 article-unordered-list unordered-list\">\n<li class=\"unordered-list-item\">\n<p class=\"article-body\">17.00\u201319.00: Loppun\u00e4yt\u00f6s<\/p>\n<\/li>\n<\/ul>\n<p class=\"article-body mb-nof-24 px-nof-16\">Taitoluistelun EM-kisoja voi seurata Ylen kanavilta.<\/p>\n","protected":false},"excerpt":{"rendered":"Taitoluistelu|Taitoluistelun EM-kilpailut k\u00e4ynnistyv\u00e4t keskiviikkona. Suomalaisodotukset ovat korkealla erityisesti j\u00e4\u00e4tanssissa. Lue tiivistelm\u00e4 Taitoluistelun EM-kilpailut alkavat keskiviikkona Britannian Sheffieldiss\u00e4. Suomen&hellip;\n","protected":false},"author":2,"featured_media":141642,"comment_status":"","ping_status":"","sticky":false,"template":"","format":"standard","meta":{"footnotes":""},"categories":[158],"tags":[33,31,30,46,159,32,160],"class_list":{"0":"post-141641","1":"post","2":"type-post","3":"status-publish","4":"format-standard","5":"has-post-thumbnail","7":"category-urheilu","8":"tag-fi","9":"tag-finland","10":"tag-finnish","11":"tag-helsingin-sanomat","12":"tag-sports","13":"tag-suomi","14":"tag-urheilu"},"share_on_mastodon":{"url":"https:\/\/pubeurope.com\/@fi\/115890817886179825","error":""},"_links":{"self":[{"href":"https:\/\/www.europesays.com\/fi\/wp-json\/wp\/v2\/posts\/141641","targetHints":{"allow":["GET"]}}],"collection":[{"href":"https:\/\/www.europesays.com\/fi\/wp-json\/wp\/v2\/posts"}],"about":[{"href":"https:\/\/www.europesays.com\/fi\/wp-json\/wp\/v2\/types\/post"}],"author":[{"embeddable":true,"href":"https:\/\/www.europesays.com\/fi\/wp-json\/wp\/v2\/users\/2"}],"replies":[{"embeddable":true,"href":"https:\/\/www.europesays.com\/fi\/wp-json\/wp\/v2\/comments?post=141641"}],"version-history":[{"count":0,"href":"https:\/\/www.europesays.com\/fi\/wp-json\/wp\/v2\/posts\/141641\/revisions"}],"wp:featuredmedia":[{"embeddable":true,"href":"https:\/\/www.europesays.com\/fi\/wp-json\/wp\/v2\/media\/141642"}],"wp:attachment":[{"href":"https:\/\/www.europesays.com\/fi\/wp-json\/wp\/v2\/media?parent=141641"}],"wp:term":[{"taxonomy":"category","embeddable":true,"href":"https:\/\/www.europesays.com\/fi\/wp-json\/wp\/v2\/categories?post=141641"},{"taxonomy":"post_tag","embeddable":true,"href":"https:\/\/www.europesays.com\/fi\/wp-json\/wp\/v2\/tags?post=141641"}],"curies":[{"name":"wp","href":"https:\/\/api.w.org\/{rel}","templated":true}]}}